{"id":6140,"date":"2021-04-29T10:39:58","date_gmt":"2021-04-29T13:39:58","guid":{"rendered":"http:\/\/esreviral.com\/?p=6140"},"modified":"2021-04-29T10:39:58","modified_gmt":"2021-04-29T13:39:58","slug":"nombran-a-jose-gregorio-hernandez-copatron-de-los-estudios-en-ciencias-de-la-paz","status":"publish","type":"post","link":"https:\/\/esreviral.com\/?p=6140","title":{"rendered":"Nombran a Jos\u00e9 Gregorio Hern\u00e1ndez copatr\u00f3n de los estudios en Ciencias de la Paz"},"content":{"rendered":"\n<p>El papa Francisco eligi\u00f3 al que ser\u00e1 nuevo beato venezolano Jos\u00e9 Gregorio Hern\u00e1ndez Cisneros para ser copatr\u00f3n del nuevo ciclo de Estudios en Ciencias de la Paz de la Universidad Lateranense, inform\u00f3 este jueves el Vaticano.<\/p>\n\n\n\n<p>El Papa acogi\u00f3 la petici\u00f3n en este sentido realizada por el cardenal venezolano\u00a0Baltazar Porras Cardozo, a\u00f1adi\u00f3 el Vaticano, en v\u00edsperas de la\u00a0beatificaci\u00f3n\u00a0del M\u00e9dico de los pobres (1864-1919), que se celebrar\u00e1 el viernes en Caracas.<\/p>\n\n\n\n<p>El beato Juan de la Paz, franciscano del siglo XIII, hab\u00eda sido elegido por el Papa en noviembre de 2018 como patr\u00f3n del nuevo ciclo de Estudios en Ciencias de la Paz de la Universidad Lateranense y a \u00e9l se a\u00f1adir\u00e1 ahora el m\u00e9dico venezolano.<\/p>\n\n\n\n<p>El rito ser\u00e1 presidido en Caracas por el nuncio apost\u00f3lico en Venezuela, arzobispo Aldo Giordano, despu\u00e9s de que la presencia del secretario de Estado, Pietro Parolin, fuera cancelada \u00abpor causas de fuerza mayor, especialmente relacionadas con la pandemia covid-19\u00bb, anunci\u00f3 este mi\u00e9rcoles el Vaticano..<\/p>\n\n\n\n<p>El sustituto de la Secretar\u00eda de Estado, el tambi\u00e9n venezolano arzobispo Edgar Pe\u00f1a Parra, presidir\u00e1 la misa de acci\u00f3n de gracias en Roma, en la parroquia de Santa Maria ai Monti, el domingo 2 de mayo a las 16.00 horas, para la comunidad venezolana residente en la capital.<\/p>\n\n\n\n<p class=\"has-text-align-right\"><strong><em>El Nacional.-<\/em><\/strong><\/p>\n","protected":false},"excerpt":{"rendered":"<p>El papa Francisco eligi\u00f3 al que ser\u00e1 nuevo beato venezolano Jos\u00e9 Gregorio Hern\u00e1ndez Cisneros para ser copatr\u00f3n del nuevo ciclo de Estudios en Ciencias de la Paz de la Universidad Lateranense, inform\u00f3 este jueves el Vaticano. El Papa acogi\u00f3 la petici\u00f3n en este sentido realizada por el cardenal venezolano\u00a0Baltazar Porras Cardozo, a\u00f1adi\u00f3 el Vaticano, en [&hellip;]<\/p>\n","protected":false},"author":2,"featured_media":6141,"comment_status":"open","ping_status":"open","sticky":false,"template":"","format":"standard","meta":{"jnews-multi-image_gallery":[],"jnews_single_post":[],"jnews_primary_category":[],"jnews_social_meta":[],"jnews_review":[],"enable_review":"","type":"","name":"","summary":"","brand":"","sku":"","good":[],"bad":[],"score_override":"","override_value":"","rating":[],"price":[],"jnews_override_counter":[],"jnews_post_split":[],"footnotes":""},"categories":[66],"tags":[747,120,748,56],"class_list":["post-6140","post","type-post","status-publish","format-standard","has-post-thumbnail","hentry","category-venezuela","tag-beatificacion","tag-beato","tag-jose-gregorio-hernandez-2","tag-venezuela"],"amp_enabled":true,"_links":{"self":[{"href":"https:\/\/esreviral.com\/index.php?rest_route=\/wp\/v2\/posts\/6140"}],"collection":[{"href":"https:\/\/esreviral.com\/index.php?rest_route=\/wp\/v2\/posts"}],"about":[{"href":"https:\/\/esreviral.com\/index.php?rest_route=\/wp\/v2\/types\/post"}],"author":[{"embeddable":true,"href":"https:\/\/esreviral.com\/index.php?rest_route=\/wp\/v2\/users\/2"}],"replies":[{"embeddable":true,"href":"https:\/\/esreviral.com\/index.php?rest_route=%2Fwp%2Fv2%2Fcomments&post=6140"}],"version-history":[{"count":0,"href":"https:\/\/esreviral.com\/index.php?rest_route=\/wp\/v2\/posts\/6140\/revisions"}],"wp:featuredmedia":[{"embeddable":true,"href":"https:\/\/esreviral.com\/index.php?rest_route=\/"}],"wp:attachment":[{"href":"https:\/\/esreviral.com\/index.php?rest_route=%2Fwp%2Fv2%2Fmedia&parent=6140"}],"wp:term":[{"taxonomy":"category","embeddable":true,"href":"https:\/\/esreviral.com\/index.php?rest_route=%2Fwp%2Fv2%2Fcategories&post=6140"},{"taxonomy":"post_tag","embeddable":true,"href":"https:\/\/esreviral.com\/index.php?rest_route=%2Fwp%2Fv2%2Ftags&post=6140"}],"curies":[{"name":"wp","href":"https:\/\/api.w.org\/{rel}","templated":true}]}}