{"id":61363,"date":"2024-09-26T06:03:51","date_gmt":"2024-09-26T11:03:51","guid":{"rendered":"https:\/\/esreviral.com\/?p=61363"},"modified":"2024-09-26T06:03:52","modified_gmt":"2024-09-26T11:03:52","slug":"delincuente-extranjero-expulsado-de-argentina-tras-entrar-a-robar-a-una-casa","status":"publish","type":"post","link":"https:\/\/esreviral.com\/?p=61363","title":{"rendered":"Delincuente extranjero expulsado de Argentina tras entrar a robar a una casa"},"content":{"rendered":"\n<p>Un&nbsp;<strong>delincuente chileno<\/strong>&nbsp;fue expulsado este mi\u00e9rcoles de la Argentina tras ser detenido por la&nbsp;<strong>Polic\u00eda de la Ciudad de Buenos Aires,&nbsp;<\/strong>tras ingresar a robar en una casa del barrio de&nbsp;<strong>Saavedra<\/strong>.<\/p>\n\n\n\n<p>\u201cNo vamos a tolerar que vengan extranjeros a delinquir:&nbsp;<strong>extranjero que delinque es expulsado, vuelve a su pa\u00eds&nbsp;<\/strong>de manera r\u00e1pida. No tenemos por qu\u00e9 hacernos cargo de cuidarlos o tenerlos detenidos. Vinimos a ordenar la ciudad y dar seguridad\u201d, afirm\u00f3 el jefe de Gobierno porte\u00f1o, Jorge Macri.<\/p>\n\n\n\n<p>El\u00a0<strong>13 de septiembre<\/strong>,\u00a0<strong>Aron Gustavo Parrapino<\/strong>, un ciudadano chileno de\u00a0<strong>19 a\u00f1os<\/strong> de edad, fue detenido en la intersecci\u00f3n de\u00a0<strong>Miller y Correa<\/strong>, tras la denuncia de un vecino que report\u00f3 que el joven hab\u00eda ingresado a su casa en\u00a0<strong>Besares al 4500.<\/strong>\u00a0<strong>\u201cEl de gris entr\u00f3 a mi casa\u201d<\/strong>, relat\u00f3 el denunciante.<\/p>\n\n\n\n<p>Durante la requisa, ante testigos, la polic\u00eda le incaut\u00f3&nbsp;<strong>12 tarjetas de d\u00e9bito<\/strong>&nbsp;a nombre de la madre del damnificado,&nbsp;<strong>30 pesos uruguayos<\/strong>,&nbsp;<strong>13.100 pesos argentinos<\/strong>&nbsp;y hasta&nbsp;<strong>6 australes<\/strong>.<\/p>\n\n\n\n<figure class=\"wp-block-embed is-type-video is-provider-youtube wp-block-embed-youtube wp-embed-aspect-16-9 wp-has-aspect-ratio\"><div class=\"wp-block-embed__wrapper\">\n<div class=\"jeg_video_container jeg_video_content\"><iframe title=\"2024 09 25 Deportacion de chileno\" width=\"500\" height=\"281\" src=\"https:\/\/www.youtube.com\/embed\/e0HiURjYzcE?feature=oembed\" frameborder=\"0\" allow=\"accelerometer; autoplay; clipboard-write; encrypted-media; gyroscope; picture-in-picture; web-share\" referrerpolicy=\"strict-origin-when-cross-origin\" allowfullscreen><\/iframe><\/div>\n<\/div><\/figure>\n\n\n\n<p>El&nbsp;<strong>ministro de Seguridad porte\u00f1o, Waldo Wolff<\/strong>, tambi\u00e9n se pronunci\u00f3 sobre el caso:&nbsp;<strong>\u201cVisitar la Ciudad, s\u00ed. Trabajar en la Ciudad, s\u00ed. Venir a delinquir, no. Al extranjero que delinque, lo queremos afuera\u201d<\/strong>.<\/p>\n\n\n\n<p>Wolff agreg\u00f3 que continuar\u00e1n trabajando con la\u00a0<strong>justicia<\/strong>\u00a0y\u00a0<strong>Migraciones<\/strong>\u00a0para\u00a0<strong>acelerar los procesos de expulsi\u00f3n<\/strong>\u00a0de quienes cometan delitos, prohibiendo su reingreso a Argentina.<\/p>\n\n\n\n<figure class=\"wp-block-image size-large\"><img fetchpriority=\"high\" decoding=\"async\" width=\"1024\" height=\"683\" src=\"https:\/\/esreviral.com\/wp-content\/uploads\/2024\/09\/AnyConv.com__WhatsApp-Image-2024-09-25-at-8.22.48-PM-1-1024x683.webp\" alt=\"\" class=\"wp-image-61365\" srcset=\"https:\/\/esreviral.com\/wp-content\/uploads\/2024\/09\/AnyConv.com__WhatsApp-Image-2024-09-25-at-8.22.48-PM-1-1024x683.webp 1024w, https:\/\/esreviral.com\/wp-content\/uploads\/2024\/09\/AnyConv.com__WhatsApp-Image-2024-09-25-at-8.22.48-PM-1-300x200.webp 300w, https:\/\/esreviral.com\/wp-content\/uploads\/2024\/09\/AnyConv.com__WhatsApp-Image-2024-09-25-at-8.22.48-PM-1-768x512.webp 768w, https:\/\/esreviral.com\/wp-content\/uploads\/2024\/09\/AnyConv.com__WhatsApp-Image-2024-09-25-at-8.22.48-PM-1-1536x1024.webp 1536w, https:\/\/esreviral.com\/wp-content\/uploads\/2024\/09\/AnyConv.com__WhatsApp-Image-2024-09-25-at-8.22.48-PM-1-750x500.webp 750w, https:\/\/esreviral.com\/wp-content\/uploads\/2024\/09\/AnyConv.com__WhatsApp-Image-2024-09-25-at-8.22.48-PM-1-1140x760.webp 1140w, https:\/\/esreviral.com\/wp-content\/uploads\/2024\/09\/AnyConv.com__WhatsApp-Image-2024-09-25-at-8.22.48-PM-1.webp 1599w\" sizes=\"(max-width: 1024px) 100vw, 1024px\" \/><\/figure>\n\n\n\n<p>El denunciante reconoci\u00f3 los objetos secuestrados como propios y mencion\u00f3 que su madre hab\u00eda perdido las llaves de la casa ese mismo d\u00eda. Aunque no se encontraron da\u00f1os en el domicilio, estaba todo revuelto, lo que sugiere que el delincuente ingres\u00f3 sin forzar la entrada.<\/p>\n\n\n\n<p>El caso qued\u00f3 a cargo de la&nbsp;<strong>Fiscal\u00eda de Saavedra-N\u00fa\u00f1ez<\/strong>, bajo la direcci\u00f3n del&nbsp;<strong>Dr. Jos\u00e9 Mar\u00eda Campagnoli<\/strong>, quien orden\u00f3 la&nbsp;<strong>detenci\u00f3n<\/strong>&nbsp;y el&nbsp;<strong>secuestro de los elementos<\/strong>.<\/p>\n\n\n\n<p>Menos de dos semanas despu\u00e9s del incidente, la&nbsp;<strong>Direcci\u00f3n Nacional de Migraciones<\/strong>&nbsp;resolvi\u00f3 la&nbsp;<strong>expulsi\u00f3n de Parrapino<\/strong>&nbsp;y prohibi\u00f3 su reingreso al pa\u00eds. El delincuente fue trasladado al&nbsp;<strong>Aeroparque Jorge Newbery<\/strong>, donde abord\u00f3 un vuelo con destino a&nbsp;<strong>Santiago de Chile<\/strong>.<\/p>\n\n\n\n<p class=\"has-text-align-center\"><em><strong><em><strong><em><strong><a href=\"https:\/\/t.me\/esreviral\">\u00daNETE A NUESTRO CANAL DE TELEGRAM PARA ESTAR INFORMADO<\/a><\/strong><\/em><\/strong><\/em><\/strong><\/em><\/p>\n\n\n\n<p class=\"has-text-align-center\"><em><strong><a href=\"https:\/\/whatsapp.com\/channel\/0029VaAz7PmBKfhwZ5V3Gk2t\"><em>\u00daNETE A NUESTRO CANAL DE WHATSAPP PARA ESTAR INFORMADO<\/em><\/a><\/strong><\/em><\/p>\n","protected":false},"excerpt":{"rendered":"<p>Tras ser detenido por la Polic\u00eda de la Ciudad por entrar a robar en una casa de Saavedra, un delincuente de nacionalidad chilena fue expulsado hoy del pa\u00eds.<\/p>\n","protected":false},"author":3,"featured_media":61364,"comment_status":"closed","ping_status":"closed","sticky":false,"template":"","format":"standard","meta":{"jnews-multi-image_gallery":[],"jnews_single_post":{"subtitle":"","format":"standard","video":"","gallery":"","source_name":"","source_url":"","via_name":"","via_url":"","override_template":"0","override":[{"template":"4","single_blog_custom":"","parallax":"1","fullscreen":"1","layout":"right-sidebar","sidebar":"new-widget-area","second_sidebar":"default-sidebar","sticky_sidebar":"1","share_position":"top","share_float_style":"share-monocrhome","show_share_counter":"1","show_view_counter":"1","show_featured":"1","show_post_meta":"1","show_post_author":"1","show_post_author_image":"1","show_post_date":"1","post_date_format":"default","post_date_format_custom":"Y\/m\/d","show_post_category":"1","show_post_reading_time":"1","post_reading_time_wpm":"300","show_zoom_button":"1","zoom_button_out_step":"2","zoom_button_in_step":"3","show_post_tag":"1","show_prev_next_post":"1","show_popup_post":"1","number_popup_post":"1","show_author_box":"1","show_post_related":"1","show_inline_post_related":"0"}],"override_image_size":"0","image_override":[{"single_post_thumbnail_size":"crop-500","single_post_gallery_size":"crop-500"}],"trending_post":"0","trending_post_position":"meta","trending_post_label":"Trending","sponsored_post":"0","sponsored_post_label":"Sponsored by","sponsored_post_name":"","sponsored_post_url":"","sponsored_post_logo_enable":"0","sponsored_post_logo":"","sponsored_post_desc":"","disable_ad":"0"},"jnews_primary_category":{"id":"","hide":""},"jnews_social_meta":{"fb_title":"","fb_description":"","fb_image":"","twitter_title":"","twitter_description":"","twitter_image":""},"jnews_review":[],"enable_review":"0","type":"percentage","name":"","summary":"","brand":"","sku":"","good":[{"good_text":""}],"bad":[{"bad_text":""}],"score_override":"","override_value":"","rating":[{"rating_text":"","rating_number":"10"}],"price":[{"shop":"","price":"","link":"","icon":""}],"jnews_override_counter":{"override_view_counter":"0","view_counter_number":"0","override_share_counter":"0","share_counter_number":"0","override_like_counter":"0","like_counter_number":"0","override_dislike_counter":"0","dislike_counter_number":"0"},"jnews_post_split":{"enable_post_split":"0","post_split":[{"template":"1","tag":"h2","numbering":"asc","mode":"normal","first":"0","enable_toc":"0","toc_type":"normal"}]},"footnotes":""},"categories":[58,64],"tags":[44,468,1167,13664,15596,1327,45,1469,130,7866,5953],"class_list":["post-61363","post","type-post","status-publish","format-standard","has-post-thumbnail","hentry","category-argentina","category-sucesos","tag-argentina","tag-caba","tag-delincuente","tag-delincuente-chileno","tag-expulsado","tag-jorge-macri","tag-noticias","tag-policia-de-la-ciudad","tag-robo","tag-saavedra","tag-waldo-wolff"],"amp_enabled":true,"_links":{"self":[{"href":"https:\/\/esreviral.com\/index.php?rest_route=\/wp\/v2\/posts\/61363"}],"collection":[{"href":"https:\/\/esreviral.com\/index.php?rest_route=\/wp\/v2\/posts"}],"about":[{"href":"https:\/\/esreviral.com\/index.php?rest_route=\/wp\/v2\/types\/post"}],"author":[{"embeddable":true,"href":"https:\/\/esreviral.com\/index.php?rest_route=\/wp\/v2\/users\/3"}],"replies":[{"embeddable":true,"href":"https:\/\/esreviral.com\/index.php?rest_route=%2Fwp%2Fv2%2Fcomments&post=61363"}],"version-history":[{"count":0,"href":"https:\/\/esreviral.com\/index.php?rest_route=\/wp\/v2\/posts\/61363\/revisions"}],"wp:featuredmedia":[{"embeddable":true,"href":"https:\/\/esreviral.com\/index.php?rest_route=\/wp\/v2\/media\/61364"}],"wp:attachment":[{"href":"https:\/\/esreviral.com\/index.php?rest_route=%2Fwp%2Fv2%2Fmedia&parent=61363"}],"wp:term":[{"taxonomy":"category","embeddable":true,"href":"https:\/\/esreviral.com\/index.php?rest_route=%2Fwp%2Fv2%2Fcategories&post=61363"},{"taxonomy":"post_tag","embeddable":true,"href":"https:\/\/esreviral.com\/index.php?rest_route=%2Fwp%2Fv2%2Ftags&post=61363"}],"curies":[{"name":"wp","href":"https:\/\/api.w.org\/{rel}","templated":true}]}}