{"id":61349,"date":"2024-09-25T16:54:09","date_gmt":"2024-09-25T21:54:09","guid":{"rendered":"https:\/\/esreviral.com\/?p=61349"},"modified":"2024-09-25T16:54:10","modified_gmt":"2024-09-25T21:54:10","slug":"envideo-detuvieron-a-sujeto-que-amenazo-con-dispararle-a-milei","status":"publish","type":"post","link":"https:\/\/esreviral.com\/?p=61349","title":{"rendered":"#ENVIDEO Detuvieron a sujeto que amenaz\u00f3 con dispararle a Milei"},"content":{"rendered":"\n<p>La Polic\u00eda Federal Argentina (PFA) detuvo este mi\u00e9rcoles a un hombre de 32 a\u00f1os de edad, por supuestamente h<strong>aber amenazado al presidente del pa\u00eds, Javier Milei,<\/strong> con dispararle a la cabeza, seg\u00fan inform\u00f3 el Ministerio de Seguridad argentino.<\/p>\n\n\n\n<p>Las amenazas a Milei fueron proferidas en un video publicado en la red social X el 12 de junio pasado, cuando el periodista Tom\u00e1s D\u00edaz Cueto comparti\u00f3 una entrevista con el imputado: <strong>\u00abLe voy a dar un tiro, un \u2018cuetazo\u2019 en la cabeza, me voy a tomar 10 Rivotril y le voy a romper un tiro en la cabeza con .44 Magnum, .22 Magnum, lo que sea. Pusimos fierro de esos para apachurrarlo. Tac, pum\u00bb.<\/strong><\/p>\n\n\n\n<p>En la madrugada de este mi\u00e9rcoles, la PFA detuvo al hombre en una vivienda de la localidad de Gonz\u00e1lez Cat\u00e1n, en la provincia de Buenos Aires, en el marco de la causa judicial que investiga las amenazas al presidente argentino.<\/p>\n\n\n\n<p>En el registro de la vivienda del detenido, los efectivos de la Divisi\u00f3n Delitos Constitucionales de la Superintendencia de Investigaciones Federales <strong>secuestraron pastillas de Clonazepam.<\/strong><\/p>\n\n\n\n<p>El hombre fue trasladado a una dependencia bajo la condici\u00f3n de incomunicado y los elementos secuestrados quedaron a disposici\u00f3n de la Justicia.<\/p>\n\n\n\n<p>La ministra de Seguridad, Patricia Bullrich, celebr\u00f3 la detenci\u00f3n en su cuenta de X: <strong>\u00abAmenaz\u00f3 al presidente de la naci\u00f3n: a la c\u00e1rcel\u00bb.<\/strong><\/p>\n\n\n\n<p>\u00abQue lo tengan bien clarito: la Argentina de hacer lo que se nos da la gana, \u2018total no pasa nada\u2019, se termin\u00f3. Ley y orden. El que las hace, las paga\u00bb, afirm\u00f3 la ministra.<\/p>\n\n\n\n<blockquote class=\"twitter-tweet\" data-media-max-width=\"560\"><p lang=\"es\" dir=\"ltr\">AMENAZ\u00d3 AL PRESIDENTE DE LA NACI\u00d3N: A LA C\u00c1RCEL<br><br>\u00bfSe acuerdan de un video que sali\u00f3 por las redes de un hombre que amenaz\u00f3 al Presidente <a href=\"https:\/\/twitter.com\/JMilei?ref_src=twsrc%5Etfw\">@JMilei<\/a> diciendo &quot;Me voy a tomar 10 rivotril y le voy a dar un tiro en la cabeza&quot;? Esta madrugada este delincuente fue atrapado por la PFA.\u2026 <a href=\"https:\/\/t.co\/1uwkZ3LMiR\">pic.twitter.com\/1uwkZ3LMiR<\/a><\/p>&mdash; Patricia Bullrich (@PatoBullrich) <a href=\"https:\/\/twitter.com\/PatoBullrich\/status\/1838964535606018327?ref_src=twsrc%5Etfw\">September 25, 2024<\/a><\/blockquote> <script async src=\"https:\/\/platform.twitter.com\/widgets.js\" charset=\"utf-8\"><\/script>\n","protected":false},"excerpt":{"rendered":"<p>La Polic\u00eda Federal Argentina (PFA) detuvo este mi\u00e9rcoles a un hombre de 32 a\u00f1os de edad, por supuestamente haber amenazado al presidente del pa\u00eds, Javier Milei, con dispararle a la cabeza, seg\u00fan inform\u00f3 el Ministerio de Seguridad argentino. Las amenazas a Milei fueron proferidas en un video publicado en la red social X el 12 [&hellip;]<\/p>\n","protected":false},"author":2,"featured_media":61353,"comment_status":"closed","ping_status":"closed","sticky":false,"template":"","format":"standard","meta":{"jnews-multi-image_gallery":[],"jnews_single_post":{"subtitle":"","format":"standard","video":"","gallery":"","source_name":"","source_url":"","via_name":"","via_url":"","override_template":"0","override":[{"template":"4","single_blog_custom":"","parallax":"1","fullscreen":"1","layout":"right-sidebar","sidebar":"new-widget-area","second_sidebar":"default-sidebar","sticky_sidebar":"1","share_position":"top","share_float_style":"share-monocrhome","show_share_counter":"1","show_view_counter":"1","show_featured":"1","show_post_meta":"1","show_post_author":"1","show_post_author_image":"1","show_post_date":"1","post_date_format":"default","post_date_format_custom":"Y\/m\/d","show_post_category":"1","show_post_reading_time":"1","post_reading_time_wpm":"300","show_zoom_button":"1","zoom_button_out_step":"2","zoom_button_in_step":"3","show_post_tag":"1","show_prev_next_post":"1","show_popup_post":"1","number_popup_post":"1","show_author_box":"1","show_post_related":"1","show_inline_post_related":"0"}],"override_image_size":"0","image_override":[{"single_post_thumbnail_size":"crop-500","single_post_gallery_size":"crop-500"}],"trending_post":"0","trending_post_position":"meta","trending_post_label":"Trending","sponsored_post":"0","sponsored_post_label":"Sponsored by","sponsored_post_name":"","sponsored_post_url":"","sponsored_post_logo_enable":"0","sponsored_post_logo":"","sponsored_post_desc":"","disable_ad":"0"},"jnews_primary_category":{"id":"","hide":""},"jnews_social_meta":{"fb_title":"","fb_description":"","fb_image":"","twitter_title":"","twitter_description":"","twitter_image":""},"jnews_review":[],"enable_review":"0","type":"percentage","name":"","summary":"","brand":"","sku":"","good":[{"good_text":""}],"bad":[{"bad_text":""}],"score_override":"","override_value":"","rating":[{"rating_text":"","rating_number":"10"}],"price":[{"shop":"","price":"","link":"","icon":""}],"jnews_override_counter":{"override_view_counter":"0","view_counter_number":"0","override_share_counter":"0","share_counter_number":"0","override_like_counter":"0","like_counter_number":"0","override_dislike_counter":"0","dislike_counter_number":"0"},"jnews_post_split":{"enable_post_split":"0","post_split":[{"template":"1","tag":"h2","numbering":"asc","mode":"normal","first":"0","enable_toc":"0","toc_type":"normal"}]},"footnotes":""},"categories":[64],"tags":[44,1251,45,391],"class_list":["post-61349","post","type-post","status-publish","format-standard","has-post-thumbnail","hentry","category-sucesos","tag-argentina","tag-milei","tag-noticias","tag-patricia-bullrich"],"amp_enabled":true,"_links":{"self":[{"href":"https:\/\/esreviral.com\/index.php?rest_route=\/wp\/v2\/posts\/61349"}],"collection":[{"href":"https:\/\/esreviral.com\/index.php?rest_route=\/wp\/v2\/posts"}],"about":[{"href":"https:\/\/esreviral.com\/index.php?rest_route=\/wp\/v2\/types\/post"}],"author":[{"embeddable":true,"href":"https:\/\/esreviral.com\/index.php?rest_route=\/wp\/v2\/users\/2"}],"replies":[{"embeddable":true,"href":"https:\/\/esreviral.com\/index.php?rest_route=%2Fwp%2Fv2%2Fcomments&post=61349"}],"version-history":[{"count":0,"href":"https:\/\/esreviral.com\/index.php?rest_route=\/wp\/v2\/posts\/61349\/revisions"}],"wp:featuredmedia":[{"embeddable":true,"href":"https:\/\/esreviral.com\/index.php?rest_route=\/wp\/v2\/media\/61353"}],"wp:attachment":[{"href":"https:\/\/esreviral.com\/index.php?rest_route=%2Fwp%2Fv2%2Fmedia&parent=61349"}],"wp:term":[{"taxonomy":"category","embeddable":true,"href":"https:\/\/esreviral.com\/index.php?rest_route=%2Fwp%2Fv2%2Fcategories&post=61349"},{"taxonomy":"post_tag","embeddable":true,"href":"https:\/\/esreviral.com\/index.php?rest_route=%2Fwp%2Fv2%2Ftags&post=61349"}],"curies":[{"name":"wp","href":"https:\/\/api.w.org\/{rel}","templated":true}]}}