{"id":61343,"date":"2024-09-26T06:16:20","date_gmt":"2024-09-26T11:16:20","guid":{"rendered":"https:\/\/esreviral.com\/?p=61343"},"modified":"2024-09-26T06:20:32","modified_gmt":"2024-09-26T11:20:32","slug":"envideo-dos-detenidos-mientras-saqueaban-autos-estacionados","status":"publish","type":"post","link":"https:\/\/esreviral.com\/?p=61343","title":{"rendered":"\u00a1#EnVideo! Dos Detenidos por saquear autos estacionados"},"content":{"rendered":"\n<p>Personal de la Comisar\u00eda Vecinal 13 C que se encontraba recorriendo el barrio de Colegiales, al llegar a la esquina de las calles Freire y Maure observ\u00f3 a dos sujetos que caminaban en direcci\u00f3n al Barrio Fraga portando bolsas de consorcio con elementos aparentemente pesados, lo que les dificultaba caminar.<\/p>\n\n\n\n<p>Sospechando que podr\u00eda tratarse de un il\u00edcito, los oficiales activaron las sirenas sonoras del patrullero y les solicitaron a los sospechosos que detuvieran su marcha para ser identificados.<\/p>\n\n\n\n<p class=\"has-text-align-center\"><strong><em><strong><a href=\"https:\/\/t.me\/esreviral\">\u00daNETE A NUESTRO CANAL DE TELEGRAM PARA ESTAR INFORMADO<\/a><\/strong><\/em><\/strong><\/p>\n\n\n\n<figure class=\"wp-block-embed is-type-video is-provider-youtube wp-block-embed-youtube wp-embed-aspect-16-9 wp-has-aspect-ratio\"><div class=\"wp-block-embed__wrapper\">\n<div class=\"jeg_video_container jeg_video_content\"><iframe title=\"2024 09 23 Robaban pertenencias de autos estacionados y fueron detenidos en Colegiales G2024-0718\" width=\"500\" height=\"281\" src=\"https:\/\/www.youtube.com\/embed\/sw-2tYtZpYs?feature=oembed\" frameborder=\"0\" allow=\"accelerometer; autoplay; clipboard-write; encrypted-media; gyroscope; picture-in-picture; web-share\" referrerpolicy=\"strict-origin-when-cross-origin\" allowfullscreen><\/iframe><\/div>\n<\/div><\/figure>\n\n\n\n<p>En ese momento, los dos individuos arrojaron los elementos y salieron corriendo en distintas direcciones.<\/p>\n\n\n\n<p>De inmediato se irradi\u00f3 la alerta correspondiente y se estableci\u00f3 un operativo cerrojo que culmin\u00f3 con la detenci\u00f3n de los dos pr\u00f3fugos.<\/p>\n\n\n\n<p>Luego de identificarlos se corrobor\u00f3 que uno de ellos era menor de edad y que ambos<strong> contaban con antecedentes por robar los elementos del interior de los veh\u00edculos en la v\u00eda p\u00fablica en al menos siete oportunidades<\/strong>, en uno de ellos, la v\u00edctima fue una periodista de un canal de noticias.<\/p>\n\n\n\n<p>Los implicados utilizaban siempre el mismo modus operandi, se escudaban detr\u00e1s de contenedores de residuos, da\u00f1aban los vidrios de los autom\u00f3viles y sustra\u00edan los elementos del interior de los mismos.<\/p>\n\n\n\n<figure class=\"wp-block-image size-large\"><img fetchpriority=\"high\" decoding=\"async\" width=\"768\" height=\"1024\" src=\"https:\/\/esreviral.com\/wp-content\/uploads\/2024\/09\/AnyConv.com__WhatsApp-Image-2024-09-25-at-6.27.20-PM-768x1024.webp\" alt=\"\" class=\"wp-image-61344\" srcset=\"https:\/\/esreviral.com\/wp-content\/uploads\/2024\/09\/AnyConv.com__WhatsApp-Image-2024-09-25-at-6.27.20-PM-768x1024.webp 768w, https:\/\/esreviral.com\/wp-content\/uploads\/2024\/09\/AnyConv.com__WhatsApp-Image-2024-09-25-at-6.27.20-PM-225x300.webp 225w, https:\/\/esreviral.com\/wp-content\/uploads\/2024\/09\/AnyConv.com__WhatsApp-Image-2024-09-25-at-6.27.20-PM-1152x1536.webp 1152w, https:\/\/esreviral.com\/wp-content\/uploads\/2024\/09\/AnyConv.com__WhatsApp-Image-2024-09-25-at-6.27.20-PM-750x1000.webp 750w, https:\/\/esreviral.com\/wp-content\/uploads\/2024\/09\/AnyConv.com__WhatsApp-Image-2024-09-25-at-6.27.20-PM-1140x1520.webp 1140w, https:\/\/esreviral.com\/wp-content\/uploads\/2024\/09\/AnyConv.com__WhatsApp-Image-2024-09-25-at-6.27.20-PM.webp 1200w\" sizes=\"(max-width: 768px) 100vw, 768px\" \/><\/figure>\n\n\n\n<p>Por tal motivo, se realizaron rastrillajes en la zona, hasta la calle Zapiola al 800 encontraron un Ford Fiesta estacionado detr\u00e1s de un contenedor que ten\u00eda la luneta trasera estallada.<\/p>\n\n\n\n<p>A los pocos minutos se hizo presente la propietaria quien reconoci\u00f3 los elementos secuestrados como suyos.<\/p>\n\n\n\n<p>El Juzgado Nacional en lo Criminal y Correccional de Menores N\u00ba 5 a cargo del Dr. Oliver De Tezano ante la Secretar\u00eda N\u00ba 13 de la Dra. Amalia Fontinovo que dispuso la detenci\u00f3n de los imputados y la devoluci\u00f3n de los objetos a la damnificada.<\/p>\n\n\n\n<figure class=\"wp-block-image size-large\"><img decoding=\"async\" width=\"1024\" height=\"768\" src=\"https:\/\/esreviral.com\/wp-content\/uploads\/2024\/09\/AnyConv.com__WhatsApp-Image-2024-09-25-at-6.27.19-PM-1-1024x768.webp\" alt=\"\" class=\"wp-image-61346\" srcset=\"https:\/\/esreviral.com\/wp-content\/uploads\/2024\/09\/AnyConv.com__WhatsApp-Image-2024-09-25-at-6.27.19-PM-1-1024x768.webp 1024w, https:\/\/esreviral.com\/wp-content\/uploads\/2024\/09\/AnyConv.com__WhatsApp-Image-2024-09-25-at-6.27.19-PM-1-300x225.webp 300w, https:\/\/esreviral.com\/wp-content\/uploads\/2024\/09\/AnyConv.com__WhatsApp-Image-2024-09-25-at-6.27.19-PM-1-768x576.webp 768w, https:\/\/esreviral.com\/wp-content\/uploads\/2024\/09\/AnyConv.com__WhatsApp-Image-2024-09-25-at-6.27.19-PM-1-1536x1152.webp 1536w, https:\/\/esreviral.com\/wp-content\/uploads\/2024\/09\/AnyConv.com__WhatsApp-Image-2024-09-25-at-6.27.19-PM-1-750x563.webp 750w, https:\/\/esreviral.com\/wp-content\/uploads\/2024\/09\/AnyConv.com__WhatsApp-Image-2024-09-25-at-6.27.19-PM-1-1140x855.webp 1140w, https:\/\/esreviral.com\/wp-content\/uploads\/2024\/09\/AnyConv.com__WhatsApp-Image-2024-09-25-at-6.27.19-PM-1.webp 1600w\" sizes=\"(max-width: 1024px) 100vw, 1024px\" \/><\/figure>\n\n\n\n<p>Se labraron actuaciones por \u201crobo agravado de rodado en la v\u00eda p\u00fablica\u201d.<\/p>\n\n\n\n<p class=\"has-text-align-center\"><strong><a href=\"https:\/\/whatsapp.com\/channel\/0029VaAz7PmBKfhwZ5V3Gk2t\"><em>\u00daNETE A NUESTRO CANAL DE WHATSAPP PARA ESTAR INFORMADO<\/em><\/a><\/strong><\/p>\n\n\n\n<p class=\"has-text-align-right\"><strong><em>Prensa polic\u00eda de CABA.-<\/em><\/strong><\/p>\n\n\n\n<p><\/p>\n","protected":false},"excerpt":{"rendered":"<p>La Polic\u00eda de la Ciudad detuvo a dos delincuentes, uno de ellos menor de edad, tras haber cometido numerosos robos en veh\u00edculos estacionados, entre ellos, el de una periodista de un canal de noticias.<\/p>\n","protected":false},"author":3,"featured_media":61347,"comment_status":"closed","ping_status":"closed","sticky":false,"template":"","format":"standard","meta":{"jnews-multi-image_gallery":[],"jnews_single_post":{"subtitle":"","format":"standard","video":"","gallery":"","source_name":"","source_url":"","via_name":"","via_url":"","override_template":"0","override":[{"template":"4","single_blog_custom":"","parallax":"1","fullscreen":"1","layout":"right-sidebar","sidebar":"new-widget-area","second_sidebar":"default-sidebar","sticky_sidebar":"1","share_position":"top","share_float_style":"share-monocrhome","show_share_counter":"1","show_view_counter":"1","show_featured":"1","show_post_meta":"1","show_post_author":"1","show_post_author_image":"1","show_post_date":"1","post_date_format":"default","post_date_format_custom":"Y\/m\/d","show_post_category":"1","show_post_reading_time":"1","post_reading_time_wpm":"300","show_zoom_button":"1","zoom_button_out_step":"2","zoom_button_in_step":"3","show_post_tag":"1","show_prev_next_post":"1","show_popup_post":"1","number_popup_post":"1","show_author_box":"1","show_post_related":"1","show_inline_post_related":"0"}],"override_image_size":"0","image_override":[{"single_post_thumbnail_size":"crop-500","single_post_gallery_size":"crop-500"}],"trending_post":"0","trending_post_position":"meta","trending_post_label":"Trending","sponsored_post":"0","sponsored_post_label":"Sponsored by","sponsored_post_name":"","sponsored_post_url":"","sponsored_post_logo_enable":"0","sponsored_post_logo":"","sponsored_post_desc":"","disable_ad":"0"},"jnews_primary_category":{"id":"","hide":""},"jnews_social_meta":{"fb_title":"","fb_description":"","fb_image":"","twitter_title":"","twitter_description":"","twitter_image":""},"jnews_review":[],"enable_review":"0","type":"percentage","name":"","summary":"","brand":"","sku":"","good":[{"good_text":""}],"bad":[{"bad_text":""}],"score_override":"","override_value":"","rating":[{"rating_text":"","rating_number":"10"}],"price":[{"shop":"","price":"","link":"","icon":""}],"jnews_override_counter":{"override_view_counter":"0","view_counter_number":"0","override_share_counter":"0","share_counter_number":"0","override_like_counter":"0","like_counter_number":"0","override_dislike_counter":"0","dislike_counter_number":"0"},"jnews_post_split":{"enable_post_split":"0","post_split":[{"template":"1","tag":"h2","numbering":"asc","mode":"normal","first":"0","enable_toc":"0","toc_type":"normal"}]},"footnotes":""},"categories":[58,64],"tags":[44,8558,45,1469],"class_list":["post-61343","post","type-post","status-publish","format-standard","has-post-thumbnail","hentry","category-argentina","category-sucesos","tag-argentina","tag-colegiales","tag-noticias","tag-policia-de-la-ciudad"],"amp_enabled":true,"_links":{"self":[{"href":"https:\/\/esreviral.com\/index.php?rest_route=\/wp\/v2\/posts\/61343"}],"collection":[{"href":"https:\/\/esreviral.com\/index.php?rest_route=\/wp\/v2\/posts"}],"about":[{"href":"https:\/\/esreviral.com\/index.php?rest_route=\/wp\/v2\/types\/post"}],"author":[{"embeddable":true,"href":"https:\/\/esreviral.com\/index.php?rest_route=\/wp\/v2\/users\/3"}],"replies":[{"embeddable":true,"href":"https:\/\/esreviral.com\/index.php?rest_route=%2Fwp%2Fv2%2Fcomments&post=61343"}],"version-history":[{"count":0,"href":"https:\/\/esreviral.com\/index.php?rest_route=\/wp\/v2\/posts\/61343\/revisions"}],"wp:featuredmedia":[{"embeddable":true,"href":"https:\/\/esreviral.com\/index.php?rest_route=\/wp\/v2\/media\/61347"}],"wp:attachment":[{"href":"https:\/\/esreviral.com\/index.php?rest_route=%2Fwp%2Fv2%2Fmedia&parent=61343"}],"wp:term":[{"taxonomy":"category","embeddable":true,"href":"https:\/\/esreviral.com\/index.php?rest_route=%2Fwp%2Fv2%2Fcategories&post=61343"},{"taxonomy":"post_tag","embeddable":true,"href":"https:\/\/esreviral.com\/index.php?rest_route=%2Fwp%2Fv2%2Ftags&post=61343"}],"curies":[{"name":"wp","href":"https:\/\/api.w.org\/{rel}","templated":true}]}}