{"id":61309,"date":"2024-09-25T13:01:51","date_gmt":"2024-09-25T18:01:51","guid":{"rendered":"https:\/\/esreviral.com\/?p=61309"},"modified":"2024-09-25T13:01:51","modified_gmt":"2024-09-25T18:01:51","slug":"cambiaron-la-fecha-del-dia-del-empleado-de-comercio-que-comercios-permaneceran-cerrados","status":"publish","type":"post","link":"https:\/\/esreviral.com\/?p=61309","title":{"rendered":"Cambiaron la fecha del D\u00eda del Empleado de Comercio: \u00bfQu\u00e9 comercios permanecer\u00e1n cerrados?"},"content":{"rendered":"\n<p>El<strong> D\u00eda del Empleado de Comercio<\/strong>, originalmente programado para el 26 de septiembre seg\u00fan la Ley 26.541,<strong> ha sido trasladado al 30 de septiembre<\/strong>. As\u00ed lo anunci\u00f3 la Federaci\u00f3n Argentina de Empleados de Comercio y Servicios (Faecys). Este cambio permitir\u00e1 que todos los trabajadores del sector disfruten de un d\u00eda de descanso, lo que implicar\u00e1 el cierre <strong>de shoppings, supermercados y locales comerciales en todo el pa\u00eds.<\/strong><\/p>\n\n\n\n<p>En un comunicado, la Faecys explic\u00f3 que el acuerdo fue realizado en conjunto con las C\u00e1maras Empresarias de Comercio, asegurando que los empleados recibir\u00e1n todos los beneficios que otorga la Ley.<\/p>\n\n\n\n<p><strong><mark style=\"background-color:rgba(0, 0, 0, 0)\" class=\"has-inline-color has-vivid-red-color\">\u00bfQui\u00e9nes no trabajar\u00e1n el 30 de septiembre?<\/mark><\/strong><\/p>\n\n\n\n<p>El feriado est\u00e1 destinado a los empleados y obreros que trabajen en comercios, actividades civiles con fines de lucro o como administrativos en explotaciones industriales.<\/p>\n\n\n\n<p><strong><mark style=\"background-color:rgba(0, 0, 0, 0)\" class=\"has-inline-color has-vivid-red-color\">\u00bfQu\u00e9 negocios cerrar\u00e1n el 30 de septiembre?<\/mark><\/strong><\/p>\n\n\n\n<p>Los siguientes establecimientos podr\u00edan cerrar sus puertas en todo el pa\u00eds:<\/p>\n\n\n\n<ul class=\"wp-block-list\">\n<li>Supermercados<\/li>\n\n\n\n<li>Shoppings<\/li>\n\n\n\n<li>Centros comerciales<\/li>\n\n\n\n<li>Tiendas de ropa, calzado y electrodom\u00e9sticos<\/li>\n\n\n\n<li>Kioscos, librer\u00edas, almacenes, carnicer\u00edas y verduler\u00edas<\/li>\n<\/ul>\n\n\n\n<p><strong><mark style=\"background-color:rgba(0, 0, 0, 0)\" class=\"has-inline-color has-vivid-red-color\">Derechos de los empleados:<\/mark><\/strong><\/p>\n\n\n\n<ul class=\"wp-block-list\">\n<li><strong>Descanso obligatorio<\/strong>: La ley asimila este d\u00eda a un feriado nacional, permitiendo a los trabajadores tomarse el d\u00eda sin recibir sanciones.<\/li>\n\n\n\n<li><strong>Pago doble<\/strong>: Si un empleado decide trabajar, deber\u00e1 recibir el doble de su salario diario.<\/li>\n<\/ul>\n\n\n\n<p>Este 30 de septiembre, los empleados de comercio tendr\u00e1n su merecido reconocimiento y, para muchos consumidores, esto significa planificar con antelaci\u00f3n, ya que varios comercios estar\u00e1n cerrados.<\/p>\n\n\n\n<p class=\"has-text-align-center\"><em><strong><em><strong><em><strong><a href=\"https:\/\/t.me\/esreviral\">\u00daNETE A NUESTRO CANAL DE TELEGRAM PARA ESTAR INFORMADO<\/a><\/strong><\/em><\/strong><\/em><\/strong><\/em><\/p>\n\n\n\n<p class=\"has-text-align-center\"><em><strong><a href=\"https:\/\/whatsapp.com\/channel\/0029VaAz7PmBKfhwZ5V3Gk2t\"><em>\u00daNETE A NUESTRO CANAL DE WHATSAPP PARA ESTAR INFORMADO<\/em><\/a><\/strong><\/em><\/p>\n","protected":false},"excerpt":{"rendered":"<p>La Federaci\u00f3n Argentina de Empleados de Comercio y Servicios y las C\u00e1maras Empresarias de Comercio acord\u00f3 pasar la jornada a fin de este mes. Todos los detalles.<\/p>\n","protected":false},"author":3,"featured_media":61310,"comment_status":"closed","ping_status":"closed","sticky":false,"template":"","format":"standard","meta":{"jnews-multi-image_gallery":[],"jnews_single_post":{"subtitle":"","format":"standard","video":"","gallery":"","source_name":"","source_url":"","via_name":"","via_url":"","override_template":"0","override":[{"template":"4","single_blog_custom":"","parallax":"1","fullscreen":"1","layout":"right-sidebar","sidebar":"new-widget-area","second_sidebar":"default-sidebar","sticky_sidebar":"1","share_position":"top","share_float_style":"share-monocrhome","show_share_counter":"1","show_view_counter":"1","show_featured":"1","show_post_meta":"1","show_post_author":"1","show_post_author_image":"1","show_post_date":"1","post_date_format":"default","post_date_format_custom":"Y\/m\/d","show_post_category":"1","show_post_reading_time":"1","post_reading_time_wpm":"300","show_zoom_button":"1","zoom_button_out_step":"2","zoom_button_in_step":"3","show_post_tag":"1","show_prev_next_post":"1","show_popup_post":"1","number_popup_post":"1","show_author_box":"1","show_post_related":"1","show_inline_post_related":"0"}],"override_image_size":"0","image_override":[{"single_post_thumbnail_size":"crop-500","single_post_gallery_size":"crop-500"}],"trending_post":"0","trending_post_position":"meta","trending_post_label":"Trending","sponsored_post":"0","sponsored_post_label":"Sponsored by","sponsored_post_name":"","sponsored_post_url":"","sponsored_post_logo_enable":"0","sponsored_post_logo":"","sponsored_post_desc":"","disable_ad":"0"},"jnews_primary_category":{"id":"","hide":""},"jnews_social_meta":{"fb_title":"","fb_description":"","fb_image":"","twitter_title":"","twitter_description":"","twitter_image":""},"jnews_review":[],"enable_review":"0","type":"percentage","name":"","summary":"","brand":"","sku":"","good":[{"good_text":""}],"bad":[{"bad_text":""}],"score_override":"","override_value":"","rating":[{"rating_text":"","rating_number":"10"}],"price":[{"shop":"","price":"","link":"","icon":""}],"jnews_override_counter":{"override_view_counter":"0","view_counter_number":"0","override_share_counter":"0","share_counter_number":"0","override_like_counter":"0","like_counter_number":"0","override_dislike_counter":"0","dislike_counter_number":"0"},"jnews_post_split":{"enable_post_split":"0","post_split":[{"template":"1","tag":"h2","numbering":"asc","mode":"normal","first":"0","enable_toc":"0","toc_type":"normal"}]},"footnotes":""},"categories":[58],"tags":[44,18404,18405,45,18406,5132],"class_list":["post-61309","post","type-post","status-publish","format-standard","has-post-thumbnail","hentry","category-argentina","tag-argentina","tag-dia-del-empleado-de-comercio","tag-empleado-de-comercio","tag-noticias","tag-shoppings","tag-supermercados"],"amp_enabled":true,"_links":{"self":[{"href":"https:\/\/esreviral.com\/index.php?rest_route=\/wp\/v2\/posts\/61309"}],"collection":[{"href":"https:\/\/esreviral.com\/index.php?rest_route=\/wp\/v2\/posts"}],"about":[{"href":"https:\/\/esreviral.com\/index.php?rest_route=\/wp\/v2\/types\/post"}],"author":[{"embeddable":true,"href":"https:\/\/esreviral.com\/index.php?rest_route=\/wp\/v2\/users\/3"}],"replies":[{"embeddable":true,"href":"https:\/\/esreviral.com\/index.php?rest_route=%2Fwp%2Fv2%2Fcomments&post=61309"}],"version-history":[{"count":0,"href":"https:\/\/esreviral.com\/index.php?rest_route=\/wp\/v2\/posts\/61309\/revisions"}],"wp:featuredmedia":[{"embeddable":true,"href":"https:\/\/esreviral.com\/index.php?rest_route=\/wp\/v2\/media\/61310"}],"wp:attachment":[{"href":"https:\/\/esreviral.com\/index.php?rest_route=%2Fwp%2Fv2%2Fmedia&parent=61309"}],"wp:term":[{"taxonomy":"category","embeddable":true,"href":"https:\/\/esreviral.com\/index.php?rest_route=%2Fwp%2Fv2%2Fcategories&post=61309"},{"taxonomy":"post_tag","embeddable":true,"href":"https:\/\/esreviral.com\/index.php?rest_route=%2Fwp%2Fv2%2Ftags&post=61309"}],"curies":[{"name":"wp","href":"https:\/\/api.w.org\/{rel}","templated":true}]}}