{"id":61306,"date":"2024-09-25T12:11:58","date_gmt":"2024-09-25T17:11:58","guid":{"rendered":"https:\/\/esreviral.com\/?p=61306"},"modified":"2024-09-25T13:02:58","modified_gmt":"2024-09-25T18:02:58","slug":"jorge-macri-anuncio-la-renovacion-de-la-linea-b-del-subte","status":"publish","type":"post","link":"https:\/\/esreviral.com\/?p=61306","title":{"rendered":"Jorge Macri anunci\u00f3 la renovaci\u00f3n de la l\u00ednea B del subte"},"content":{"rendered":"\n<p>El jefe de Gobierno porte\u00f1o,&nbsp;<strong>Jorge Macri<\/strong>, anunci\u00f3 este mi\u00e9rcoles que la&nbsp;<strong>Ciudad&nbsp;<\/strong>comprar\u00e1 174 coches cero kil\u00f3metro para&nbsp;<strong>renovar por completo<\/strong>&nbsp;la flota de la&nbsp;<strong>l\u00ednea B&nbsp;<\/strong>de&nbsp;<strong>subtes<\/strong>, la que m\u00e1s pasajeros transporta en toda la red. Los vagones ahora tendr\u00e1n&nbsp;<strong>aire acondicionado<\/strong>&nbsp;y&nbsp;<strong>c\u00e1maras de seguridad<\/strong>. Seg\u00fan se anunci\u00f3,&nbsp;<strong>\u201cser\u00e1 m\u00e1s moderna, c\u00f3moda y segura\u201d<\/strong>.<\/p>\n\n\n\n<p>\u201cTomamos una medida muy importante y relevante para&nbsp;<strong>m\u00e1s de 180 mil personas<\/strong>&nbsp;que viajan todos los d\u00edas en la l\u00ednea B de subte y es que vamos a renovar toda la flota, hoy&nbsp;<strong>la gran mayor\u00eda de las formaciones tienen m\u00e1s de 60 a\u00f1os<\/strong>. Ser\u00e1n 174 nuevos coches cero kil\u00f3metros, todos con aire acondicionado, c\u00e1maras de seguridad, m\u00e1s confortables y con tecnolog\u00eda de punta\u201d, sostuvo Macri.<\/p>\n\n\n\n<p>La l\u00ednea m\u00e1s usada de la red transporta 183 mil pasajeros por d\u00eda y une la estaci\u00f3n&nbsp;<strong>Leandro N. Alem con Juan Manuel de Rosas<\/strong>. \u201cSumar\u00e1 el 100% de sus coches con aire acondicionado, un salto fundamental para ofrecer un mayor confort a los pasajeros\u201d, se inform\u00f3 oficialmente.<\/p>\n\n\n\n<p>Las nuevas formaciones reemplazar\u00e1n a los coches&nbsp;<strong>Mitsubishi&nbsp;<\/strong>que tienen, en promedio, 60 a\u00f1os de antig\u00fcedad, y a los&nbsp;<strong>CAF 6000<\/strong>&nbsp;que tienen una antig\u00fcedad superior a los 20 a\u00f1os. De acuerdo a un comunicado enviado por la Ciudad, al estandarizar el material rodante en la l\u00ednea \u201c<strong>mejorar\u00e1 la operatividad, el servicio<\/strong>&nbsp;y agilizar\u00e1 los procesos de mantenimiento\u201d.<\/p>\n\n\n<div class=\"wp-block-image\">\n<figure class=\"aligncenter\"><img decoding=\"async\" src=\"https:\/\/tn.com.ar\/resizer\/v2\/jorge-macri-en-la-linea-b-del-subte-foto-gcba-CDMPNCSAQJBIPKNIYZGQ3DJJTY.jpeg?auth=45b8131419ef47b148db958bf6ddac1432dee8873ef74e71e0024900f5114b72&amp;width=767\" alt=\"Jorge Macri en la l\u00ednea B del subte. Foto: GCBA\"\/><figcaption class=\"wp-element-caption\">Jorge Macri en la l\u00ednea B del subte. <\/figcaption><\/figure><\/div>\n\n\n<p>Adem\u00e1s, para complementar la renovaci\u00f3n de la flota, se realizar\u00e1n&nbsp;<strong>obras de infraestructura<\/strong>&nbsp;que acompa\u00f1en el proceso de modernizaci\u00f3n. Se incrementar\u00e1 la potencia de la catenaria a 1500 voltios. Actualmente, la l\u00ednea B es la \u00fanica que&nbsp;<strong>opera a 600 voltios<\/strong>. Esto significar\u00e1 la incorporaci\u00f3n de tecnolog\u00eda m\u00e1s moderna y producir\u00e1 un ahorro energ\u00e9tico.<\/p>\n\n\n\n<p>Las unidades, adem\u00e1s de aire acondicionado, tendr\u00e1n c\u00e1maras de seguridad, un&nbsp;<strong>sistema de informaci\u00f3n para los pasajeros incorporado<\/strong>&nbsp;(visual y auditivo),&nbsp;<strong>iluminaci\u00f3n led antivand\u00e1lica<\/strong>,&nbsp;<strong>asientos longitudinales<\/strong>&nbsp;y estar\u00e1n preparadas para funcionar con un&nbsp;<strong>sistema de se\u00f1ales como el instalado en las l\u00edneas D y H<\/strong>, con mejores condiciones de seguridad.<\/p>\n\n\n\n<p>La compra de las unidades se efectivizar\u00e1 a trav\u00e9s de una&nbsp;<strong>licitaci\u00f3n p\u00fablica internacional<\/strong>&nbsp;que hab\u00eda sido lanzada en agosto del a\u00f1o pasado y que este lunes fue&nbsp;<strong>prorrogada por cuarta vez<\/strong>.<\/p>\n\n\n\n<p>Seg\u00fan trascendi\u00f3, se har\u00e1n modificaciones al texto original, que ser\u00e1n efectivizadas mediante una resoluci\u00f3n complementaria al llamado a licitaci\u00f3n, vinculadas a cambios en la cantidad de coches a adquirir.<\/p>\n\n\n\n<p>La inversi\u00f3n prevista subir\u00e1 de 155 millones de d\u00f3lares a&nbsp;<strong>294 millones de d\u00f3lares<\/strong>, mientras el plazo de tiempo estimado para la finalizaci\u00f3n del recambio se extender\u00e1 de 36 meses a&nbsp;<strong>48 meses<\/strong>.<\/p>\n\n\n\n<p>La&nbsp;<strong>B<\/strong>&nbsp;es una l\u00ednea que qued\u00f3 atrasada respecto del resto de las que circulan por la Ciudad. Salvo la&nbsp;<strong>E<\/strong>, que tiene los coches m\u00e1s antiguos de la flota,<strong>&nbsp;la A, la C, la H y la D fueron modernizando su material<\/strong>&nbsp;rodante en los \u00faltimos diez a\u00f1os y cuentan con aire acondicionado.<\/p>\n\n\n\n<p class=\"has-text-align-center\"><em><strong><em><strong><em><strong><a href=\"https:\/\/t.me\/esreviral\">\u00daNETE A NUESTRO CANAL DE TELEGRAM PARA ESTAR INFORMADO<\/a><\/strong><\/em><\/strong><\/em><\/strong><\/em><\/p>\n\n\n\n<p class=\"has-text-align-center\"><em><strong><a href=\"https:\/\/whatsapp.com\/channel\/0029VaAz7PmBKfhwZ5V3Gk2t\"><em>\u00daNETE A NUESTRO CANAL DE WHATSAPP PARA ESTAR INFORMADO<\/em><\/a><\/strong><\/em><\/p>\n","protected":false},"excerpt":{"rendered":"<p>El jefe de gobierno porte\u00f1o confirm\u00f3 la compra de 174 coches cero kil\u00f3metro. Cu\u00e1les son los plazos.<\/p>\n","protected":false},"author":3,"featured_media":61307,"comment_status":"closed","ping_status":"closed","sticky":false,"template":"","format":"standard","meta":{"jnews-multi-image_gallery":[],"jnews_single_post":{"subtitle":"","format":"standard","video":"","gallery":"","source_name":"","source_url":"","via_name":"","via_url":"","override_template":"0","override":[{"template":"4","single_blog_custom":"","parallax":"1","fullscreen":"1","layout":"right-sidebar","sidebar":"new-widget-area","second_sidebar":"default-sidebar","sticky_sidebar":"1","share_position":"top","share_float_style":"share-monocrhome","show_share_counter":"1","show_view_counter":"1","show_featured":"1","show_post_meta":"1","show_post_author":"1","show_post_author_image":"1","show_post_date":"1","post_date_format":"default","post_date_format_custom":"Y\/m\/d","show_post_category":"1","show_post_reading_time":"1","post_reading_time_wpm":"300","show_zoom_button":"1","zoom_button_out_step":"2","zoom_button_in_step":"3","show_post_tag":"1","show_prev_next_post":"1","show_popup_post":"1","number_popup_post":"1","show_author_box":"1","show_post_related":"1","show_inline_post_related":"0"}],"override_image_size":"0","image_override":[{"single_post_thumbnail_size":"crop-500","single_post_gallery_size":"crop-500"}],"trending_post":"0","trending_post_position":"meta","trending_post_label":"Trending","sponsored_post":"0","sponsored_post_label":"Sponsored by","sponsored_post_name":"","sponsored_post_url":"","sponsored_post_logo_enable":"0","sponsored_post_logo":"","sponsored_post_desc":"","disable_ad":"0"},"jnews_primary_category":{"id":"","hide":""},"jnews_social_meta":{"fb_title":"","fb_description":"","fb_image":"","twitter_title":"","twitter_description":"","twitter_image":""},"jnews_review":[],"enable_review":"0","type":"percentage","name":"","summary":"","brand":"","sku":"","good":[{"good_text":""}],"bad":[{"bad_text":""}],"score_override":"","override_value":"","rating":[{"rating_text":"","rating_number":"10"}],"price":[{"shop":"","price":"","link":"","icon":""}],"jnews_override_counter":{"override_view_counter":"0","view_counter_number":"0","override_share_counter":"0","share_counter_number":"0","override_like_counter":"0","like_counter_number":"0","override_dislike_counter":"0","dislike_counter_number":"0"},"jnews_post_split":{"enable_post_split":"0","post_split":[{"template":"1","tag":"h2","numbering":"asc","mode":"normal","first":"0","enable_toc":"0","toc_type":"normal"}]},"footnotes":""},"categories":[58,61],"tags":[44,1327,5848,18403,45,290,16594],"class_list":["post-61306","post","type-post","status-publish","format-standard","has-post-thumbnail","hentry","category-argentina","category-economia","tag-argentina","tag-jorge-macri","tag-linea-b","tag-linea-b-de-subte","tag-noticias","tag-subte","tag-vagones"],"amp_enabled":true,"_links":{"self":[{"href":"https:\/\/esreviral.com\/index.php?rest_route=\/wp\/v2\/posts\/61306"}],"collection":[{"href":"https:\/\/esreviral.com\/index.php?rest_route=\/wp\/v2\/posts"}],"about":[{"href":"https:\/\/esreviral.com\/index.php?rest_route=\/wp\/v2\/types\/post"}],"author":[{"embeddable":true,"href":"https:\/\/esreviral.com\/index.php?rest_route=\/wp\/v2\/users\/3"}],"replies":[{"embeddable":true,"href":"https:\/\/esreviral.com\/index.php?rest_route=%2Fwp%2Fv2%2Fcomments&post=61306"}],"version-history":[{"count":0,"href":"https:\/\/esreviral.com\/index.php?rest_route=\/wp\/v2\/posts\/61306\/revisions"}],"wp:featuredmedia":[{"embeddable":true,"href":"https:\/\/esreviral.com\/index.php?rest_route=\/wp\/v2\/media\/61307"}],"wp:attachment":[{"href":"https:\/\/esreviral.com\/index.php?rest_route=%2Fwp%2Fv2%2Fmedia&parent=61306"}],"wp:term":[{"taxonomy":"category","embeddable":true,"href":"https:\/\/esreviral.com\/index.php?rest_route=%2Fwp%2Fv2%2Fcategories&post=61306"},{"taxonomy":"post_tag","embeddable":true,"href":"https:\/\/esreviral.com\/index.php?rest_route=%2Fwp%2Fv2%2Ftags&post=61306"}],"curies":[{"name":"wp","href":"https:\/\/api.w.org\/{rel}","templated":true}]}}