{"id":61037,"date":"2024-09-20T12:22:51","date_gmt":"2024-09-20T17:22:51","guid":{"rendered":"https:\/\/esreviral.com\/?p=61037"},"modified":"2024-09-20T12:39:22","modified_gmt":"2024-09-20T17:39:22","slug":"avion-venezolano-con-militares-a-bordo-aterrizo-sin-autorizacion","status":"publish","type":"post","link":"https:\/\/esreviral.com\/?p=61037","title":{"rendered":"Avi\u00f3n Venezolano con militares armados aterriz\u00f3 sin autorizaci\u00f3n en Colombia"},"content":{"rendered":"\n<p>En la ma\u00f1ana de este viernes 20 de septiembre, <strong>se report\u00f3 el aterrizaje irregular de un avi\u00f3n procedente de Venezuela en el Aeropuerto Internacional Camilo Daza, en C\u00facuta.<\/strong> La aeronave, con matr\u00edcula <strong>YV3226<\/strong>, llevaba a bordo una <strong>tripulaci\u00f3n compuesta por cinco miembros de la Guardia Nacional Bolivariana (GNB), incluyendo dos pilotos, un auxiliar de vuelo, un mayor y un sargento mayor.<\/strong><\/p>\n\n\n\n<p>Seg\u00fan fuentes preliminares, se cree que<strong> algunos de los militares a bordo portaban armamento de dotaci\u00f3n<\/strong>. El aterrizaje se realiz\u00f3 sin la autorizaci\u00f3n de la Aeron\u00e1utica Civil, lo que ha provocado la intervenci\u00f3n de las autoridades colombianas.<\/p>\n\n\n\n<p>El presidente Gustavo Petro se pronunci\u00f3 a trav\u00e9s de su cuenta en X (antes Twitter), se\u00f1alando que, seg\u00fan la informaci\u00f3n inicial, se trat\u00f3 de una emergencia. Asimismo, indic\u00f3 que se est\u00e1 a la espera de un informe oficial de la Aeron\u00e1utica Civil, la autoridad encargada de investigar el incidente.<\/p>\n\n\n\n<p>Este hecho ha generado gran inter\u00e9s en la frontera colombo-venezolana, dado el contexto de las tensiones entre ambos pa\u00edses y la presencia de militares venezolanos en territorio colombiano.<\/p>\n\n\n\n<p><\/p>\n\n\n\n<blockquote class=\"twitter-tweet\"><p lang=\"es\" dir=\"ltr\"><a href=\"https:\/\/twitter.com\/hashtag\/URGENTE?src=hash&amp;ref_src=twsrc%5Etfw\">#URGENTE<\/a> Se report\u00f3 un aterrizaje irregular de un avi\u00f3n procedente de <a href=\"https:\/\/twitter.com\/hashtag\/Venezuela?src=hash&amp;ref_src=twsrc%5Etfw\">#Venezuela<\/a> en el Aeropuerto Internacional Camilo Daza, en C\u00facuta. <br><br>La aeronave, con matr\u00edcula YV3226, llevaba a bordo una tripulaci\u00f3n compuesta por cinco miembros de la Guardia Nacional Bolivariana (GNB)&#8230; <a href=\"https:\/\/t.co\/zK54R5VRem\">pic.twitter.com\/zK54R5VRem<\/a><\/p>&mdash; ES RE VIRAL (@esreviral) <a href=\"https:\/\/twitter.com\/esreviral\/status\/1837179653779239344?ref_src=twsrc%5Etfw\">September 20, 2024<\/a><\/blockquote> <script async src=\"https:\/\/platform.twitter.com\/widgets.js\" charset=\"utf-8\"><\/script>\n\n\n\n<blockquote class=\"twitter-tweet\"><p lang=\"es\" dir=\"ltr\">La informaci\u00f3n que tenemos sobre el aterrizaje del avi\u00f3n venezolano en C\u00facuta es que se trata de una emergencia.<br><br>Esperamos reporte de la Aeron\u00e1utica civil que es la autoridad competente para el caso.<\/p>&mdash; Gustavo Petro (@petrogustavo) <a href=\"https:\/\/twitter.com\/petrogustavo\/status\/1837172771559751985?ref_src=twsrc%5Etfw\">September 20, 2024<\/a><\/blockquote> <script async src=\"https:\/\/platform.twitter.com\/widgets.js\" charset=\"utf-8\"><\/script>\n\n\n\n<p><em><strong>Noticia en desarrollo<\/strong><\/em>&#8230;<\/p>\n\n\n\n<p class=\"has-text-align-center\"><em><strong><a href=\"https:\/\/whatsapp.com\/channel\/0029VaAz7PmBKfhwZ5V3Gk2t\"><em>\u00daNETE A NUESTRO CANAL DE WHATSAPP PARA ESTAR INFORMADO<\/em><\/a><\/strong><\/em><\/p>\n\n\n\n<p class=\"has-text-align-center\"><em><strong><em><strong><em><strong><a href=\"https:\/\/t.me\/esreviral\">\u00daNETE A NUESTRO CANAL DE TELEGRAM PARA ESTAR INFORMADO<\/a><\/strong><\/em><\/strong><\/em><\/strong><\/em><\/p>\n","protected":false},"excerpt":{"rendered":"<p>Una aeronave venezolana aterriz\u00f3 sorpresivamente en el aeropuerto Camilo Daza de C\u00facuta, lo que oblig\u00f3 a activar medidas de seguridad, mientras las autoridades investigan la violaci\u00f3n del espacio a\u00e9reo colombiano; dos oficiales del r\u00e9gimen de Maduro estar\u00eda entre los detenidos<\/p>\n","protected":false},"author":3,"featured_media":61038,"comment_status":"closed","ping_status":"closed","sticky":false,"template":"","format":"standard","meta":{"jnews-multi-image_gallery":[],"jnews_single_post":{"subtitle":"","format":"standard","video":"","gallery":"","source_name":"","source_url":"","via_name":"","via_url":"","override_template":"0","override":[{"template":"4","single_blog_custom":"","parallax":"1","fullscreen":"1","layout":"right-sidebar","sidebar":"new-widget-area","second_sidebar":"default-sidebar","sticky_sidebar":"1","share_position":"top","share_float_style":"share-monocrhome","show_share_counter":"1","show_view_counter":"1","show_featured":"1","show_post_meta":"1","show_post_author":"1","show_post_author_image":"1","show_post_date":"1","post_date_format":"default","post_date_format_custom":"Y\/m\/d","show_post_category":"1","show_post_reading_time":"1","post_reading_time_wpm":"300","show_zoom_button":"1","zoom_button_out_step":"2","zoom_button_in_step":"3","show_post_tag":"1","show_prev_next_post":"1","show_popup_post":"1","number_popup_post":"1","show_author_box":"1","show_post_related":"1","show_inline_post_related":"0"}],"override_image_size":"0","image_override":[{"single_post_thumbnail_size":"crop-500","single_post_gallery_size":"crop-500"}],"trending_post":"0","trending_post_position":"meta","trending_post_label":"Trending","sponsored_post":"0","sponsored_post_label":"Sponsored by","sponsored_post_name":"","sponsored_post_url":"","sponsored_post_logo_enable":"0","sponsored_post_logo":"","sponsored_post_desc":"","disable_ad":"0"},"jnews_primary_category":{"id":"","hide":""},"jnews_social_meta":{"fb_title":"","fb_description":"","fb_image":"","twitter_title":"","twitter_description":"","twitter_image":""},"jnews_review":[],"enable_review":"0","type":"percentage","name":"","summary":"","brand":"","sku":"","good":[{"good_text":""}],"bad":[{"bad_text":""}],"score_override":"","override_value":"","rating":[{"rating_text":"","rating_number":"10"}],"price":[{"shop":"","price":"","link":"","icon":""}],"jnews_override_counter":{"override_view_counter":"0","view_counter_number":"0","override_share_counter":"0","share_counter_number":"0","override_like_counter":"0","like_counter_number":"0","override_dislike_counter":"0","dislike_counter_number":"0"},"jnews_post_split":{"enable_post_split":"0","post_split":[{"template":"1","tag":"h2","numbering":"asc","mode":"normal","first":"0","enable_toc":"0","toc_type":"normal"}]},"footnotes":""},"categories":[88],"tags":[18289,18293,2382,18287,18294,283,4375,18291,2900,461,18292,18288,56,18290],"class_list":["post-61037","post","type-post","status-publish","format-standard","has-post-thumbnail","hentry","category-internacionales","tag-aeronave-venezolana","tag-aeropuerto-camilo-daza","tag-aeropuerto-de-maiquetia","tag-avion-venezolano","tag-codigo-estela","tag-colombia","tag-cucuta-2","tag-fuerza-aerea-colombiana","tag-guardia-nacional-bolivariana","tag-militares","tag-ministerio-de-relaciones-exteriores-de-colombia","tag-protocolos-de-seguridad","tag-venezuela","tag-violacion-del-espacio-aereo"],"_links":{"self":[{"href":"https:\/\/esreviral.com\/index.php?rest_route=\/wp\/v2\/posts\/61037","targetHints":{"allow":["GET"]}}],"collection":[{"href":"https:\/\/esreviral.com\/index.php?rest_route=\/wp\/v2\/posts"}],"about":[{"href":"https:\/\/esreviral.com\/index.php?rest_route=\/wp\/v2\/types\/post"}],"author":[{"embeddable":true,"href":"https:\/\/esreviral.com\/index.php?rest_route=\/wp\/v2\/users\/3"}],"replies":[{"embeddable":true,"href":"https:\/\/esreviral.com\/index.php?rest_route=%2Fwp%2Fv2%2Fcomments&post=61037"}],"version-history":[{"count":0,"href":"https:\/\/esreviral.com\/index.php?rest_route=\/wp\/v2\/posts\/61037\/revisions"}],"wp:featuredmedia":[{"embeddable":true,"href":"https:\/\/esreviral.com\/index.php?rest_route=\/wp\/v2\/media\/61038"}],"wp:attachment":[{"href":"https:\/\/esreviral.com\/index.php?rest_route=%2Fwp%2Fv2%2Fmedia&parent=61037"}],"wp:term":[{"taxonomy":"category","embeddable":true,"href":"https:\/\/esreviral.com\/index.php?rest_route=%2Fwp%2Fv2%2Fcategories&post=61037"},{"taxonomy":"post_tag","embeddable":true,"href":"https:\/\/esreviral.com\/index.php?rest_route=%2Fwp%2Fv2%2Ftags&post=61037"}],"curies":[{"name":"wp","href":"https:\/\/api.w.org\/{rel}","templated":true}]}}