{"id":60985,"date":"2024-09-20T06:46:05","date_gmt":"2024-09-20T11:46:05","guid":{"rendered":"https:\/\/esreviral.com\/?p=60985"},"modified":"2024-09-20T07:26:36","modified_gmt":"2024-09-20T12:26:36","slug":"que-dijo-el-papa-francisco-sobre-el-protocolo-antipiquetes-del-gobierno","status":"publish","type":"post","link":"https:\/\/esreviral.com\/?p=60985","title":{"rendered":"Qu\u00e9 dijo el papa Francisco sobre el protocolo antipiquetes del Gobierno"},"content":{"rendered":"\n<p>En un evento por los diez a\u00f1os del primer encuentro de los Movimientos Populares en el Vaticano, el\u00a0<strong>papa Francisco<\/strong>\u00a0reivindic\u00f3 la<strong>\u00a0justicia social\u00a0<\/strong>y cuestion\u00f3 duramente el protocolo antipiquetes: \u201c<strong>El Gobierno en vez de pagar la justicia social, pag\u00f3 el gas pimienta<\/strong>\u201d.<\/p>\n\n\n\n<p>Francisco dio una&nbsp;<strong>fuerte opini\u00f3n<\/strong>&nbsp;tras ver una filmaci\u00f3n del accionar policial en una manifestaci\u00f3n ante el Congreso: \u201cMe hicieron ver una represi\u00f3n de hace una semana, menos quiz\u00e1s. Obreros, gente que ped\u00eda por sus derechos en la calle y la Polic\u00eda la rechazaba con una cosa que es lo m\u00e1s caro que hay, ese gas pimienta de primera calidad. No ten\u00edan derecho a reclamar lo suyo porque eran revoltosos, comunistas&#8230; y el gobierno se puso firme:<strong>&nbsp;en vez de pagar justicia social, pag\u00f3 el gas pimienta<\/strong>. Les conven\u00eda\u201d.<\/p>\n\n\n\n<p>Durante el acto realizado en el Dicasterio para el Desarrollo Humano Integral, encabezado el cardenal checo-canadiense Michael Czerny, el Papa plante\u00f3: \u201cEl&nbsp;<strong>silencio frente a la injusticia abre paso a la divisi\u00f3n social<\/strong>&nbsp;y la divisi\u00f3n social abre paso<strong>&nbsp;a la violencia verbal<\/strong>, y la violencia verbal a la violencia f\u00edsica, y la violencia f\u00edsica a la guerra de todos contra todos\u201d.<\/p>\n\n\n\n<p>El Pont\u00edfice tambi\u00e9n se mostr\u00f3 preocupado por como avanza \u201cuna&nbsp;<strong>forma perversa de ver la realidad<\/strong>, que exalta la acumulaci\u00f3n de&nbsp;<strong>riquezas&nbsp;<\/strong>como si fuera una virtud\u201d. \u201cLa<strong>&nbsp;competencia ciega por tener m\u00e1s y m\u00e1s dinero<\/strong>&nbsp;no es una fuerza creativa, sino una actitud enfermiza y un camino a la perdici\u00f3n. Esa&nbsp;<strong>conducta irresponsable, inmoral e irracional&nbsp;<\/strong>est\u00e1 destruyendo la creaci\u00f3n y dividiendo a los pueblos. No dejemos de denunciarla\u201d, pidi\u00f3.<\/p>\n\n\n<div class=\"wp-block-image\">\n<figure class=\"aligncenter\"><img decoding=\"async\" src=\"https:\/\/tn.com.ar\/resizer\/v2\/el-gobierno-en-vez-de-pagar-la-justicia-social-pago-el-gas-pimienta-critico-el-papa-francisco-foto-apalessandra-tarantino-NZRDETF375ACPISQI7UYFX346I.jpg?auth=0119a9c8fca3f87526365a37515a7b024a63348d7031c1fc87eea7edc69c24d8&amp;width=767\" alt=\"\u201cEl Gobierno en vez de pagar la justicia social, pag\u00f3 el gas pimienta\u201d, critic\u00f3 el papa Francisco.  (Foto: AP\/Alessandra Tarantino)\"\/><\/figure><\/div>\n\n\n<p>En otro tramo de su discurso, el Papa cuestion\u00f3 \u201clos frutos de la prosperidad econ\u00f3mica\u201d. \u201cReconozco que los empresarios crean puestos de trabajo y contribuyen a la prosperidad econ\u00f3mica. Sin embargo,&nbsp;<strong>los frutos de la prosperidad econ\u00f3mica no se reparten bien<\/strong>. Esta es una realidad evidente que, si no se modifica, va a engendrar peligros cada vez mayores<strong>\u201d<\/strong>, advirti\u00f3.<\/p>\n\n\n\n<p>Y agreg\u00f3: \u201c<strong>Si no hay pol\u00edticas<\/strong>, buenas pol\u00edticas, pol\u00edticas&nbsp;<strong>racionales y equitativas&nbsp;<\/strong>que afiancen la justicia social para que todos tengan tierra, techo, trabajo, un salario justo y los derechos sociales adecuados, la l\u00f3gica del descarte material y el descarte humano se va a extender,&nbsp;<strong>dejando a su paso violencia y desolaci\u00f3n<\/strong>\u201d.<\/p>\n\n\n\n<p>En el auditorio participaron los referentes del movimientos sociales de todo el mundo. Por parte de la Argentina, asistieron los dirigentes&nbsp;<strong>Juan Grabois<\/strong>&nbsp;y&nbsp;<strong>Alejandro \u201cPeluca\u201d Gramajo<\/strong>, ambos pertenecientes a la Uni\u00f3n de Trabajadores y Trabajadoras de la Econom\u00eda Popular (UTEP). Durante su discurso, el papa Francisco&nbsp;<strong>elogi\u00f3 a los movimientos populares<\/strong>.<\/p>\n\n\n\n<p><strong><mark style=\"background-color:rgba(0, 0, 0, 0)\" class=\"has-inline-color has-vivid-red-color\">Fuertes reclamos del papa Francisco: \u201cEl silencio frente a la injusticia abre paso a la divisi\u00f3n social\u201d<\/mark><\/strong><\/p>\n\n\n\n<p>Este viernes, el papa Francisco reivindic\u00f3 la<strong>&nbsp;justicia social<\/strong>&nbsp;y cuestion\u00f3 al Gobierno por el protocolo antipiquetes. Las frases m\u00e1s destacadas del Pont\u00edfice en el evento por los diez a\u00f1os del primer encuentro de los Movimientos Populares en el Vaticano.<\/p>\n\n\n\n<ul class=\"wp-block-list\">\n<li>\u201cEl Gobierno se puso firme y, en vez de pagar la<strong>\u00a0justicia social<\/strong>, pag\u00f3 el gas pimienta. Le conven\u00eda\u201d.<\/li>\n\n\n\n<li><strong>\u201c<\/strong>Lamentablemente, muchas veces son precisamente los m\u00e1s ricos los que se oponen a la realizaci\u00f3n de la\u00a0<strong>justicia social<\/strong>\u00a0o la ecolog\u00eda integral por pura avaricia.\u00a0<strong>El diablo entra por el bolsillo, no se olviden<\/strong>\u201c.<\/li>\n\n\n\n<li>\u201cEl\u00a0<strong>silencio frente a la injusticia abre paso a la divisi\u00f3n social\u201d<\/strong>.<\/li>\n\n\n\n<li>\u201cSi no hay pol\u00edticas, buenas pol\u00edticas, pol\u00edticas racionales y equitativas que afiancen la justicia social para que todos\u00a0<strong>tengan tierra, techo, trabajo, un salario justo y los derechos sociales adecuados<\/strong>, la l\u00f3gica del descarte material y el descarte humano se va a extender, dejando a su<strong>\u00a0paso violencia y desolaci\u00f3n\u201d.<\/strong><\/li>\n\n\n\n<li>\u201cQue nadie quede tirado, por favor.<strong>\u00a0\u00a1Hay tantos tirados por las calles, tanta gente que no tiene que comer, tanta gente que est\u00e1 pidiendo algo, que perdi\u00f3 la casa, que perdi\u00f3 el trabajo!\u00a0<\/strong>Es gente que no tuvo capacidad de ir adelante\u201d.<\/li>\n\n\n\n<li>\u201cEl mandato que<strong>\u00a0tenemos todas las sociedades de garantizar la satisfacci\u00f3n de las necesidades b\u00e1sicas<\/strong>\u201d<\/li>\n<\/ul>\n\n\n\n<p class=\"has-text-align-center\"><em><strong><em><strong><em><strong><a href=\"https:\/\/t.me\/esreviral\">\u00daNETE A NUESTRO CANAL DE TELEGRAM PARA ESTAR INFORMADO<\/a><\/strong><\/em><\/strong><\/em><\/strong><\/em><\/p>\n\n\n\n<p class=\"has-text-align-center\"><em><strong><a href=\"https:\/\/whatsapp.com\/channel\/0029VaAz7PmBKfhwZ5V3Gk2t\"><em>\u00daNETE A NUESTRO CANAL DE WHATSAPP PARA ESTAR INFORMADO<\/em><\/a><\/strong><\/em><\/p>\n","protected":false},"excerpt":{"rendered":"<p>El Sumo Pont\u00edfice es el principal orador en un encuentro con los movimientos sociales en el Vaticano. Fue muy cr\u00edtico del accionar de la polic\u00eda en las \u00faltimas marchas.<\/p>\n","protected":false},"author":3,"featured_media":60986,"comment_status":"closed","ping_status":"closed","sticky":false,"template":"","format":"standard","meta":{"jnews-multi-image_gallery":[],"jnews_single_post":{"subtitle":"","format":"standard","video":"","gallery":"","source_name":"","source_url":"","via_name":"","via_url":"","override_template":"0","override":[{"template":"4","single_blog_custom":"","parallax":"1","fullscreen":"1","layout":"right-sidebar","sidebar":"new-widget-area","second_sidebar":"default-sidebar","sticky_sidebar":"1","share_position":"top","share_float_style":"share-monocrhome","show_share_counter":"1","show_view_counter":"1","show_featured":"1","show_post_meta":"1","show_post_author":"1","show_post_author_image":"1","show_post_date":"1","post_date_format":"default","post_date_format_custom":"Y\/m\/d","show_post_category":"1","show_post_reading_time":"1","post_reading_time_wpm":"300","show_zoom_button":"1","zoom_button_out_step":"2","zoom_button_in_step":"3","show_post_tag":"1","show_prev_next_post":"1","show_popup_post":"1","number_popup_post":"1","show_author_box":"1","show_post_related":"1","show_inline_post_related":"0"}],"override_image_size":"0","image_override":[{"single_post_thumbnail_size":"crop-500","single_post_gallery_size":"crop-500"}],"trending_post":"0","trending_post_position":"meta","trending_post_label":"Trending","sponsored_post":"0","sponsored_post_label":"Sponsored by","sponsored_post_name":"","sponsored_post_url":"","sponsored_post_logo_enable":"0","sponsored_post_logo":"","sponsored_post_desc":"","disable_ad":"0"},"jnews_primary_category":{"id":"","hide":""},"jnews_social_meta":{"fb_title":"","fb_description":"","fb_image":"","twitter_title":"","twitter_description":"","twitter_image":""},"jnews_review":[],"enable_review":"0","type":"percentage","name":"","summary":"","brand":"","sku":"","good":[{"good_text":""}],"bad":[{"bad_text":""}],"score_override":"","override_value":"","rating":[{"rating_text":"","rating_number":"10"}],"price":[{"shop":"","price":"","link":"","icon":""}],"jnews_override_counter":{"override_view_counter":"0","view_counter_number":"0","override_share_counter":"0","share_counter_number":"0","override_like_counter":"0","like_counter_number":"0","override_dislike_counter":"0","dislike_counter_number":"0"},"jnews_post_split":{"enable_post_split":"0","post_split":[{"template":"1","tag":"h2","numbering":"asc","mode":"normal","first":"0","enable_toc":"0","toc_type":"normal"}]},"footnotes":""},"categories":[88],"tags":[44,1158,45,128,18266,129],"class_list":["post-60985","post","type-post","status-publish","format-standard","has-post-thumbnail","hentry","category-internacionales","tag-argentina","tag-javier-milei","tag-noticias","tag-papa-francisco","tag-protocolo-antipiquetes","tag-vaticano"],"amp_enabled":true,"_links":{"self":[{"href":"https:\/\/esreviral.com\/index.php?rest_route=\/wp\/v2\/posts\/60985"}],"collection":[{"href":"https:\/\/esreviral.com\/index.php?rest_route=\/wp\/v2\/posts"}],"about":[{"href":"https:\/\/esreviral.com\/index.php?rest_route=\/wp\/v2\/types\/post"}],"author":[{"embeddable":true,"href":"https:\/\/esreviral.com\/index.php?rest_route=\/wp\/v2\/users\/3"}],"replies":[{"embeddable":true,"href":"https:\/\/esreviral.com\/index.php?rest_route=%2Fwp%2Fv2%2Fcomments&post=60985"}],"version-history":[{"count":0,"href":"https:\/\/esreviral.com\/index.php?rest_route=\/wp\/v2\/posts\/60985\/revisions"}],"wp:featuredmedia":[{"embeddable":true,"href":"https:\/\/esreviral.com\/index.php?rest_route=\/wp\/v2\/media\/60986"}],"wp:attachment":[{"href":"https:\/\/esreviral.com\/index.php?rest_route=%2Fwp%2Fv2%2Fmedia&parent=60985"}],"wp:term":[{"taxonomy":"category","embeddable":true,"href":"https:\/\/esreviral.com\/index.php?rest_route=%2Fwp%2Fv2%2Fcategories&post=60985"},{"taxonomy":"post_tag","embeddable":true,"href":"https:\/\/esreviral.com\/index.php?rest_route=%2Fwp%2Fv2%2Ftags&post=60985"}],"curies":[{"name":"wp","href":"https:\/\/api.w.org\/{rel}","templated":true}]}}