{"id":60956,"date":"2024-09-19T12:00:21","date_gmt":"2024-09-19T17:00:21","guid":{"rendered":"https:\/\/esreviral.com\/?p=60956"},"modified":"2024-09-19T12:00:22","modified_gmt":"2024-09-19T17:00:22","slug":"descubre-la-hora-exacta-en-que-llegaran-las-tormentas-a-buenos-aires","status":"publish","type":"post","link":"https:\/\/esreviral.com\/?p=60956","title":{"rendered":"Descubre la hora exacta en que llegar\u00e1n las tormentas a Buenos Aires"},"content":{"rendered":"\n<p>El\u00a0<strong>Servicio Meteorol\u00f3gico Nacional<\/strong>\u00a0emiti\u00f3 una\u00a0<strong>alerta de tormentas<\/strong>\u00a0en cinco para hoy, jueves 19 de septiembre.<\/p>\n\n\n\n<p>Parte de<strong>&nbsp;Chaco<\/strong>,&nbsp;<strong>Entre R\u00edos<\/strong>,&nbsp;<strong>Corrientes<\/strong>,&nbsp;<strong>Santa Fe<\/strong>, y toda la&nbsp;<strong>provincia de Buenos Aires<\/strong>&nbsp;estar\u00e1n afectadas por tormentas, y algunas podr\u00edan ser localmente fuertes. Las mismas estar\u00e1n acompa\u00f1adas de&nbsp;<strong>intensa actividad el\u00e9ctrica<\/strong>, abundante&nbsp;<strong>ca\u00edda de agua en cortos per\u00edodos<\/strong>,&nbsp;<strong>ocasional ca\u00edda de granizo<\/strong>, y principalmente con&nbsp;<strong>r\u00e1fagas intensas de hasta 80 km\/h<\/strong>. Se estiman valores de precipitaci\u00f3n acumulada entre 20 y 40 mm, pudiendo ser superados de forma local.<\/p>\n\n\n<div class=\"wp-block-image \">\n<figure class=\"aligncenter\"><img decoding=\"async\" src=\"https:\/\/tn.com.ar\/resizer\/v2\/las-zonas-afectadas-por-las-tormentas-foto-servicio-meteorologico-nacional-STWJHWCGW5GVLICUF4UFOB5HEE.png?auth=86e4e7854186f740292cebdce1c6979bbebd10c9f83d2394728bffb45eb67f0a&amp;width=767\" alt=\"Las zonas afectadas por las tormentas (Foto: Servicio Meteorol\u00f3gico Nacional)\"\/><\/figure>\n<\/div>\n\n\n<p><strong><mark style=\"background-color:rgba(0, 0, 0, 0)\" class=\"has-inline-color has-vivid-red-color\">Qu\u00e9 pasar\u00e1 en Buenos Aires con la alerta de tormentas y granizo<\/mark><\/strong><\/p>\n\n\n\n<p>El&nbsp;<strong>Servicio Meteorol\u00f3gico Nacional<\/strong>&nbsp;emiti\u00f3 su pron\u00f3stico para el resto de la semana en la Ciudad de Buenos Aires (<strong>CABA<\/strong>) y el conurbano de la provincia de Buenos Aires (<strong>PBA<\/strong>). En el mismo, aseguran los especialistas que llegar\u00e1n las&nbsp;<strong>lluvias<\/strong>&nbsp;al AMBA con&nbsp;<strong>ocasional ca\u00edda de granizo<\/strong>&nbsp;este jueves 19 de septiembre, con un pico de intensidad&nbsp;<strong>entre el mediod\u00eda<\/strong>&nbsp;y&nbsp;<strong>tarde<\/strong>.<\/p>\n\n\n\n<p>Se espera que el ingreso&nbsp;<strong>de un frente fr\u00edo traiga lluvias<\/strong>&nbsp;por la tarde y noche, lo cual generar\u00e1 inestabilidad en la regi\u00f3n del conurbano y la Ciudad de Buenos Aires. Las&nbsp;<strong>precipitaciones estar\u00e1n acompa\u00f1adas de una leve baja en las temperaturas<\/strong>, con una m\u00e1xima de 25\u00b0C y una m\u00ednima de 20\u00b0C.<\/p>\n\n\n\n<p>Adem\u00e1s, para hoy rige una&nbsp;<strong>alerta amarilla por fuertes tormentas<\/strong>&nbsp;en parte de la provincia de Buenos Aires y la Ciudad de Buenos Aires, donde existe la posibilidad de una&nbsp;<strong>ca\u00edda ocasional de granizo<\/strong>.<\/p>\n\n\n<div class=\"wp-block-image \">\n<figure class=\"aligncenter\"><img decoding=\"async\" src=\"https:\/\/tn.com.ar\/resizer\/v2\/toda-la-provincia-de-buenos-aires-en-alerta-amarilla-foto-servicio-meteorologico-nacional-smn-LPKUPNMLSRC5PEGH3TV2BHLCQM.png?auth=8988820751b2041c58a563ba04c1dff4646524501f0da2a0bac43667ab549362&amp;width=767\" alt=\"Toda la provincia de Buenos Aires en alerta amarilla (Foto: Servicio Meteorol\u00f3gico Nacional - SMN).\"\/><\/figure>\n<\/div>\n\n\n<p><strong><mark style=\"background-color:rgba(0, 0, 0, 0)\" class=\"has-inline-color has-vivid-red-color\">A qu\u00e9 hora se esperan las tormentas en Buenos Aires<\/mark><\/strong><\/p>\n\n\n\n<p>El Servicio Meteorol\u00f3gico Nacional prev\u00e9&nbsp;<strong>lluvias desde la ma\u00f1ana<\/strong>&nbsp;de este jueves que tendr\u00e1n su&nbsp;<strong>pico m\u00e1s intenso por la tarde<\/strong>. En la noche ya terminar\u00eda el fen\u00f3meno.<\/p>\n\n\n\n<p><strong><mark style=\"background-color:rgba(0, 0, 0, 0)\" class=\"has-inline-color has-vivid-red-color\">C\u00f3mo estar\u00e1 el clima el resto de la semana, seg\u00fan el Servicio Meteorol\u00f3gico Nacional<\/mark><\/strong><\/p>\n\n\n\n<p><strong>Jueves 19<\/strong><\/p>\n\n\n\n<ul class=\"wp-block-list\">\n<li><strong>Temp. M\u00e1x:<\/strong>\u00a025\u00b0 |\u00a0<strong>Temp. M\u00edn:<\/strong>\u00a018\u00b0<\/li>\n\n\n\n<li><strong>Condiciones:<\/strong>\u00a0Parcialmente nublado, lluvias posibles por la tarde\/noche<\/li>\n\n\n\n<li><strong>Probabilidades de precipitaciones:<\/strong>\u00a010-40% en la ma\u00f1ana, 70-100% en la tarde<\/li>\n<\/ul>\n\n\n\n<p><strong>Viernes 20<\/strong><\/p>\n\n\n\n<ul class=\"wp-block-list\">\n<li><strong>Temp. M\u00e1x:<\/strong>\u00a025\u00b0 |\u00a0<strong>Temp. M\u00edn:<\/strong>\u00a013\u00b0<\/li>\n\n\n\n<li><strong>Condiciones:<\/strong>\u00a0Mayormente despejado<\/li>\n\n\n\n<li><strong>Probabilidades de precipitaciones:<\/strong>\u00a00%<\/li>\n<\/ul>\n\n\n\n<p><strong>S\u00e1bado 21<\/strong><\/p>\n\n\n\n<ul class=\"wp-block-list\">\n<li><strong>Temp. M\u00e1x:<\/strong>\u00a025\u00b0 |\u00a0<strong>Temp. M\u00edn:<\/strong>\u00a015\u00b0<\/li>\n\n\n\n<li><strong>Condiciones:<\/strong>\u00a0Parcialmente nublado<\/li>\n\n\n\n<li><strong>Probabilidades de precipitaciones:<\/strong>\u00a00-10% en la tarde\/noche<\/li>\n<\/ul>\n\n\n\n<p><strong>Domingo 22<\/strong><\/p>\n\n\n\n<ul class=\"wp-block-list\">\n<li><strong>Temp. M\u00e1x:<\/strong>\u00a023\u00b0 |\u00a0<strong>Temp. M\u00edn:<\/strong>\u00a016\u00b0<\/li>\n\n\n\n<li><strong>Condiciones:<\/strong>\u00a0Parcialmente nublado<\/li>\n\n\n\n<li><strong>Probabilidades de precipitaciones:<\/strong>\u00a00-10% en la ma\u00f1ana, 0% en la tarde\/noche<\/li>\n<\/ul>\n\n\n\n<figure class=\"wp-block-image\"><img decoding=\"async\" src=\"https:\/\/tn.com.ar\/resizer\/v2\/como-estara-el-clima-el-resto-de-la-semana-segun-el-servicio-meteorologico-nacional-foto-servicio-meteorologico-nacional-4E7IA4DIJFABHP3IYOAPNRO2KY.PNG?auth=fe9101850d9cece665dadffd90430c6132923941f45d512de35d1d2d301ac37a&amp;width=767\" alt=\"C\u00f3mo estar\u00e1 el clima el resto de la semana, seg\u00fan el Servicio Meteorol\u00f3gico Nacional (Foto: Servicio Meteorol\u00f3gico Nacional).\"\/><\/figure>\n\n\n\n<p class=\"has-text-align-center\"><em><strong><em><strong><em><strong><a href=\"https:\/\/t.me\/esreviral\">\u00daNETE A NUESTRO CANAL DE TELEGRAM PARA ESTAR INFORMADO<\/a><\/strong><\/em><\/strong><\/em><\/strong><\/em><\/p>\n\n\n\n<p class=\"has-text-align-center\"><em><strong><a href=\"https:\/\/whatsapp.com\/channel\/0029VaAz7PmBKfhwZ5V3Gk2t\"><em>\u00daNETE A NUESTRO CANAL DE WHATSAPP PARA ESTAR INFORMADO<\/em><\/a><\/strong><\/em><\/p>\n","protected":false},"excerpt":{"rendered":"<p>Especialistas del Servicio Meteorol\u00f3gico Nacional pronostican precipitaciones en el \u00c1rea Metropolitana de Buenos Aires (AMBA) para hoy.<\/p>\n","protected":false},"author":3,"featured_media":60957,"comment_status":"closed","ping_status":"closed","sticky":false,"template":"","format":"standard","meta":{"jnews-multi-image_gallery":[],"jnews_single_post":{"subtitle":"","format":"standard","video":"","gallery":"","source_name":"","source_url":"","via_name":"","via_url":"","override_template":"0","override":[{"template":"4","single_blog_custom":"","parallax":"1","fullscreen":"1","layout":"right-sidebar","sidebar":"new-widget-area","second_sidebar":"default-sidebar","sticky_sidebar":"1","share_position":"top","share_float_style":"share-monocrhome","show_share_counter":"1","show_view_counter":"1","show_featured":"1","show_post_meta":"1","show_post_author":"1","show_post_author_image":"1","show_post_date":"1","post_date_format":"default","post_date_format_custom":"Y\/m\/d","show_post_category":"1","show_post_reading_time":"1","post_reading_time_wpm":"300","show_zoom_button":"1","zoom_button_out_step":"2","zoom_button_in_step":"3","show_post_tag":"1","show_prev_next_post":"1","show_popup_post":"1","number_popup_post":"1","show_author_box":"1","show_post_related":"1","show_inline_post_related":"0"}],"override_image_size":"0","image_override":[{"single_post_thumbnail_size":"crop-500","single_post_gallery_size":"crop-500"}],"trending_post":"0","trending_post_position":"meta","trending_post_label":"Trending","sponsored_post":"0","sponsored_post_label":"Sponsored by","sponsored_post_name":"","sponsored_post_url":"","sponsored_post_logo_enable":"0","sponsored_post_logo":"","sponsored_post_desc":"","disable_ad":"0"},"jnews_primary_category":{"id":"","hide":""},"jnews_social_meta":{"fb_title":"","fb_description":"","fb_image":"","twitter_title":"","twitter_description":"","twitter_image":""},"jnews_review":[],"enable_review":"0","type":"percentage","name":"","summary":"","brand":"","sku":"","good":[{"good_text":""}],"bad":[{"bad_text":""}],"score_override":"","override_value":"","rating":[{"rating_text":"","rating_number":"10"}],"price":[{"shop":"","price":"","link":"","icon":""}],"jnews_override_counter":{"override_view_counter":"0","view_counter_number":"0","override_share_counter":"0","share_counter_number":"0","override_like_counter":"0","like_counter_number":"0","override_dislike_counter":"0","dislike_counter_number":"0"},"jnews_post_split":{"enable_post_split":"0","post_split":[{"template":"1","tag":"h2","numbering":"asc","mode":"normal","first":"0","enable_toc":"0","toc_type":"normal"}]},"footnotes":""},"categories":[58],"tags":[44,124,1754,45,5555,1884],"class_list":["post-60956","post","type-post","status-publish","format-standard","has-post-thumbnail","hentry","category-argentina","tag-argentina","tag-buenos-aires","tag-granizo","tag-noticias","tag-servicio-meteorologico-nacional-2","tag-tormentas"],"_links":{"self":[{"href":"https:\/\/esreviral.com\/index.php?rest_route=\/wp\/v2\/posts\/60956","targetHints":{"allow":["GET"]}}],"collection":[{"href":"https:\/\/esreviral.com\/index.php?rest_route=\/wp\/v2\/posts"}],"about":[{"href":"https:\/\/esreviral.com\/index.php?rest_route=\/wp\/v2\/types\/post"}],"author":[{"embeddable":true,"href":"https:\/\/esreviral.com\/index.php?rest_route=\/wp\/v2\/users\/3"}],"replies":[{"embeddable":true,"href":"https:\/\/esreviral.com\/index.php?rest_route=%2Fwp%2Fv2%2Fcomments&post=60956"}],"version-history":[{"count":0,"href":"https:\/\/esreviral.com\/index.php?rest_route=\/wp\/v2\/posts\/60956\/revisions"}],"wp:featuredmedia":[{"embeddable":true,"href":"https:\/\/esreviral.com\/index.php?rest_route=\/wp\/v2\/media\/60957"}],"wp:attachment":[{"href":"https:\/\/esreviral.com\/index.php?rest_route=%2Fwp%2Fv2%2Fmedia&parent=60956"}],"wp:term":[{"taxonomy":"category","embeddable":true,"href":"https:\/\/esreviral.com\/index.php?rest_route=%2Fwp%2Fv2%2Fcategories&post=60956"},{"taxonomy":"post_tag","embeddable":true,"href":"https:\/\/esreviral.com\/index.php?rest_route=%2Fwp%2Fv2%2Ftags&post=60956"}],"curies":[{"name":"wp","href":"https:\/\/api.w.org\/{rel}","templated":true}]}}