{"id":60828,"date":"2024-09-17T12:07:33","date_gmt":"2024-09-17T17:07:33","guid":{"rendered":"https:\/\/esreviral.com\/?p=60828"},"modified":"2024-09-17T12:10:45","modified_gmt":"2024-09-17T17:10:45","slug":"menores-encerradas-con-adultos-y-violadas-descargas-electricas-y-agresiones-sexuales-la-onu-documento-mas-torturas-en-venezuela","status":"publish","type":"post","link":"https:\/\/esreviral.com\/?p=60828","title":{"rendered":"Desde descargas el\u00e9ctricas hasta agresiones sexuales: La ONU document\u00f3 m\u00e1s torturas en Venezuela"},"content":{"rendered":"\n<p>Chicas\u00a0<strong>menores de edad encerradas con hombres adultos<\/strong>, sometidas a vejaciones sexuales; torturas f\u00edsicas y psicol\u00f3gicas; violaciones; detenciones arbitrarias; desapariciones temporales; persecuciones pol\u00edticas y asesinatos de manifestantes en la calle. No estamos hablando de las dictaduras que horrorizaron a Am\u00e9rica del sur en los a\u00f1os70 y 80,<strong>\u00a0estamos hablando de Venezuela<\/strong>\u00a0bajo el pu\u00f1o de\u00a0<strong>Nicol\u00e1s Maduro.<\/strong><\/p>\n\n\n\n<p>Este\u00a0<strong>prontuario de cr\u00edmenes de lesa humanidad\u00a0<\/strong>se ha agudizado poco antes y despu\u00e9s de\u00a0la cuestionada elecci\u00f3n presidencial del 28 de julio.\u00a0Los casos son documentados por la Misi\u00f3n Internacional de Determinaci\u00f3n de los Hechos sobre Venezuela, creada por mandato de Consejo de Derechos Humanos de la ONU, y que ha presentado este martes en Ginebra\u00a0<strong>un informe sobre lo ocurrido entre el 1 de septiembre de 2023 y el 31 de agosto de 2024.<\/strong><\/p>\n\n\n\n<p>\u201cEl Gobierno de Venezuela<strong>&nbsp;ha intensificado dram\u00e1ticamente sus esfuerzos para aplastar toda oposici\u00f3n<\/strong>&nbsp;pac\u00edfica a su mandato, sumiendo a la naci\u00f3n en una de las crisis de derechos humanos m\u00e1s graves de la historia reciente\u201d, advirti\u00f3 hoy la Misi\u00f3n en su \u00faltimo informe.<\/p>\n\n\n\n<p><strong><mark style=\"background-color:rgba(0, 0, 0, 0)\" class=\"has-inline-color has-vivid-red-color\">Silenciar, desanimar y reprimir a la oposici\u00f3n<\/mark><\/strong><\/p>\n\n\n\n<p>\u201cLas violaciones y cr\u00edmenes documentados, incluido el crimen de lesa humanidad de persecuci\u00f3n con motivaciones pol\u00edticas, no son actos aislados o aleatorios, sino<strong>\u00a0parte de un plan continuo y coordinado<\/strong>\u00a0para silenciar, desanimar y reprimir la oposici\u00f3n al gobierno de Nicol\u00e1s Maduro.<\/p>\n\n\n\n<p class=\"has-text-align-center\"><img fetchpriority=\"high\" decoding=\"async\" width=\"720\" height=\"480\" src=\"https:\/\/www.clarin.com\/img\/2024\/08\/02\/VjACzmlLf_720x0__1.jpg\" alt=\"Protestas y represi\u00f3n en Caracas. Foto: AP\"><\/p>\n\n\n\n<p>\u00abEstamos presenciando<strong>&nbsp;una intensificaci\u00f3n del aparato represivo del Estado&nbsp;<\/strong>en respuesta a lo que percibe como cr\u00edticas, oposici\u00f3n o disidencia\u201d, dijo Marta Vali\u00f1as, presidenta de la Misi\u00f3n, al se\u00f1alar que la intensidad y car\u00e1cter sistem\u00e1tico de la represi\u00f3n, \u201crepresenta un ataque muy grave a los derechos fundamentales del pueblo venezolano, cometido a pesar de m\u00faltiples llamados dentro y fuera del pa\u00eds para respetar los derechos humanos\u201d.<\/p>\n\n\n\n<p>El\u00a0<strong>demoledor informe<\/strong>\u00a0constata que se mantiene pr\u00e1cticas denunciadas en\u00a0reportes previos.<\/p>\n\n\n\n<p>\u201cLa misi\u00f3n tiene motivos razonables para creer que algunas de las violaciones de los derechos humanos investigadas durante este per\u00edodo representan<strong>\u00a0la misma l\u00ednea de conducta<\/strong>\u00a0que la misi\u00f3n caracteriz\u00f3 en informes previos como cr\u00edmenes de lesa humanidad\u201d, sentencia.<\/p>\n\n\n\n<p class=\"has-text-align-center\"><img decoding=\"async\" width=\"720\" height=\"480\" src=\"https:\/\/www.clarin.com\/img\/2024\/08\/13\/U6ZAlKE_B_720x0__1.jpg\" alt=\"Polic\u00edas antimotines en una barricada en Caracas. Foto: Reuters\"><\/p>\n\n\n\n<p>\u201cEstas conductas se produjeron como parte del mismo ataque generalizado y sistem\u00e1tico\u00a0<strong>contra la poblaci\u00f3n civil,\u00a0<\/strong>en cumplimiento de una pol\u00edtica estatal de silenciar, desalentar y sofocar a la oposici\u00f3n al gobierno de Maduro\u201d.<\/p>\n\n\n\n<p><strong><mark style=\"background-color:rgba(0, 0, 0, 0)\" class=\"has-inline-color has-vivid-red-color\">Detenci\u00f3n de menores, algo nuevo<\/mark><\/strong><\/p>\n\n\n\n<p>\u201cLa misi\u00f3n obtuvo informaci\u00f3n sobre la detenci\u00f3n de&nbsp;<strong>158 ni\u00f1os y ni\u00f1as<\/strong>&nbsp;(130 chicos y 28 chicas) despu\u00e9s de las protestas, que fueron acusados de&nbsp;<strong>graves delitos como terrorismo<\/strong>, un fen\u00f3meno que la misi\u00f3n no hab\u00eda identificado anteriormente\u201d, dice uno de los pasajes del documento.<\/p>\n\n\n\n<p>La Convenci\u00f3n de Naciones Unidas Sobre los Derechos del Ni\u00f1o entiende como tal a\u00a0<strong>todo ser humano menor de 18 a\u00f1os de edad.<\/strong><\/p>\n\n\n\n<p>Entre el 29 y el 30 de julio se produjeron&nbsp;<strong>915 protestas ciudadanas&nbsp;<\/strong>en el pa\u00eds en rechazo a los resultados anunciados por el Consejo Nacional Electoral, seg\u00fan los datos del Observatorio Venezolano de Conflictividad Social.<\/p>\n\n\n\n<p>\u201cDurante esos d\u00edas, y en los d\u00edas posteriores,&nbsp;<strong>se registr\u00f3 una violenta represi\u00f3n<\/strong>&nbsp;por parte de los cuerpos de seguridad y grupos de civiles armados afines al Gobierno. La represi\u00f3n provoc\u00f3 25 fallecidos y centenares de personas heridas y detenidas, por el simple hecho de haber expresado una opini\u00f3n. Entre las v\u00edctimas se encuentran ni\u00f1os y ni\u00f1as, as\u00ed como<strong>&nbsp;personas con discapacidad<\/strong>\u201d, recoge el informe.<\/p>\n\n\n\n<p>En algunos casos los menores permanecieron recluidos en prisiones comunes,<strong>&nbsp;sin que se respetara la separaci\u00f3n por edad o g\u00e9nero.<\/strong><\/p>\n\n\n\n<p>\u201cEsta falta de divisi\u00f3n en los centros de detenci\u00f3n<strong>\u00a0afect\u00f3 sobre todo a las ni\u00f1as,<\/strong> que, en ocasiones,\u00a0<strong>fueron sometidas a vejaciones sexuales mientras permanecieron detenidas junto con adultos hombres<\/strong>\u201d, recoge el documento.<\/p>\n\n\n\n<p class=\"has-text-align-center\"><img decoding=\"async\" width=\"720\" height=\"480\" src=\"https:\/\/www.clarin.com\/img\/2024\/07\/29\/er9TnKZog_720x0__1.jpg\" alt=\"Polic\u00edas antimotines se llevan detenido a un manifestante. Foto: Reuters\"><\/p>\n\n\n\n<p>Se basa&nbsp;<strong>en testimonios de 383 personas<\/strong>, en expedientes judiciales, informes de organizaciones defensoras de los Derechos Humanos, fuentes documentales y audiovisuales, denuncias, informaciones period\u00edsticas y en fuentes abiertas y confidenciales.<\/p>\n\n\n\n<p><strong><mark style=\"background-color:rgba(0, 0, 0, 0)\" class=\"has-inline-color has-vivid-red-color\">Persecuci\u00f3n sistem\u00e1tica contra disidentes<\/mark><\/strong><\/p>\n\n\n\n<p>En el marco de las protestas espont\u00e1neas tras el anunci\u00f3 que dio \u00abel triunfo\u00bb a Nicol\u00e1s Maduro, las autoridades pusieron en marcha<strong>\u00a0\u201cuna campa\u00f1a de detenciones masivas e indiscriminadas sin precedente<\/strong>, al tiempo que continuaron las detenciones selectivas de actores de la oposici\u00f3n y de la sociedad civil\u201d.<\/p>\n\n\n\n<p>\u201cEl sistema de acoso y represi\u00f3n violenta contra personas opositoras o percibidas como tales se reactiv\u00f3 de manera intensa y acelerada. Como resultado, la represi\u00f3n llev\u00f3 a la comisi\u00f3n de violaciones graves de los derechos humanos y delitos\u201d, apunta el documento.<\/p>\n\n\n\n<p><img loading=\"lazy\" decoding=\"async\" width=\"720\" height=\"480\" src=\"https:\/\/www.clarin.com\/img\/2024\/07\/29\/5iaOv0QdC_720x0__1.jpg\" alt=\"Manifestantes se protegen de los gases, en una avenida en Caracas. Foto: AP\"><\/p>\n\n\n\n<p>\u201cLa represi\u00f3n provoc\u00f3<strong>&nbsp;25 fallecidos y centenares de personas heridas y detenidas<\/strong>, por el simple hecho de haber expresado una opini\u00f3n. Entre las v\u00edctimas se encuentran ni\u00f1os y ni\u00f1as, as\u00ed como personas con discapacidad\u201d.<\/p>\n\n\n\n<p>Algunas de las violaciones documentadas, \u201cincluyendo&nbsp;<strong>detenciones arbitrarias, tortura y violencia sexual<\/strong>, as\u00ed como otras violaciones conexas, consideradas en su conjunto, constituyen el crimen de lesa humanidad de persecuci\u00f3n pol\u00edtica fundada en motivos pol\u00edticos\u201d, contra personas cr\u00edticas del Gobierno, opositoras pol\u00edticas, o percibidas como tales.<\/p>\n\n\n\n<p><mark style=\"background-color:rgba(0, 0, 0, 0)\" class=\"has-inline-color has-vivid-red-color\"><strong>Clima de miedo<\/strong><\/mark><\/p>\n\n\n\n<p>Como parte de esta represi\u00f3n, las autoridades llevaron a cabo,<strong>&nbsp;\u201cde forma consciente y planificada\u201d,<\/strong>&nbsp;acciones para desarticular y desmovilizar la oposici\u00f3n pol\u00edtica organizada; inhibir la difusi\u00f3n de informaci\u00f3n independiente y opiniones cr\u00edticas al Gobierno y a impedir la protesta ciudadana pac\u00edfica. \u201cLa brutalidad de la represi\u00f3n sigue generando<strong>&nbsp;un clima de miedo generalizado en la poblaci\u00f3n<\/strong>\u201d.<\/p>\n\n\n\n<p>Los expertos se\u00f1alan que la respuesta represiva del Estado a las protestas&nbsp;<strong>\u201cmarcaron un nuevo hito en el deterioro del Estado de derecho\u201d.<\/strong><\/p>\n\n\n\n<p class=\"has-text-align-left\">\u201cLos principales poderes p\u00fablicos abandonaron toda apariencia de independencia y\u00a0<strong>se sometieron abiertamente al Ejecutivo<\/strong>. En la pr\u00e1ctica, muchas de las garant\u00edas judiciales perdieron su efectividad, dejando a la ciudadan\u00eda en desamparo frente al ejercicio arbitrario del poder\u201d.<\/p>\n\n\n\n<p class=\"has-text-align-center\"><img loading=\"lazy\" decoding=\"async\" width=\"720\" height=\"480\" src=\"https:\/\/www.clarin.com\/img\/2024\/07\/29\/p6FwPbOXL_720x0__1.jpg\" alt=\"Una mujer durante tras protestas el d\u00eda despu\u00e9s de las elecciones, en Caracas. Foto: AP\"><\/p>\n\n\n\n<p>El propio fiscal general,&nbsp;<strong>Tarek William Saab<\/strong>&nbsp;\u201ccontinu\u00f3 operando como parte de la maquinaria represiva del Gobierno para dotar de una apariencia de legalidad a las graves violaciones de derechos humanos cometidas durante este per\u00edodo\u201d y lider\u00f3 la acci\u00f3n del Estado \u201cque condujo a violaciones de derechos humanos, incluidas las detenciones en masa, al amparo de la narrativa del Ejecutivo de la lucha contra un \u201cgolpe de Estado\u201d y el \u201cfascismo\u201d.<\/p>\n\n\n\n<p>En algunos de los casos investigados, \u201clas condiciones de detenci\u00f3n constituyeron actos de tortura o tratos o penas crueles, inhumanos o degradantes\u201d.<\/p>\n\n\n\n<p>Esas condiciones incluyen en casos investigados el aislamiento prolongado en una celda de cuatro metros cuadrados, sobre los 40 grados&nbsp;<strong>e inhalaci\u00f3n obligada de mon\u00f3xido de carbono;&nbsp;<\/strong>condiciones insalubres,&nbsp;<strong>insuficiente acceso al agua, comida y saneamiento<\/strong>; restricciones a visitas y a llamadas telef\u00f3nicas; amenazas a los familiares y malos tratos.<\/p>\n\n\n\n<p><strong><mark style=\"background-color:rgba(0, 0, 0, 0)\" class=\"has-inline-color has-vivid-red-color\">Las torturas<\/mark><\/strong><\/p>\n\n\n\n<p>Los m\u00e9todos de torturas en los casos investigados incluyeron&nbsp;<strong>golpes, descargas el\u00e9ctricas, incluidos en los genitales, asfixia con bolsas de pl\u00e1stico<\/strong>,&nbsp;<strong>inmersi\u00f3n en agua fr\u00eda y privaci\u00f3n forzada del sue\u00f1o<\/strong>&nbsp;a trav\u00e9s de iluminaci\u00f3n y m\u00fasica alta las 24 horas del d\u00eda.<\/p>\n\n\n\n<p>La misi\u00f3n recomienda a la comunidad internacional mantener la investigaci\u00f3n sobre la situaci\u00f3n de los derechos humanos en Venezuela e insistir en la necesidad de la rendici\u00f3n de cuentas en los casos de graves violaciones a los derechos humanos y delitos internacionales, as\u00ed como justicia y reparaci\u00f3n para las v\u00edctimas.<\/p>\n\n\n\n<p>Entre los avances en esta rendici\u00f3n de cuentas destaca que en abril pasado la&nbsp;<strong>sala 1 de la C\u00e1mara Criminal y Correccional federal de Buenos Aires<\/strong>, Argentina, sentenci\u00f3 confirmando la jurisdicci\u00f3n de los tribunales argentinos para&nbsp;<strong>investigar cr\u00edmenes de lesa humanidad cometidos en Venezuela.<\/strong><\/p>\n\n\n\n<p>Ese mismo tribunal adem\u00e1s est\u00e1 considerando otra denuncia de cr\u00edmenes de lesa humanidad, presenta en enero de 2023 por la ONG Foro Argentino por la Democracia en la Regi\u00f3n.<\/p>\n\n\n\n<p class=\"has-text-align-center\"><em><strong><em><strong><em><strong><a href=\"https:\/\/t.me\/esreviral\">\u00daNETE A NUESTRO CANAL DE TELEGRAM PARA ESTAR INFORMADO<\/a><\/strong><\/em><\/strong><\/em><\/strong><\/em><\/p>\n\n\n\n<p class=\"has-text-align-center\"><em><strong><a href=\"https:\/\/whatsapp.com\/channel\/0029VaAz7PmBKfhwZ5V3Gk2t\"><em>\u00daNETE A NUESTRO CANAL DE WHATSAPP PARA ESTAR INFORMADO<\/em><\/a><\/strong><\/em><\/p>\n\n\n\n<p class=\"has-text-align-right\"><strong><em>Clarin.-<\/em><\/strong><\/p>\n\n\n\n<p><\/p>\n","protected":false},"excerpt":{"rendered":"<p>Este prontuario de cr\u00edmenes de lesa humanidad se ha agudizado poco antes y despu\u00e9s de la cuestionada elecci\u00f3n presidencial del 28 de julio.<br \/>\nLos casos fueron documentados por la Misi\u00f3n Internacional de Determinaci\u00f3n de los Hechos sobre Venezuela de la ONU.<\/p>\n","protected":false},"author":3,"featured_media":60829,"comment_status":"closed","ping_status":"closed","sticky":false,"template":"","format":"standard","meta":{"jnews-multi-image_gallery":[],"jnews_single_post":{"subtitle":"","format":"standard","video":"","gallery":"","source_name":"","source_url":"","via_name":"","via_url":"","override_template":"0","override":[{"template":"4","single_blog_custom":"","parallax":"1","fullscreen":"1","layout":"right-sidebar","sidebar":"new-widget-area","second_sidebar":"default-sidebar","sticky_sidebar":"1","share_position":"top","share_float_style":"share-monocrhome","show_share_counter":"1","show_view_counter":"1","show_featured":"1","show_post_meta":"1","show_post_author":"1","show_post_author_image":"1","show_post_date":"1","post_date_format":"default","post_date_format_custom":"Y\/m\/d","show_post_category":"1","show_post_reading_time":"1","post_reading_time_wpm":"300","show_zoom_button":"1","zoom_button_out_step":"2","zoom_button_in_step":"3","show_post_tag":"1","show_prev_next_post":"1","show_popup_post":"1","number_popup_post":"1","show_author_box":"1","show_post_related":"1","show_inline_post_related":"0"}],"override_image_size":"0","image_override":[{"single_post_thumbnail_size":"crop-500","single_post_gallery_size":"crop-500"}],"trending_post":"0","trending_post_position":"meta","trending_post_label":"Trending","sponsored_post":"0","sponsored_post_label":"Sponsored by","sponsored_post_name":"","sponsored_post_url":"","sponsored_post_logo_enable":"0","sponsored_post_logo":"","sponsored_post_desc":"","disable_ad":"0"},"jnews_primary_category":{"id":"","hide":""},"jnews_social_meta":{"fb_title":"","fb_description":"","fb_image":"","twitter_title":"","twitter_description":"","twitter_image":""},"jnews_review":[],"enable_review":"0","type":"percentage","name":"","summary":"","brand":"","sku":"","good":[{"good_text":""}],"bad":[{"bad_text":""}],"score_override":"","override_value":"","rating":[{"rating_text":"","rating_number":"10"}],"price":[{"shop":"","price":"","link":"","icon":""}],"jnews_override_counter":{"override_view_counter":"0","view_counter_number":"0","override_share_counter":"0","share_counter_number":"0","override_like_counter":"0","like_counter_number":"0","override_dislike_counter":"0","dislike_counter_number":"0"},"jnews_post_split":{"enable_post_split":"0","post_split":[{"template":"1","tag":"h2","numbering":"asc","mode":"normal","first":"0","enable_toc":"0","toc_type":"normal"}]},"footnotes":""},"categories":[66],"tags":[4595,854,18218,14112,18216,18214,45,1434,18215,56,18217],"class_list":["post-60828","post","type-post","status-publish","format-standard","has-post-thumbnail","hentry","category-venezuela","tag-agresiones-sexuales","tag-derechos-humanos","tag-derechos-humanos-en-venezuela","tag-descargas-electricas","tag-golpes-con-bates","tag-naciones-unidas","tag-noticias","tag-onu","tag-torturas-en-venezuela","tag-venezuela","tag-violaciones-de-los-derechos-humanos"],"amp_enabled":true,"_links":{"self":[{"href":"https:\/\/esreviral.com\/index.php?rest_route=\/wp\/v2\/posts\/60828"}],"collection":[{"href":"https:\/\/esreviral.com\/index.php?rest_route=\/wp\/v2\/posts"}],"about":[{"href":"https:\/\/esreviral.com\/index.php?rest_route=\/wp\/v2\/types\/post"}],"author":[{"embeddable":true,"href":"https:\/\/esreviral.com\/index.php?rest_route=\/wp\/v2\/users\/3"}],"replies":[{"embeddable":true,"href":"https:\/\/esreviral.com\/index.php?rest_route=%2Fwp%2Fv2%2Fcomments&post=60828"}],"version-history":[{"count":0,"href":"https:\/\/esreviral.com\/index.php?rest_route=\/wp\/v2\/posts\/60828\/revisions"}],"wp:featuredmedia":[{"embeddable":true,"href":"https:\/\/esreviral.com\/index.php?rest_route=\/wp\/v2\/media\/60829"}],"wp:attachment":[{"href":"https:\/\/esreviral.com\/index.php?rest_route=%2Fwp%2Fv2%2Fmedia&parent=60828"}],"wp:term":[{"taxonomy":"category","embeddable":true,"href":"https:\/\/esreviral.com\/index.php?rest_route=%2Fwp%2Fv2%2Fcategories&post=60828"},{"taxonomy":"post_tag","embeddable":true,"href":"https:\/\/esreviral.com\/index.php?rest_route=%2Fwp%2Fv2%2Ftags&post=60828"}],"curies":[{"name":"wp","href":"https:\/\/api.w.org\/{rel}","templated":true}]}}