{"id":60796,"date":"2024-09-17T07:28:18","date_gmt":"2024-09-17T12:28:18","guid":{"rendered":"https:\/\/esreviral.com\/?p=60796"},"modified":"2024-09-18T11:17:26","modified_gmt":"2024-09-18T16:17:26","slug":"de-varios-balazos-en-la-cabeza-ultimaron-a-mototaxista-venezolano","status":"publish","type":"post","link":"https:\/\/esreviral.com\/?p=60796","title":{"rendered":"De varios balazos en la cabeza ultimaron a mototaxista venezolano"},"content":{"rendered":"\n<p><strong>Un nuevo homicidio<\/strong> sacude al municipio de Caucasia, en el Bajo Cauca antioque\u00f1o. En esta ocasi\u00f3n, la v\u00edctima fue <strong>Yoendry Mar\u00edn, un joven venezolano de 21 a\u00f1os de edad, quien fue asesinado a tiros en una zona urbana del barrio Las Gaviotas.<\/strong><\/p>\n\n\n\n<p>Seg\u00fan el informe de las autoridades, Mar\u00edn, quien trabajaba como mototaxista y domiciliario, <strong>recibi\u00f3 m\u00faltiples disparos en la cabeza mientras caminaba por la calle, falleciendo en el lugar.<\/strong><\/p>\n\n\n\n<p>Lea tambi\u00e9n: <strong><a href=\"https:\/\/esreviral.com\/?p=60806\">Madre mat\u00f3 a tiros a sus tres hijos antes de quitarse la vida <\/a><\/strong><\/p>\n\n\n\n<p>Hasta el momento, las autoridades no han revelado informaci\u00f3n sobre los posibles responsables o las causas del crimen, aunque se investiga si este asesinato<strong> podr\u00eda estar vinculado a actividades delictivas en la regi\u00f3n<\/strong>.<\/p>\n\n\n\n<p>Este tr\u00e1gico hecho se suma a la preocupante ola de violencia en el Bajo Cauca, donde el n\u00famero de muertes violentas ya supera las 100 en lo que va del 2024.<\/p>\n\n\n\n<p class=\"has-text-align-center\"><em><strong><em><strong><em><strong><a href=\"https:\/\/t.me\/esreviral\">\u00daNETE A NUESTRO CANAL DE TELEGRAM PARA ESTAR INFORMADO<\/a><\/strong><\/em><\/strong><\/em><\/strong><\/em><\/p>\n\n\n\n<p class=\"has-text-align-center\"><em><strong><a href=\"https:\/\/whatsapp.com\/channel\/0029VaAz7PmBKfhwZ5V3Gk2t\"><em>\u00daNETE A NUESTRO CANAL DE WHATSAPP PARA ESTAR INFORMADO<\/em><\/a><\/strong><\/em><\/p>\n","protected":false},"excerpt":{"rendered":"<p>Recibi\u00f3 m\u00faltiples impactos de bala en la cabeza, quedando sin vida en la v\u00eda p\u00fablica. <\/p>\n","protected":false},"author":3,"featured_media":60797,"comment_status":"closed","ping_status":"closed","sticky":false,"template":"","format":"standard","meta":{"jnews-multi-image_gallery":[],"jnews_single_post":{"subtitle":"","format":"standard","video":"","gallery":"","source_name":"","source_url":"","via_name":"","via_url":"","override_template":"0","override":[{"template":"4","single_blog_custom":"","parallax":"1","fullscreen":"1","layout":"right-sidebar","sidebar":"new-widget-area","second_sidebar":"default-sidebar","sticky_sidebar":"1","share_position":"top","share_float_style":"share-monocrhome","show_share_counter":"1","show_view_counter":"1","show_featured":"1","show_post_meta":"1","show_post_author":"1","show_post_author_image":"1","show_post_date":"1","post_date_format":"default","post_date_format_custom":"Y\/m\/d","show_post_category":"1","show_post_reading_time":"1","post_reading_time_wpm":"300","show_zoom_button":"1","zoom_button_out_step":"2","zoom_button_in_step":"3","show_post_tag":"1","show_prev_next_post":"1","show_popup_post":"1","number_popup_post":"1","show_author_box":"1","show_post_related":"1","show_inline_post_related":"0"}],"override_image_size":"0","image_override":[{"single_post_thumbnail_size":"crop-500","single_post_gallery_size":"crop-500"}],"trending_post":"0","trending_post_position":"meta","trending_post_label":"Trending","sponsored_post":"0","sponsored_post_label":"Sponsored by","sponsored_post_name":"","sponsored_post_url":"","sponsored_post_logo_enable":"0","sponsored_post_logo":"","sponsored_post_desc":"","disable_ad":"0"},"jnews_primary_category":{"id":"","hide":""},"jnews_social_meta":{"fb_title":"","fb_description":"","fb_image":"","twitter_title":"","twitter_description":"","twitter_image":""},"jnews_review":[],"enable_review":"0","type":"percentage","name":"","summary":"","brand":"","sku":"","good":[{"good_text":""}],"bad":[{"bad_text":""}],"score_override":"","override_value":"","rating":[{"rating_text":"","rating_number":"10"}],"price":[{"shop":"","price":"","link":"","icon":""}],"jnews_override_counter":{"override_view_counter":"0","view_counter_number":"0","override_share_counter":"0","share_counter_number":"0","override_like_counter":"0","like_counter_number":"0","override_dislike_counter":"0","dislike_counter_number":"0"},"jnews_post_split":{"enable_post_split":"0","post_split":[{"template":"1","tag":"h2","numbering":"asc","mode":"normal","first":"0","enable_toc":"0","toc_type":"normal"}]},"footnotes":""},"categories":[54,88,64],"tags":[10697,18194,282,4209,16012,45,7950,2625],"class_list":["post-60796","post","type-post","status-publish","format-standard","has-post-thumbnail","hentry","category-inmigracion","category-internacionales","category-sucesos","tag-antioquia","tag-caucasia","tag-homicidio","tag-joven-venezolano","tag-mototaxista-venezolano","tag-noticias","tag-tiros","tag-violencia"],"amp_enabled":true,"_links":{"self":[{"href":"https:\/\/esreviral.com\/index.php?rest_route=\/wp\/v2\/posts\/60796"}],"collection":[{"href":"https:\/\/esreviral.com\/index.php?rest_route=\/wp\/v2\/posts"}],"about":[{"href":"https:\/\/esreviral.com\/index.php?rest_route=\/wp\/v2\/types\/post"}],"author":[{"embeddable":true,"href":"https:\/\/esreviral.com\/index.php?rest_route=\/wp\/v2\/users\/3"}],"replies":[{"embeddable":true,"href":"https:\/\/esreviral.com\/index.php?rest_route=%2Fwp%2Fv2%2Fcomments&post=60796"}],"version-history":[{"count":0,"href":"https:\/\/esreviral.com\/index.php?rest_route=\/wp\/v2\/posts\/60796\/revisions"}],"wp:featuredmedia":[{"embeddable":true,"href":"https:\/\/esreviral.com\/index.php?rest_route=\/wp\/v2\/media\/60797"}],"wp:attachment":[{"href":"https:\/\/esreviral.com\/index.php?rest_route=%2Fwp%2Fv2%2Fmedia&parent=60796"}],"wp:term":[{"taxonomy":"category","embeddable":true,"href":"https:\/\/esreviral.com\/index.php?rest_route=%2Fwp%2Fv2%2Fcategories&post=60796"},{"taxonomy":"post_tag","embeddable":true,"href":"https:\/\/esreviral.com\/index.php?rest_route=%2Fwp%2Fv2%2Ftags&post=60796"}],"curies":[{"name":"wp","href":"https:\/\/api.w.org\/{rel}","templated":true}]}}