{"id":60575,"date":"2024-09-12T12:41:11","date_gmt":"2024-09-12T17:41:11","guid":{"rendered":"https:\/\/esreviral.com\/?p=60575"},"modified":"2024-09-12T12:41:12","modified_gmt":"2024-09-12T17:41:12","slug":"balearon-a-barbero-venezolano-para-robarle-su-gargantilla-de-oro","status":"publish","type":"post","link":"https:\/\/esreviral.com\/?p=60575","title":{"rendered":"Balearon a barbero venezolano para robarle su gargantilla de oro\u00a0"},"content":{"rendered":"\n<p><strong>Un barbero venezolano fue brutalmente baleado<\/strong> en su propia barber\u00eda por un<strong> delincuente que le rob\u00f3 una gargantilla de oro.<\/strong> El joven, cuya identidad a\u00fan se desconoce, recibi\u00f3 un disparo en el brazo mientras intentaba defenderse del ataque.<\/p>\n\n\n\n<p>El violento asalto ocurri\u00f3 en pleno d\u00eda, en una barber\u00eda ubicada en la intersecci\u00f3n de Chile Espa\u00f1a y Los Leones. Seg\u00fan el comisario de la PDI, Vicente Torres, \u00ab<strong><em>el atacante ingres\u00f3 con el rostro cubierto y sin mediar palabras, dispar\u00f3 directamente contra la v\u00edctima para arrebatarle la valiosa joya que llevaba puesta<\/em><\/strong>\u00ab.<\/p>\n\n\n\n<p>El barbero fue trasladado de urgencia al Hospital del Salvador, donde se confirm\u00f3 que la herida es de mediana gravedad. El caso, que ha causado conmoci\u00f3n entre los vecinos, qued\u00f3 en manos de la Brigada de Homicidios de la PDI.<\/p>\n\n\n\n<p class=\"has-text-align-center\"><strong><em><strong><a href=\"https:\/\/t.me\/esreviral\">\u00daNETE A NUESTRO CANAL DE TELEGRAM PARA ESTAR INFORMADO<\/a><\/strong><\/em><\/strong><\/p>\n\n\n\n<p class=\"has-text-align-center\"><em><strong><a href=\"https:\/\/whatsapp.com\/channel\/0029VaAz7PmBKfhwZ5V3Gk2t\"><em>\u00daNETE A NUESTRO CANAL DE WHATSAPP PARA ESTAR INFORMADO<\/em><\/a><\/strong><\/em><\/p>\n","protected":false},"excerpt":{"rendered":"<p>Un barbero venezolano fue brutalmente baleado en su propia barber\u00eda por un delincuente que le rob\u00f3 una gargantilla de oro. El joven, cuya identidad a\u00fan se desconoce, recibi\u00f3 un disparo en el brazo mientras intentaba defenderse del ataque. El violento asalto ocurri\u00f3 en pleno d\u00eda, en una barber\u00eda ubicada en la intersecci\u00f3n de Chile Espa\u00f1a [&hellip;]<\/p>\n","protected":false},"author":3,"featured_media":60576,"comment_status":"closed","ping_status":"closed","sticky":false,"template":"","format":"standard","meta":{"jnews-multi-image_gallery":[],"jnews_single_post":{"subtitle":"","format":"standard","video":"","gallery":"","source_name":"","source_url":"","via_name":"","via_url":"","override_template":"0","override":[{"template":"4","single_blog_custom":"","parallax":"1","fullscreen":"1","layout":"right-sidebar","sidebar":"new-widget-area","second_sidebar":"default-sidebar","sticky_sidebar":"1","share_position":"top","share_float_style":"share-monocrhome","show_share_counter":"1","show_view_counter":"1","show_featured":"1","show_post_meta":"1","show_post_author":"1","show_post_author_image":"1","show_post_date":"1","post_date_format":"default","post_date_format_custom":"Y\/m\/d","show_post_category":"1","show_post_reading_time":"1","post_reading_time_wpm":"300","show_zoom_button":"1","zoom_button_out_step":"2","zoom_button_in_step":"3","show_post_tag":"1","show_prev_next_post":"1","show_popup_post":"1","number_popup_post":"1","show_author_box":"1","show_post_related":"1","show_inline_post_related":"0"}],"override_image_size":"0","image_override":[{"single_post_thumbnail_size":"crop-500","single_post_gallery_size":"crop-500"}],"trending_post":"0","trending_post_position":"meta","trending_post_label":"Trending","sponsored_post":"0","sponsored_post_label":"Sponsored by","sponsored_post_name":"","sponsored_post_url":"","sponsored_post_logo_enable":"0","sponsored_post_logo":"","sponsored_post_desc":"","disable_ad":"0"},"jnews_primary_category":{"id":"","hide":""},"jnews_social_meta":{"fb_title":"","fb_description":"","fb_image":"","twitter_title":"","twitter_description":"","twitter_image":""},"jnews_review":[],"enable_review":"0","type":"percentage","name":"","summary":"","brand":"","sku":"","good":[{"good_text":""}],"bad":[{"bad_text":""}],"score_override":"","override_value":"","rating":[{"rating_text":"","rating_number":"10"}],"price":[{"shop":"","price":"","link":"","icon":""}],"jnews_override_counter":{"override_view_counter":"0","view_counter_number":"0","override_share_counter":"0","share_counter_number":"0","override_like_counter":"0","like_counter_number":"0","override_dislike_counter":"0","dislike_counter_number":"0"},"jnews_post_split":{"enable_post_split":"0","post_split":[{"template":"1","tag":"h2","numbering":"asc","mode":"normal","first":"0","enable_toc":"0","toc_type":"normal"}]},"footnotes":""},"categories":[54,88,64],"tags":[13623,386,1167,45,739,56],"class_list":["post-60575","post","type-post","status-publish","format-standard","has-post-thumbnail","hentry","category-inmigracion","category-internacionales","category-sucesos","tag-barbero-venezolano","tag-chile","tag-delincuente","tag-noticias","tag-venezolanos-en-chile","tag-venezuela"],"_links":{"self":[{"href":"https:\/\/esreviral.com\/index.php?rest_route=\/wp\/v2\/posts\/60575","targetHints":{"allow":["GET"]}}],"collection":[{"href":"https:\/\/esreviral.com\/index.php?rest_route=\/wp\/v2\/posts"}],"about":[{"href":"https:\/\/esreviral.com\/index.php?rest_route=\/wp\/v2\/types\/post"}],"author":[{"embeddable":true,"href":"https:\/\/esreviral.com\/index.php?rest_route=\/wp\/v2\/users\/3"}],"replies":[{"embeddable":true,"href":"https:\/\/esreviral.com\/index.php?rest_route=%2Fwp%2Fv2%2Fcomments&post=60575"}],"version-history":[{"count":0,"href":"https:\/\/esreviral.com\/index.php?rest_route=\/wp\/v2\/posts\/60575\/revisions"}],"wp:featuredmedia":[{"embeddable":true,"href":"https:\/\/esreviral.com\/index.php?rest_route=\/wp\/v2\/media\/60576"}],"wp:attachment":[{"href":"https:\/\/esreviral.com\/index.php?rest_route=%2Fwp%2Fv2%2Fmedia&parent=60575"}],"wp:term":[{"taxonomy":"category","embeddable":true,"href":"https:\/\/esreviral.com\/index.php?rest_route=%2Fwp%2Fv2%2Fcategories&post=60575"},{"taxonomy":"post_tag","embeddable":true,"href":"https:\/\/esreviral.com\/index.php?rest_route=%2Fwp%2Fv2%2Ftags&post=60575"}],"curies":[{"name":"wp","href":"https:\/\/api.w.org\/{rel}","templated":true}]}}