{"id":6053,"date":"2021-04-26T17:28:21","date_gmt":"2021-04-26T20:28:21","guid":{"rendered":"http:\/\/esreviral.com\/?p=6053"},"modified":"2021-04-26T17:28:21","modified_gmt":"2021-04-26T20:28:21","slug":"no-parece-lejano-el-momento-de-tener-que-elegir-a-quien-darle-un-respirador-en-argentina","status":"publish","type":"post","link":"https:\/\/esreviral.com\/?p=6053","title":{"rendered":"\u00abNo parece lejano el momento de tener que elegir a qui\u00e9n darle un respirador\u00bb, en Argentina"},"content":{"rendered":"\n<p>El presidente de la Sociedad Argentina de Emergencias, Gonzalo Camargo, afirm\u00f3 que \u00abno parece para nada lejano\u00bb el momento de tener que elegir a qu\u00e9 paciente atender con un respirador y dijo que para tomar esa decisi\u00f3n \u00abregida por c\u00f3digos de \u00e9tica, se elige a la persona que tiene mayores posibilidades de sobrevida, lamentablemente\u00bb.<\/p>\n\n\n\n<p><strong>\u00abLo que estamos viendo en emergencias es que cada vez m\u00e1s hay pacientes esperando en una guardia para tener una cama o esperando en ambulancias para tener un lugar donde los puedan atender. Esto genera mucha tensi\u00f3n en general\u00bb,<\/strong>&nbsp;explic\u00f3.<\/p>\n\n\n\n<p>El especialista en emergentolog\u00eda tambi\u00e9n aludi\u00f3 a la alta demanda de ox\u00edgeno, \u00abque es vital para esta enfermedad\u00bb.<\/p>\n\n\n\n<blockquote class=\"wp-block-quote td_quote_box td_box_center is-layout-flow wp-block-quote-is-layout-flow\"><p>\u00abSi una instituci\u00f3n grande tiene un solo respirador y llegan dos pacientes, en alg\u00fan momento vas a tener que elegir\u00bb<\/p><\/blockquote>\n\n\n\n<p>En declaraciones a radio Continental, dijo: \u00abMuchos sistemas de salud tienen provisi\u00f3n de ox\u00edgeno por tuber\u00edas espec\u00edficas, y cl\u00ednicas m\u00e1s chiquitas tiene sistema de tubos, que es finito. Las f\u00e1bricas que disponen de todo esto est\u00e1n con mucha demanda y esto hace que est\u00e9 faltando el ox\u00edgeno de tubo y no se pueda cumplir\u00bb.<\/p>\n\n\n\n<p>Camargo&nbsp;<strong>record\u00f3 las \u00abim\u00e1genes como hemos visto en pa\u00edses de gente esperando en las f\u00e1bricas para llevar ox\u00edgeno a sus familiares o, incluso, teniendo a sus familiares en las casas debido a la falta de camas\u00bb y asegur\u00f3 que \u00abninguno quiere ver\u00bb lo mismo.<\/strong><\/p>\n\n\n\n<p>En relaci\u00f3n a la demanda de respiradores, se\u00f1al\u00f3 que\u00a0<strong>\u00abconozco lugares donde el domingo hab\u00eda un solo respirador para todo el sistema en un sanatorio con mucha cantidad de camas\u00bb.<\/strong><\/p>\n\n\n\n<p>\u00abSi una instituci\u00f3n grande tiene un solo respirador y llegan dos pacientes, en alg\u00fan momento vas a tener que elegir\u00bb a qui\u00e9n darle el respirador, continu\u00f3, y dijo que \u00abtodo est\u00e1 regido por c\u00f3digos de \u00e9tica, se elige a la persona que tiene mayores posibilidades de sobrevida, lamentablemente\u00bb.<\/p>\n\n\n\n<p><strong>\u00abEs muy duro, ponete en la piel del que lo tiene que hacer, c\u00f3mo le explic\u00e1s a la familia, es una situaci\u00f3n muy dif\u00edcil, por eso no pod\u00e9s entender que pueda haber cuestiones individuales o incluso partidarias en este contexto\u00bb<\/strong>, asegur\u00f3.<\/p>\n\n\n\n<p>En este sentido, afirm\u00f3 que&nbsp;<strong>\u00absi seguimos con esta cantidad de casos, no parece para nada lejano (el momento de tener que elegir c\u00f3mo distribuir los respiradores), por eso es fundamental bajar la cantidad de casos\u00bb.<\/strong><\/p>\n\n\n\n<p>Por este motivo, el especialista hizo un llamado a bajar la circulaci\u00f3n.<\/p>\n\n\n\n<p>\u00abLa cantidad de internaciones y de casos dependen directamente de la cantidad de contagios,&nbsp;<strong>la cantidad de contagios depende de la circulaci\u00f3n y de la reuni\u00f3n de personas;<\/strong>&nbsp;esto es claro, ac\u00e1 y en todo el mundo. A veces no se ve lo que pasa en pa\u00edses donde la situaci\u00f3n econ\u00f3mica y social y la calidad del sistema de salud es mucho mejor que la nuestra, han parado y dado dos horas por d\u00eda para ir al supermercado y las farmacias y el resto de las actividades est\u00e1n paradas por determinada cantidad de tiempo\u00bb, expres\u00f3.<\/p>\n\n\n\n<p>Por \u00faltimo, se\u00f1al\u00f3 que<strong>\u00a0\u00abcuando la clase pol\u00edtica no est\u00e1 a la altura de las circunstancias nos desmoraliza un poco m\u00e1s<\/strong>, porque no hemos parado en un a\u00f1o y medio y cuando ves que llaman a la rebeld\u00eda te sent\u00eds m\u00e1s desprotegido\u00bb.<\/p>\n\n\n\n<p class=\"has-text-align-right\"><strong><em>Telam.-<\/em><\/strong><\/p>\n","protected":false},"excerpt":{"rendered":"<p>As\u00ed lo asegur\u00f3 el presidente de la Sociedad Argentina de Emergencias y dijo que para tomar esa decisi\u00f3n, \u00abregida por c\u00f3digos de \u00e9tica, se elige a la persona que tiene mayores posibilidades de sobrevida, lamentablemente\u00bb<\/p>\n","protected":false},"author":2,"featured_media":6054,"comment_status":"open","ping_status":"open","sticky":false,"template":"","format":"standard","meta":{"jnews-multi-image_gallery":[],"jnews_single_post":[],"jnews_primary_category":[],"jnews_social_meta":[],"jnews_review":[],"enable_review":"","type":"","name":"","summary":"","brand":"","sku":"","good":[],"bad":[],"score_override":"","override_value":"","rating":[],"price":[],"jnews_override_counter":[],"jnews_post_split":[],"footnotes":""},"categories":[58,76],"tags":[44,77,45],"class_list":["post-6053","post","type-post","status-publish","format-standard","has-post-thumbnail","hentry","category-argentina","category-coronavirus","tag-argentina","tag-coronavirus","tag-noticias"],"amp_enabled":true,"_links":{"self":[{"href":"https:\/\/esreviral.com\/index.php?rest_route=\/wp\/v2\/posts\/6053"}],"collection":[{"href":"https:\/\/esreviral.com\/index.php?rest_route=\/wp\/v2\/posts"}],"about":[{"href":"https:\/\/esreviral.com\/index.php?rest_route=\/wp\/v2\/types\/post"}],"author":[{"embeddable":true,"href":"https:\/\/esreviral.com\/index.php?rest_route=\/wp\/v2\/users\/2"}],"replies":[{"embeddable":true,"href":"https:\/\/esreviral.com\/index.php?rest_route=%2Fwp%2Fv2%2Fcomments&post=6053"}],"version-history":[{"count":0,"href":"https:\/\/esreviral.com\/index.php?rest_route=\/wp\/v2\/posts\/6053\/revisions"}],"wp:featuredmedia":[{"embeddable":true,"href":"https:\/\/esreviral.com\/index.php?rest_route=\/"}],"wp:attachment":[{"href":"https:\/\/esreviral.com\/index.php?rest_route=%2Fwp%2Fv2%2Fmedia&parent=6053"}],"wp:term":[{"taxonomy":"category","embeddable":true,"href":"https:\/\/esreviral.com\/index.php?rest_route=%2Fwp%2Fv2%2Fcategories&post=6053"},{"taxonomy":"post_tag","embeddable":true,"href":"https:\/\/esreviral.com\/index.php?rest_route=%2Fwp%2Fv2%2Ftags&post=6053"}],"curies":[{"name":"wp","href":"https:\/\/api.w.org\/{rel}","templated":true}]}}