{"id":60528,"date":"2024-09-12T07:47:36","date_gmt":"2024-09-12T12:47:36","guid":{"rendered":"https:\/\/esreviral.com\/?p=60528"},"modified":"2024-09-12T07:47:37","modified_gmt":"2024-09-12T12:47:37","slug":"atencion-emprendedores-gobierno-de-la-ciudad-da-creditos-a-tasa-preferencial-al-gastronomico","status":"publish","type":"post","link":"https:\/\/esreviral.com\/?p=60528","title":{"rendered":"ATENCI\u00d3N EMPRENDEDORES: Gobierno de la ciudad\u00a0da cr\u00e9ditos a tasa preferencial al gastron\u00f3mico"},"content":{"rendered":"\n<p>Para promover nuevas oportunidades de desarrollo econ\u00f3mico, la Ciudad lanz\u00f3 una l\u00ednea de beneficios exclusivos y pr\u00e9stamos a tasa fija destinados a un sector clave como el gastron\u00f3mico, que emplea a 79.000 trabajadores y distingue al distrito porte\u00f1o en todo el mundo.<\/p>\n\n\n\n<p><strong>\u00abLa decisi\u00f3n de nuestro gobierno es reconocer a los gastron\u00f3micos como sector estrat\u00e9gico para la Ciudad, generan actividad y contribuyen a transformar muchos barrios, por eso queremos ayudarlos y acompa\u00f1arlos\u00bb<\/strong>, dijo el Jefe de Gobierno, Jorge Macri. Y agreg\u00f3: \u00abEstas medidas combinan el esfuerzo del Banco Ciudad con una pol\u00edtica proactiva y cercana con los sectores productivos para ofrecer m\u00e1s cr\u00e9ditos al sector privado\u00bb. &nbsp;<\/p>\n\n\n\n<p>En el Mercado de Belgrano, Jorge Macri present\u00f3 los beneficios en un encuentro con un centenar de due\u00f1os de locales, emprendedores y empleados gastron\u00f3micos junto al ministro de Desarrollo Econ\u00f3mico, Roberto Garc\u00eda Morit\u00e1n, y Guillermo A. Laje, presidente del Banco Ciudad, la entidad que instrumentar\u00e1 los beneficios.<\/p>\n\n\n\n<p><strong>\u00abEstamos llevando adelante pol\u00edticas activas para circuitos espec\u00edficos, como el gastron\u00f3mico, que recibe mucho del turismo argentino y extranjero que nos visita a\u00f1o tras a\u00f1o\u00bb<\/strong>, dijo el Jefe de Gobierno.<\/p>\n\n\n\n<p class=\"has-text-align-center\"><strong><em><strong><a href=\"https:\/\/t.me\/esreviral\">\u00daNETE A NUESTRO CANAL DE TELEGRAM PARA ESTAR INFORMADO<\/a><\/strong><\/em><\/strong><\/p>\n\n\n\n<p>La propuesta impulsa la innovaci\u00f3n y la modernizaci\u00f3n financiera para el crecimiento de la actividad gastron\u00f3mica a trav\u00e9s de las \u00faltimas soluciones tecnol\u00f3gicas en medios de pago, servicios bancarios y cr\u00e9ditos.<\/p>\n\n\n\n<p>Las l\u00edneas de financiaci\u00f3n exclusivas a tasa fija son para proyectos de inversi\u00f3n, proyectos sustentables, capital de trabajo y adquisici\u00f3n de veh\u00edculos utilitarios.<\/p>\n\n\n\n<p>\u00abEstos nuevos beneficios financieros no solo facilitan la inversi\u00f3n y la expansi\u00f3n de los comercios, sino que tambi\u00e9n impulsan la generaci\u00f3n de empleo, favoreciendo un entorno m\u00e1s competitivo y productivo\u00bb, destac\u00f3 Garc\u00eda Morit\u00e1n.<\/p>\n\n\n\n<p>Para la compra de rodados 0km de origen nacional, la tasa del pr\u00e9stamo es de 19,90% (Tasa Nominal Anual) y el monto m\u00e1ximo es de $50 millones, para personas f\u00edsicas; para personas jur\u00eddicas, la tasa es 23,50% TNA y el monto m\u00e1ximo $100 millones, con un plazo de 60 meses y hasta 10 meses de gracia en capital.<\/p>\n\n\n\n<figure class=\"wp-block-image size-large\"><img fetchpriority=\"high\" decoding=\"async\" width=\"1024\" height=\"683\" src=\"https:\/\/esreviral.com\/wp-content\/uploads\/2024\/09\/AnyConv.com__WhatsApp-Image-2024-09-11-at-11.18.23-1024x683.webp\" alt=\"\" class=\"wp-image-60529\" srcset=\"https:\/\/esreviral.com\/wp-content\/uploads\/2024\/09\/AnyConv.com__WhatsApp-Image-2024-09-11-at-11.18.23-1024x683.webp 1024w, https:\/\/esreviral.com\/wp-content\/uploads\/2024\/09\/AnyConv.com__WhatsApp-Image-2024-09-11-at-11.18.23-300x200.webp 300w, https:\/\/esreviral.com\/wp-content\/uploads\/2024\/09\/AnyConv.com__WhatsApp-Image-2024-09-11-at-11.18.23-768x512.webp 768w, https:\/\/esreviral.com\/wp-content\/uploads\/2024\/09\/AnyConv.com__WhatsApp-Image-2024-09-11-at-11.18.23-1536x1024.webp 1536w, https:\/\/esreviral.com\/wp-content\/uploads\/2024\/09\/AnyConv.com__WhatsApp-Image-2024-09-11-at-11.18.23-750x500.webp 750w, https:\/\/esreviral.com\/wp-content\/uploads\/2024\/09\/AnyConv.com__WhatsApp-Image-2024-09-11-at-11.18.23-1140x760.webp 1140w, https:\/\/esreviral.com\/wp-content\/uploads\/2024\/09\/AnyConv.com__WhatsApp-Image-2024-09-11-at-11.18.23.webp 1599w\" sizes=\"(max-width: 1024px) 100vw, 1024px\" \/><\/figure>\n\n\n\n<p>Los pr\u00e9stamos para capital de trabajo tienen una tasa de 38% TNA, con un plazo de hasta 48 meses (monto m\u00e1ximo sujeto a evaluaci\u00f3n crediticia). Para los proyectos de Inversi\u00f3n\/Bienes de Capital, la tasa es del 30% TNA, en un plazo de 60 meses con hasta 10 meses de gracia en capital (monto m\u00e1ximo sujeto a evaluaci\u00f3n crediticia).<\/p>\n\n\n\n<p>Los cr\u00e9ditos a tasa fija para la financiaci\u00f3n de proyectos sustentables buscan mejorar el desempe\u00f1o ambiental de las empresas y\/o su competitividad en la eficiencia del uso de los recursos naturales utilizados en el desarrollo de sus actividades; en este caso, la tasa es del 23% TNA, con un plazo de 60 meses y hasta 10 meses de gracia en capital.<\/p>\n\n\n\n<p>Los cr\u00e9ditos a tasa fija preferencial para quienes busquen mayor eficiencia en el uso de los recursos contemplan, por ejemplo, inversiones en iluminaci\u00f3n LED, refrigeradores o equipos de aire acondicionado de bajo consumo, reemplazo de calderas de combustible por calderas el\u00e9ctricas de alto rendimiento, mejora de la eficiencia de los sistemas de calefacci\u00f3n, ventilaci\u00f3n y aire acondicionado.<\/p>\n\n\n\n<p>\u00abEn pandemia asistimos al sector productivo con pr\u00e9stamos que a valores de hoy representaron $80.000 millones, y ahora presentamos un conjunto de servicios que abarcan los distintos medios de pago, y cr\u00e9ditos, con l\u00edneas preferenciales para la reconversi\u00f3n de los sistemas energ\u00e9ticos, y tambi\u00e9n para proyectos de inversi\u00f3n o capital de trabajo. Somos un aliado para el desarrollo de esta actividad que distingue a la Ciudad de Buenos Aires como destino gastron\u00f3mico a nivel mundial\u00bb, dijo Guillermo Laje.<\/p>\n\n\n\n<p>Entre los beneficios del Banco Ciudad para gastron\u00f3micos tambi\u00e9n est\u00e1 el \u00abPaquete Comercio\u00bb que cuenta con una bonificaci\u00f3n por 24 meses, y permite vender con tarjetas, QR, NFC y bot\u00f3n de pago con los aranceles m\u00e1s bajos del mercado, que oscilan entre 0,8% y 1,8% para tarjeta de d\u00e9bito y de cr\u00e9dito respectivamente. Esto permite ahorrar cerca de $30.000 en comisiones por cada mill\u00f3n de pesos de facturaci\u00f3n, la alternativa m\u00e1s competitiva del mercado. La bonificaci\u00f3n del paquete por 24 meses permite ahorrar, considerando los costos actuales, al menos $1,3 millones.<\/p>\n\n\n\n<p>Tambi\u00e9n se presentaron propuestas vinculadas a la cuenta sueldo y pr\u00e9stamos que alcanzan a m\u00e1s de 79.000 trabajadores gastron\u00f3micos en los 5.600 locales de la Ciudad.<\/p>\n\n\n<div class=\"wp-block-image\">\n<figure class=\"aligncenter size-large\"><img decoding=\"async\" src=\"https:\/\/www.noticiasd.com\/wp-content\/uploads\/2024\/09\/image-160-415x415.png\" alt=\"\"\/><\/figure>\n<\/div>\n\n\n<p class=\"has-text-align-center\"><strong><a href=\"https:\/\/bancociudad.com.ar\/institucional\/encuesta\/Gastronomico\" data-type=\"link\" data-id=\"https:\/\/bancociudad.com.ar\/institucional\/encuesta\/Gastronomico\">Los comercios pueden solicitar estos servicios en la web<\/a><\/strong><\/p>\n\n\n\n<p><strong><mark style=\"background-color:rgba(0, 0, 0, 0)\" class=\"has-inline-color has-vivid-red-color\">Los detalles de la propuesta para el sector gastron\u00f3mico:<\/mark><\/strong><\/p>\n\n\n\n<p>\u25aa\ufe0f \u00abPaquete Comercio\u00bb con bonificaci\u00f3n especial. Estas terminales de pago tienen los aranceles de venta m\u00e1s competitivos del mercado y permiten ofrecer cuota simple a los clientes, integrarse con sistemas de gesti\u00f3n gastron\u00f3micos, seguir el detalle de las ventas desde Merchant Portal y cobrar con Pagos PIX a clientes de Brasil sin costos extra. Como beneficio adicional, permiten la integraci\u00f3n al sistema de punto de venta POSBerry, con una bonificaci\u00f3n del 50% sobre el abono de mantenimiento por 6 meses.<\/p>\n\n\n\n<p>\u25aa\ufe0f Promociones exclusivas para clientes de los locales. Los comercios nuevos que adhieran a esta propuesta podr\u00e1n ofrecer hasta 20% de descuento a sus clientes cuando paguen a trav\u00e9s de la billetera BUEPP o la App del Banco Ciudad los d\u00edas jueves, viernes, s\u00e1bados y domingos, con aporte 100% del banco.<\/p>\n\n\n\n<p>\u25aa\ufe0f Beneficios para personas due\u00f1as o socias: a trav\u00e9s del \u00abPaquete Crecer\u00bb, bonificado por 6 meses y si lo utilizan, pueden extender la bonificaci\u00f3n, se accede a una caja de ahorro en pesos con tarjeta de d\u00e9bito, cuenta corriente, caja de ahorro en d\u00f3lares, cuenta comitente opcional, tarjetas de cr\u00e9dito y acceso al programa de beneficios con descuentos todos los d\u00edas de la semana y al programa \u00abCiudad megusta!\u00bb, en el que todos los consumos suman puntos para canjear.<\/p>\n\n\n\n<p>\u25aa\ufe0f Para el personal del comercio que traspase el sueldo al Banco Ciudad: cuenta sueldo y caja de ahorro en d\u00f3lares bonificada, tarjeta de cr\u00e9dito con comisi\u00f3n de renovaci\u00f3n anual bonificada, obsequio de bienvenida de hasta $200 mil en la tarjeta de cr\u00e9dito, acceso al programa de beneficios con descuentos todos los d\u00edas de la semana y al programa de puntos \u00abCiudad megusta!\u00bb, y pr\u00e9stamos a tasas preferenciales con monto m\u00e1ximo de $20 millones.<\/p>\n\n\n\n<p class=\"has-text-align-center\"><em><strong><a href=\"https:\/\/whatsapp.com\/channel\/0029VaAz7PmBKfhwZ5V3Gk2t\"><em>\u00daNETE A NUESTRO CANAL DE WHATSAPP PARA ESTAR INFORMADO<\/em><\/a><\/strong><\/em><\/p>\n\n\n\n<p class=\"has-text-align-right\"><em><strong>Prensa GCBA.-<\/strong><\/em><\/p>\n","protected":false},"excerpt":{"rendered":"<p>Las l\u00edneas de financiaci\u00f3n exclusivas a tasa fija son para proyectos de inversi\u00f3n, proyectos sustentables, capital de trabajo y adquisici\u00f3n de veh\u00edculos utilitarios.<\/p>\n","protected":false},"author":3,"featured_media":60530,"comment_status":"closed","ping_status":"closed","sticky":false,"template":"","format":"standard","meta":{"jnews-multi-image_gallery":[],"jnews_single_post":{"subtitle":"","format":"standard","video":"","gallery":"","source_name":"","source_url":"","via_name":"","via_url":"","override_template":"0","override":[{"template":"4","single_blog_custom":"","parallax":"1","fullscreen":"1","layout":"right-sidebar","sidebar":"new-widget-area","second_sidebar":"default-sidebar","sticky_sidebar":"1","share_position":"top","share_float_style":"share-monocrhome","show_share_counter":"1","show_view_counter":"1","show_featured":"1","show_post_meta":"1","show_post_author":"1","show_post_author_image":"1","show_post_date":"1","post_date_format":"default","post_date_format_custom":"Y\/m\/d","show_post_category":"1","show_post_reading_time":"1","post_reading_time_wpm":"300","show_zoom_button":"1","zoom_button_out_step":"2","zoom_button_in_step":"3","show_post_tag":"1","show_prev_next_post":"1","show_popup_post":"1","number_popup_post":"1","show_author_box":"1","show_post_related":"1","show_inline_post_related":"0"}],"override_image_size":"0","image_override":[{"single_post_thumbnail_size":"crop-500","single_post_gallery_size":"crop-500"}],"trending_post":"0","trending_post_position":"meta","trending_post_label":"Trending","sponsored_post":"0","sponsored_post_label":"Sponsored by","sponsored_post_name":"","sponsored_post_url":"","sponsored_post_logo_enable":"0","sponsored_post_logo":"","sponsored_post_desc":"","disable_ad":"0"},"jnews_primary_category":{"id":"","hide":""},"jnews_social_meta":{"fb_title":"","fb_description":"","fb_image":"","twitter_title":"","twitter_description":"","twitter_image":""},"jnews_review":[],"enable_review":"0","type":"percentage","name":"","summary":"","brand":"","sku":"","good":[{"good_text":""}],"bad":[{"bad_text":""}],"score_override":"","override_value":"","rating":[{"rating_text":"","rating_number":"10"}],"price":[{"shop":"","price":"","link":"","icon":""}],"jnews_override_counter":{"override_view_counter":"0","view_counter_number":"0","override_share_counter":"0","share_counter_number":"0","override_like_counter":"0","like_counter_number":"0","override_dislike_counter":"0","dislike_counter_number":"0"},"jnews_post_split":{"enable_post_split":"0","post_split":[{"template":"1","tag":"h2","numbering":"asc","mode":"normal","first":"0","enable_toc":"0","toc_type":"normal"}]},"footnotes":""},"categories":[58,61],"tags":[18065,44,8967,18066,18064,1327,45],"class_list":["post-60528","post","type-post","status-publish","format-standard","has-post-thumbnail","hentry","category-argentina","category-economia","tag-actividad-gastronomica","tag-argentina","tag-banco-ciudad","tag-banco-ciudad-2","tag-creditos","tag-jorge-macri","tag-noticias"],"_links":{"self":[{"href":"https:\/\/esreviral.com\/index.php?rest_route=\/wp\/v2\/posts\/60528","targetHints":{"allow":["GET"]}}],"collection":[{"href":"https:\/\/esreviral.com\/index.php?rest_route=\/wp\/v2\/posts"}],"about":[{"href":"https:\/\/esreviral.com\/index.php?rest_route=\/wp\/v2\/types\/post"}],"author":[{"embeddable":true,"href":"https:\/\/esreviral.com\/index.php?rest_route=\/wp\/v2\/users\/3"}],"replies":[{"embeddable":true,"href":"https:\/\/esreviral.com\/index.php?rest_route=%2Fwp%2Fv2%2Fcomments&post=60528"}],"version-history":[{"count":0,"href":"https:\/\/esreviral.com\/index.php?rest_route=\/wp\/v2\/posts\/60528\/revisions"}],"wp:featuredmedia":[{"embeddable":true,"href":"https:\/\/esreviral.com\/index.php?rest_route=\/wp\/v2\/media\/60530"}],"wp:attachment":[{"href":"https:\/\/esreviral.com\/index.php?rest_route=%2Fwp%2Fv2%2Fmedia&parent=60528"}],"wp:term":[{"taxonomy":"category","embeddable":true,"href":"https:\/\/esreviral.com\/index.php?rest_route=%2Fwp%2Fv2%2Fcategories&post=60528"},{"taxonomy":"post_tag","embeddable":true,"href":"https:\/\/esreviral.com\/index.php?rest_route=%2Fwp%2Fv2%2Ftags&post=60528"}],"curies":[{"name":"wp","href":"https:\/\/api.w.org\/{rel}","templated":true}]}}