{"id":6050,"date":"2021-04-26T16:32:18","date_gmt":"2021-04-26T19:32:18","guid":{"rendered":"http:\/\/esreviral.com\/?p=6050"},"modified":"2021-04-26T16:32:18","modified_gmt":"2021-04-26T19:32:18","slug":"sanas-y-salvas-consiguieron-a-las-dos-ninas-venezolanas-desaparecidas-en-ecuador","status":"publish","type":"post","link":"https:\/\/esreviral.com\/?p=6050","title":{"rendered":"Sanas y salvas consiguieron a las dos ni\u00f1as venezolanas desaparecidas en Ecuador"},"content":{"rendered":"\n<p>Las\u00a0<strong>hermanas venezolanas Sof\u00eda Antonella y Sara Luc\u00eda Oviedo Quintana, de 13 y 12 a\u00f1os<\/strong>\u00a0de edad, que hab\u00edan\u00a0<strong>desaparecido<\/strong>\u00a0desde el jueves 22 de abril en el sector La Kennedy,\u00a0<strong>al norte de Quito<\/strong>, fueron localizadas esta ma\u00f1ana en la\u00a0<strong>frontera entre Ecuador y Per\u00fa<\/strong>.<\/p>\n\n\n\n<p>Seg\u00fan confirm\u00f3 la<strong>&nbsp;Fiscal\u00eda de Ecuador<\/strong>, ambas ni\u00f1as se encuentran en buen estado de salud y se coordina su retorno a Quito.<\/p>\n\n\n\n<p>Extraoficialmente se conoci\u00f3 que las menores de edad aparecieron en el distrito de Castilla, Per\u00fa, junto a dos mujeres que fueron detenidas por presuntamente haberlas secuestrado a ambas.<\/p>\n\n\n\n<p><strong><span style=\"background-color:#9a1b22\" class=\"td_text_highlight_marker\">Gracias a la denuncia de un ciudadano<\/span><\/strong><\/p>\n\n\n\n<p>Ahora bien, las ni\u00f1as han sido rescatadas despu\u00e9s que un ciudadano hiciera la denuncia con la polic\u00eda al ver que Sof\u00eda y Sara iban en un autob\u00fas y las identificara por las fotos difundidas en redes sociales.<\/p>\n\n\n\n<p>Solo se ha notificado que su padre Joel Oviedo se encuentra en la frontera de Ecuador y Per\u00fa a la espera de que las autoridades hagan el enlace entre \u00e9l y sus peque\u00f1as.<\/p>\n\n\n\n<figure class=\"wp-block-embed-twitter wp-block-embed is-type-rich is-provider-twitter\"><div class=\"wp-block-embed__wrapper\">\n<blockquote class=\"twitter-tweet\" data-width=\"500\" data-dnt=\"true\"><p lang=\"es\" dir=\"ltr\"><a href=\"https:\/\/twitter.com\/hashtag\/ATENCI%C3%93N?src=hash&amp;ref_src=twsrc%5Etfw\">#ATENCI\u00d3N<\/a> | Sof\u00eda Antonela y Sara Luc\u00eda Oviedo Quintana fueron localizadas esta ma\u00f1ana en la frontera entre <a href=\"https:\/\/twitter.com\/hashtag\/Ecuador?src=hash&amp;ref_src=twsrc%5Etfw\">#Ecuador<\/a> y <a href=\"https:\/\/twitter.com\/hashtag\/Per%C3%BA?src=hash&amp;ref_src=twsrc%5Etfw\">#Per\u00fa<\/a>. Se encuentran en buen estado de salud y se coordina su retorno a <a href=\"https:\/\/twitter.com\/hashtag\/Quito?src=hash&amp;ref_src=twsrc%5Etfw\">#Quito<\/a> (<a href=\"https:\/\/twitter.com\/hashtag\/Ecuador?src=hash&amp;ref_src=twsrc%5Etfw\">#Ecuador<\/a>). <a href=\"https:\/\/twitter.com\/hashtag\/Fiscal%C3%ADaConLasV%C3%ADctimas?src=hash&amp;ref_src=twsrc%5Etfw\">#Fiscal\u00edaConLasV\u00edctimas<\/a> <a href=\"https:\/\/t.co\/QZ9bYrc357\">pic.twitter.com\/QZ9bYrc357<\/a><\/p>&mdash; Fiscal\u00eda Ecuador (@FiscaliaEcuador) <a href=\"https:\/\/twitter.com\/FiscaliaEcuador\/status\/1386708022567837701?ref_src=twsrc%5Etfw\">April 26, 2021<\/a><\/blockquote><script async src=\"https:\/\/platform.twitter.com\/widgets.js\" charset=\"utf-8\"><\/script>\n<\/div><\/figure>\n\n\n\n<p>Mediante un video posteado a trav\u00e9s de redes sociales se puede observar que las ni\u00f1as se encuentran bien y fueron localizadas gracias a la presi\u00f3n de las instituciones, sociedad civil y los medios de comunicaci\u00f3n sobre su paradero.<\/p>\n\n\n\n<p><strong><span style=\"background-color:#9a1b22\" class=\"td_text_highlight_marker\">El paradero<\/span><\/strong><\/p>\n\n\n\n<p>La Fiscal\u00eda del Ecuador public\u00f3 en sus redes sociales, las fotograf\u00edas de dos menores de nacionalidad venezolana para que el p\u00fablico pudiera ayudar a identificarlas o reconocerlas en caso de verlas o saber sobre su paradero.<\/p>\n\n\n\n<p>En una primera instancia la instituci\u00f3n hab\u00eda se\u00f1alado la situaci\u00f3n como Alerta Emilia, sin embargo, horas despu\u00e9s dijo que se hab\u00eda emitido una notificaci\u00f3n amarilla de Interpol.<\/p>\n\n\n\n<p>El d\u00eda que desaparecieron, ellas vest\u00edan jean y chompa rosada y roja. De acuerdo con la instancia ecuatoriana, \u201csi alguien conoce m\u00e1s detalles, sabe de su paradero o tiene m\u00e1s informaci\u00f3n, puede llamar al 911 o al 1-800 DELITO (335486)\u201d.<\/p>\n\n\n\n<p class=\"has-text-align-right\"><strong><em>Te Lo Cuento News.-<\/em><\/strong><\/p>\n","protected":false},"excerpt":{"rendered":"<p>Las\u00a0hermanas venezolanas Sof\u00eda Antonella y Sara Luc\u00eda Oviedo Quintana, de 13 y 12 a\u00f1os\u00a0de edad, que hab\u00edan\u00a0desaparecido\u00a0desde el jueves 22 de abril en el sector La Kennedy,\u00a0al norte de Quito, fueron localizadas esta ma\u00f1ana en la\u00a0frontera entre Ecuador y Per\u00fa. Seg\u00fan confirm\u00f3 la&nbsp;Fiscal\u00eda de Ecuador, ambas ni\u00f1as se encuentran en buen estado de salud y [&hellip;]<\/p>\n","protected":false},"author":2,"featured_media":6051,"comment_status":"open","ping_status":"open","sticky":false,"template":"","format":"standard","meta":{"jnews-multi-image_gallery":[],"jnews_single_post":[],"jnews_primary_category":[],"jnews_social_meta":[],"jnews_review":[],"enable_review":"","type":"","name":"","summary":"","brand":"","sku":"","good":[],"bad":[],"score_override":"","override_value":"","rating":[],"price":[],"jnews_override_counter":[],"jnews_post_split":[],"footnotes":""},"categories":[54],"tags":[547,45,755],"class_list":["post-6050","post","type-post","status-publish","format-standard","has-post-thumbnail","hentry","category-inmigracion","tag-ecuador","tag-noticias","tag-venezolanas-desaparecidas"],"amp_enabled":true,"_links":{"self":[{"href":"https:\/\/esreviral.com\/index.php?rest_route=\/wp\/v2\/posts\/6050"}],"collection":[{"href":"https:\/\/esreviral.com\/index.php?rest_route=\/wp\/v2\/posts"}],"about":[{"href":"https:\/\/esreviral.com\/index.php?rest_route=\/wp\/v2\/types\/post"}],"author":[{"embeddable":true,"href":"https:\/\/esreviral.com\/index.php?rest_route=\/wp\/v2\/users\/2"}],"replies":[{"embeddable":true,"href":"https:\/\/esreviral.com\/index.php?rest_route=%2Fwp%2Fv2%2Fcomments&post=6050"}],"version-history":[{"count":0,"href":"https:\/\/esreviral.com\/index.php?rest_route=\/wp\/v2\/posts\/6050\/revisions"}],"wp:featuredmedia":[{"embeddable":true,"href":"https:\/\/esreviral.com\/index.php?rest_route=\/"}],"wp:attachment":[{"href":"https:\/\/esreviral.com\/index.php?rest_route=%2Fwp%2Fv2%2Fmedia&parent=6050"}],"wp:term":[{"taxonomy":"category","embeddable":true,"href":"https:\/\/esreviral.com\/index.php?rest_route=%2Fwp%2Fv2%2Fcategories&post=6050"},{"taxonomy":"post_tag","embeddable":true,"href":"https:\/\/esreviral.com\/index.php?rest_route=%2Fwp%2Fv2%2Ftags&post=6050"}],"curies":[{"name":"wp","href":"https:\/\/api.w.org\/{rel}","templated":true}]}}