{"id":60384,"date":"2024-09-10T07:09:27","date_gmt":"2024-09-10T12:09:27","guid":{"rendered":"https:\/\/esreviral.com\/?p=60384"},"modified":"2024-09-10T07:18:47","modified_gmt":"2024-09-10T12:18:47","slug":"venezolano-dirigio-la-orquesta-de-ninos-de-vanimo-en-un-concierto-para-el-papa","status":"publish","type":"post","link":"https:\/\/esreviral.com\/?p=60384","title":{"rendered":"Venezolano dirigi\u00f3 la orquesta de ni\u00f1os de V\u00e1nimo en un concierto para el Papa"},"content":{"rendered":"\n<p><strong>La orquesta infantil de V\u00e1nimo, en Pap\u00faa Nueva Guinea<\/strong>, se llama Nuestra Se\u00f1ora del Para\u00edso, en honor a la Virgen de Luj\u00e1n, patrona de Argentina. Su director, <strong>Jes\u00fas Brice\u00f1o Barrios, lleg\u00f3 desde Venezuela<\/strong> <strong>hace cinco a\u00f1os para dar inicio al proyecto, y este domingo enfrentaron su concierto m\u00e1s importante: tocar ante el papa Francisco.<\/strong><\/p>\n\n\n\n<p>El pont\u00edfice viaj\u00f3 a V\u00e1nimo, una remota localidad a 1.000 kil\u00f3metros de la capital, en su \u00faltimo d\u00eda en Pap\u00faa Nueva Guinea. Durante su visita, recorri\u00f3 la escuela de la misi\u00f3n dirigida por sacerdotes argentinos y <strong>escuch\u00f3 una de las piezas interpretadas por la orquesta, integrada por ni\u00f1os de entre 8 y 16 a\u00f1os de edad.<\/strong><\/p>\n\n\n\n<p>Esta es la \u00fanica orquesta de Pap\u00faa, un proyecto que comenz\u00f3 en 2016 cuando el sacerdote argentino, padre Miguel de la Calle, junto con sus colegas, el padre Mart\u00edn Prado y el padre Tom\u00e1s Ravioli, decidieron ofrecer a los ni\u00f1os de V\u00e1nimo una oportunidad \u00fanica. <strong>Inspirado por el programa \u00abEl Sistema\u00bb de Venezuela, <\/strong>el padre Miguel viaj\u00f3 a Filipinas para conocer la iniciativa Ang Misyon. Convencido por lo que vio, decidi\u00f3 replicarlo en Pap\u00faa Nueva Guinea y convoc\u00f3 a Jes\u00fas Brice\u00f1o para dirigir el proyecto.<\/p>\n\n\n\n<p class=\"has-text-align-center\"><strong><em><strong><a href=\"https:\/\/t.me\/esreviral\">\u00daNETE A NUESTRO CANAL DE TELEGRAM PARA ESTAR INFORMADO<\/a><\/strong><\/em><\/strong><\/p>\n\n\n\n<figure class=\"wp-block-image size-large\"><img decoding=\"async\" src=\"https:\/\/cdn.bitlysdowssl-aws.com\/wp-content\/uploads\/2024\/09\/c5b009b45514771eac07f7884e7d0eda6b17f0d7.jpg\" alt=\"\"\/><\/figure>\n\n\n\n<p>\u00ab<strong><em>Me llamaron porque quer\u00edan un modelo similar al del maestro Jos\u00e9 Antonio Abreu, fundador de El Sistema en Venezuela. Ya llevamos m\u00e1s de cinco a\u00f1os con la orquesta, y adem\u00e1s tenemos bandas r\u00edtmicas y flautas dulces. En total, contamos con 120 ni\u00f1os<\/em><\/strong>\u00ab, coment\u00f3 Brice\u00f1o a los medios mientras aguardaban la llegada del papa.<\/p>\n\n\n\n<p><strong>Los ni\u00f1os de la orquesta <\/strong>provienen de V\u00e1nimo, una localidad con alrededor de 11.000 habitantes y muy pocas oportunidades para la juventud. \u00ab<strong><em>Casi todos viven en condiciones precarias, pero al menos est\u00e1n con sus familias. Aqu\u00ed, adem\u00e1s de m\u00fasica, reciben educaci\u00f3n<\/em><\/strong>\u00ab, se\u00f1al\u00f3 Brice\u00f1o.<\/p>\n\n\n\n<p>En lugares como este, \u00ab<strong><em>es fundamental sensibilizar a los ni\u00f1os y formarlos como mejores ciudadanos, para que no normalicen la violencia y el maltrato que se ven en su entorno<\/em><\/strong>\u00ab, agreg\u00f3.<\/p>\n\n\n\n<p>Aunque han logrado grandes avances en estos a\u00f1os, <strong>el concierto ante el papa Francisco fue, sin duda, el m\u00e1s importante<\/strong>. \u00abEst\u00e1n felices y emocionados\u00bb, asegur\u00f3 Brice\u00f1o.<\/p>\n\n\n\n<p>Para el padre Miguel de la Calle, este proyecto alcanz\u00f3 su punto culminante con la visita del pont\u00edfice argentino y espera que este evento les brinde un impulso para continuar. Como un regalo especial, el papa Francisco no lleg\u00f3 con las manos vac\u00edas: junto con medicinas y ropa, el avi\u00f3n militar australiano que lo traslad\u00f3 a la localidad tambi\u00e9n llevaba instrumentos musicales para los ni\u00f1os.<\/p>\n\n\n\n<p class=\"has-text-align-center\"><em><strong><a href=\"https:\/\/whatsapp.com\/channel\/0029VaAz7PmBKfhwZ5V3Gk2t\"><em>\u00daNETE A NUESTRO CANAL DE WHATSAPP PARA ESTAR INFORMADO<\/em><\/a><\/strong><\/em><\/p>\n","protected":false},"excerpt":{"rendered":"<p>Jes\u00fas Brice\u00f1o lleg\u00f3 a Pap\u00faa Nueva Guinea hace cinco a\u00f1os invitado por el padre argentino Miguel de la Calle, quien quer\u00eda replicar el modelo de El Sistema<\/p>\n","protected":false},"author":3,"featured_media":60385,"comment_status":"closed","ping_status":"closed","sticky":false,"template":"","format":"standard","meta":{"jnews-multi-image_gallery":[],"jnews_single_post":{"subtitle":"","format":"standard","video":"","gallery":"","source_name":"","source_url":"","via_name":"","via_url":"","override_template":"0","override":[{"template":"4","single_blog_custom":"","parallax":"1","fullscreen":"1","layout":"right-sidebar","sidebar":"new-widget-area","second_sidebar":"default-sidebar","sticky_sidebar":"1","share_position":"top","share_float_style":"share-monocrhome","show_share_counter":"1","show_view_counter":"1","show_featured":"1","show_post_meta":"1","show_post_author":"1","show_post_author_image":"1","show_post_date":"1","post_date_format":"default","post_date_format_custom":"Y\/m\/d","show_post_category":"1","show_post_reading_time":"1","post_reading_time_wpm":"300","show_zoom_button":"1","zoom_button_out_step":"2","zoom_button_in_step":"3","show_post_tag":"1","show_prev_next_post":"1","show_popup_post":"1","number_popup_post":"1","show_author_box":"1","show_post_related":"1","show_inline_post_related":"0"}],"override_image_size":"0","image_override":[{"single_post_thumbnail_size":"crop-500","single_post_gallery_size":"crop-500"}],"trending_post":"0","trending_post_position":"meta","trending_post_label":"Trending","sponsored_post":"0","sponsored_post_label":"Sponsored by","sponsored_post_name":"","sponsored_post_url":"","sponsored_post_logo_enable":"0","sponsored_post_logo":"","sponsored_post_desc":"","disable_ad":"0"},"jnews_primary_category":{"id":"","hide":""},"jnews_social_meta":{"fb_title":"","fb_description":"","fb_image":"","twitter_title":"","twitter_description":"","twitter_image":""},"jnews_review":[],"enable_review":"0","type":"percentage","name":"","summary":"","brand":"","sku":"","good":[{"good_text":""}],"bad":[{"bad_text":""}],"score_override":"","override_value":"","rating":[{"rating_text":"","rating_number":"10"}],"price":[{"shop":"","price":"","link":"","icon":""}],"jnews_override_counter":{"override_view_counter":"0","view_counter_number":"0","override_share_counter":"0","share_counter_number":"0","override_like_counter":"0","like_counter_number":"0","override_dislike_counter":"0","dislike_counter_number":"0"},"jnews_post_split":{"enable_post_split":"0","post_split":[{"template":"1","tag":"h2","numbering":"asc","mode":"normal","first":"0","enable_toc":"0","toc_type":"normal"}]},"footnotes":""},"categories":[50],"tags":[17980,45,17983,17982,17981,12818,128],"class_list":["post-60384","post","type-post","status-publish","format-standard","has-post-thumbnail","hentry","category-entretenimiento","tag-jesus-briceno-barrios","tag-noticias","tag-nueva-guinea","tag-orquesta","tag-orquesta-de-ninos-de-vanimo","tag-papa","tag-papa-francisco"],"amp_enabled":true,"_links":{"self":[{"href":"https:\/\/esreviral.com\/index.php?rest_route=\/wp\/v2\/posts\/60384"}],"collection":[{"href":"https:\/\/esreviral.com\/index.php?rest_route=\/wp\/v2\/posts"}],"about":[{"href":"https:\/\/esreviral.com\/index.php?rest_route=\/wp\/v2\/types\/post"}],"author":[{"embeddable":true,"href":"https:\/\/esreviral.com\/index.php?rest_route=\/wp\/v2\/users\/3"}],"replies":[{"embeddable":true,"href":"https:\/\/esreviral.com\/index.php?rest_route=%2Fwp%2Fv2%2Fcomments&post=60384"}],"version-history":[{"count":0,"href":"https:\/\/esreviral.com\/index.php?rest_route=\/wp\/v2\/posts\/60384\/revisions"}],"wp:featuredmedia":[{"embeddable":true,"href":"https:\/\/esreviral.com\/index.php?rest_route=\/wp\/v2\/media\/60385"}],"wp:attachment":[{"href":"https:\/\/esreviral.com\/index.php?rest_route=%2Fwp%2Fv2%2Fmedia&parent=60384"}],"wp:term":[{"taxonomy":"category","embeddable":true,"href":"https:\/\/esreviral.com\/index.php?rest_route=%2Fwp%2Fv2%2Fcategories&post=60384"},{"taxonomy":"post_tag","embeddable":true,"href":"https:\/\/esreviral.com\/index.php?rest_route=%2Fwp%2Fv2%2Ftags&post=60384"}],"curies":[{"name":"wp","href":"https:\/\/api.w.org\/{rel}","templated":true}]}}