{"id":60284,"date":"2024-09-07T08:28:16","date_gmt":"2024-09-07T13:28:16","guid":{"rendered":"https:\/\/esreviral.com\/?p=60284"},"modified":"2024-09-07T08:30:38","modified_gmt":"2024-09-07T13:30:38","slug":"maxima-tension-policias-asediaron-la-embajada-argentina-en-venezuela","status":"publish","type":"post","link":"https:\/\/esreviral.com\/?p=60284","title":{"rendered":"M\u00e1xima tensi\u00f3n: Polic\u00edas asediaron la embajada argentina en Venezuela"},"content":{"rendered":"\n<p>Anoche, agentes de la polic\u00eda asediaron la residencia oficial de la <strong>Embajada de Argentina en Caracas<\/strong>, actualmente bajo la protecci\u00f3n de Brasil, tras la expulsi\u00f3n de la misi\u00f3n diplom\u00e1tica argentina. En el lugar, se refugian seis dirigentes opositores del equipo de<strong> Mar\u00eda Corina Machado desde marzo.<\/strong><\/p>\n\n\n\n<p>Pedro Urruchurtu, coordinador Internacional de Vente Venezuela, denunci\u00f3 en la red social X que efectivos del DAET (<strong>Direcci\u00f3n de Acciones Estrat\u00e9gicas y T\u00e1cticas<\/strong>) de la<strong> Polic\u00eda Nacional Bolivariana y del Sebin, junto a funcionarios encapuchados y armados, rodearon la residencia. <\/strong>A esto se sum\u00f3 el<strong> corte del suministro el\u00e9ctrico,<\/strong> denunciado por el exdiputado Omar Gonz\u00e1lez, lo que oblig\u00f3 a activar una peque\u00f1a planta de emergencia.<\/p>\n\n\n\n<p>El temor de un posible asalto creci\u00f3, especialmente tras coincidir con la demanda de Argentina ante la Corte Penal Internacional por el arresto de Nicol\u00e1s Maduro. Adem\u00e1s de Urruchurtu y Gonz\u00e1lez, los asilados incluyen a figuras claves de Vente Venezuela, como Magalli Meda, Claudia Macero, Humberto Villalobos y el exministro Fernando Mart\u00ednez Mottola.<\/p>\n\n\n\n<p>Este grupo, acusado de conspiraci\u00f3n y traici\u00f3n a la patria por la fiscal\u00eda de Maduro, ya hab\u00eda denunciado intentos previos de toma de la residencia diplom\u00e1tica, lo que consideran una grave violaci\u00f3n del derecho internacional. Desde agosto, Brasil asume la protecci\u00f3n de las sedes diplom\u00e1ticas de Per\u00fa y Argentina en Venezuela, en medio de la creciente tensi\u00f3n regional impulsada por la exigencia del r\u00e9gimen de Maduro de retirar representantes de varios pa\u00edses tras las denuncias de fraude electoral.<\/p>\n\n\n\n<blockquote class=\"twitter-tweet\"><p lang=\"es\" dir=\"ltr\">AHORA | 9:52 pm, viernes 6 de septiembre.<br><br>\ud83d\udea8 Siguen llegando patrullas con agentes del r\u00e9gimen a la sede de la Embajada de Argentina en Caracas.<br><br>Responsabilizamos a Nicol\u00e1s Maduro de este asedio contra nuestros dirigentes asilados en la embajada.<br><br>All\u00ed se encuentran nuestros\u2026 <a href=\"https:\/\/t.co\/bX7rmADqBa\">pic.twitter.com\/bX7rmADqBa<\/a><\/p>&mdash; Vente Venezuela (@VenteVenezuela) <a href=\"https:\/\/twitter.com\/VenteVenezuela\/status\/1832240863118028970?ref_src=twsrc%5Etfw\">September 7, 2024<\/a><\/blockquote> <script async src=\"https:\/\/platform.twitter.com\/widgets.js\" charset=\"utf-8\"><\/script>\n\n\n\n<p class=\"has-text-align-center\"><strong><em><strong><a href=\"https:\/\/t.me\/esreviral\">\u00daNETE A NUESTRO CANAL DE TELEGRAM PARA ESTAR INFORMADO<\/a><\/strong><\/em><\/strong><\/p>\n\n\n\n<p class=\"has-text-align-center\"><strong><a href=\"https:\/\/whatsapp.com\/channel\/0029VaAz7PmBKfhwZ5V3Gk2t\"><em>\u00daNETE A NUESTRO CANAL DE WHATSAPP PARA ESTAR INFORMADO<\/em><\/a><\/strong><\/p>\n","protected":false},"excerpt":{"rendered":"<p>Anoche, cortaron la enereg\u00eda en la sede, protegida por Brasil. Tem\u00edan un asalto. Hay seis opositores refugiados.<\/p>\n","protected":false},"author":3,"featured_media":60285,"comment_status":"closed","ping_status":"closed","sticky":false,"template":"","format":"standard","meta":{"jnews-multi-image_gallery":[],"jnews_single_post":{"subtitle":"","format":"standard","video":"","gallery":"","source_name":"","source_url":"","via_name":"","via_url":"","override_template":"0","override":[{"template":"4","single_blog_custom":"","parallax":"1","fullscreen":"1","layout":"right-sidebar","sidebar":"new-widget-area","second_sidebar":"default-sidebar","sticky_sidebar":"1","share_position":"top","share_float_style":"share-monocrhome","show_share_counter":"1","show_view_counter":"1","show_featured":"1","show_post_meta":"1","show_post_author":"1","show_post_author_image":"1","show_post_date":"1","post_date_format":"default","post_date_format_custom":"Y\/m\/d","show_post_category":"1","show_post_reading_time":"1","post_reading_time_wpm":"300","show_zoom_button":"1","zoom_button_out_step":"2","zoom_button_in_step":"3","show_post_tag":"1","show_prev_next_post":"1","show_popup_post":"1","number_popup_post":"1","show_author_box":"1","show_post_related":"1","show_inline_post_related":"0"}],"override_image_size":"0","image_override":[{"single_post_thumbnail_size":"crop-500","single_post_gallery_size":"crop-500"}],"trending_post":"0","trending_post_position":"meta","trending_post_label":"Trending","sponsored_post":"0","sponsored_post_label":"Sponsored by","sponsored_post_name":"","sponsored_post_url":"","sponsored_post_logo_enable":"0","sponsored_post_logo":"","sponsored_post_desc":"","disable_ad":"0"},"jnews_primary_category":{"id":"","hide":""},"jnews_social_meta":{"fb_title":"","fb_description":"","fb_image":"","twitter_title":"","twitter_description":"","twitter_image":""},"jnews_review":[],"enable_review":"0","type":"percentage","name":"","summary":"","brand":"","sku":"","good":[{"good_text":""}],"bad":[{"bad_text":""}],"score_override":"","override_value":"","rating":[{"rating_text":"","rating_number":"10"}],"price":[{"shop":"","price":"","link":"","icon":""}],"jnews_override_counter":{"override_view_counter":"0","view_counter_number":"0","override_share_counter":"0","share_counter_number":"0","override_like_counter":"0","like_counter_number":"0","override_dislike_counter":"0","dislike_counter_number":"0"},"jnews_post_split":{"enable_post_split":"0","post_split":[{"template":"1","tag":"h2","numbering":"asc","mode":"normal","first":"0","enable_toc":"0","toc_type":"normal"}]},"footnotes":""},"categories":[59,66],"tags":[44,17938,17626,82,3265,1068,45,16060,17939,56],"class_list":["post-60284","post","type-post","status-publish","format-standard","has-post-thumbnail","hentry","category-politica","category-venezuela","tag-argentina","tag-direccion-de-acciones-estrategicas-y-tacticas","tag-embajada-argentina","tag-maduro","tag-maria-corina-machado-2","tag-nicolas-maduro","tag-noticias","tag-opositores-refugiados","tag-residencia-diplomatica-2","tag-venezuela"],"amp_enabled":true,"_links":{"self":[{"href":"https:\/\/esreviral.com\/index.php?rest_route=\/wp\/v2\/posts\/60284"}],"collection":[{"href":"https:\/\/esreviral.com\/index.php?rest_route=\/wp\/v2\/posts"}],"about":[{"href":"https:\/\/esreviral.com\/index.php?rest_route=\/wp\/v2\/types\/post"}],"author":[{"embeddable":true,"href":"https:\/\/esreviral.com\/index.php?rest_route=\/wp\/v2\/users\/3"}],"replies":[{"embeddable":true,"href":"https:\/\/esreviral.com\/index.php?rest_route=%2Fwp%2Fv2%2Fcomments&post=60284"}],"version-history":[{"count":0,"href":"https:\/\/esreviral.com\/index.php?rest_route=\/wp\/v2\/posts\/60284\/revisions"}],"wp:featuredmedia":[{"embeddable":true,"href":"https:\/\/esreviral.com\/index.php?rest_route=\/wp\/v2\/media\/60285"}],"wp:attachment":[{"href":"https:\/\/esreviral.com\/index.php?rest_route=%2Fwp%2Fv2%2Fmedia&parent=60284"}],"wp:term":[{"taxonomy":"category","embeddable":true,"href":"https:\/\/esreviral.com\/index.php?rest_route=%2Fwp%2Fv2%2Fcategories&post=60284"},{"taxonomy":"post_tag","embeddable":true,"href":"https:\/\/esreviral.com\/index.php?rest_route=%2Fwp%2Fv2%2Ftags&post=60284"}],"curies":[{"name":"wp","href":"https:\/\/api.w.org\/{rel}","templated":true}]}}