{"id":60265,"date":"2024-09-06T17:22:18","date_gmt":"2024-09-06T22:22:18","guid":{"rendered":"https:\/\/esreviral.com\/?p=60265"},"modified":"2024-09-06T17:22:19","modified_gmt":"2024-09-06T22:22:19","slug":"fallecio-el-iconico-reportero-del-transito-renato-yanez","status":"publish","type":"post","link":"https:\/\/esreviral.com\/?p=60265","title":{"rendered":"Falleci\u00f3 el ic\u00f3nico reportero del tr\u00e1nsito, Renato Y\u00e1nez"},"content":{"rendered":"\n<p>En horas del mediod\u00eda de este viernes <strong>FM Center confirm\u00f3 la muerte de Renato Y\u00e1nez,<\/strong> el famoso reportero del tr\u00e1nsito que d\u00eda a d\u00eda informaba en la cadena radial.<\/p>\n\n\n\n<p>\u00abLa Directiva, todo el personal y la dedicada audiencia de los Circuitos AM Center y FM Center, est\u00e1n de luto. El ic\u00f3nico reportero del tr\u00e1nsito, Renato Y\u00e1nez, <strong>muri\u00f3 por causas naturales la ma\u00f1ana de viernes 6 de septiembre, dejando, de manera sorpresiva, un inmenso vac\u00edo\u00bb.<\/strong><\/p>\n\n\n\n<blockquote class=\"twitter-tweet\"><p lang=\"es\" dir=\"ltr\">El equipo de Traffic Center, Directiva, todo el personal, la dedicada audiencia de los Circuitos AM Center y FM Center, est\u00e1n de luto.<br><br>El ic\u00f3nico reportero del tr\u00e1nsito, Renato Y\u00e1nez, muri\u00f3 por causas naturales la ma\u00f1ana de viernes 6 de septiembre, dejando, de manera sorpresiva,\u2026 <a href=\"https:\/\/t.co\/16bFeoRW6k\">pic.twitter.com\/16bFeoRW6k<\/a><\/p>&mdash; Traffic Center (@FMCENTER) <a href=\"https:\/\/twitter.com\/FMCENTER\/status\/1832088709098828084?ref_src=twsrc%5Etfw\">September 6, 2024<\/a><\/blockquote> <script async src=\"https:\/\/platform.twitter.com\/widgets.js\" charset=\"utf-8\"><\/script>\n\n\n\n<p><\/p>\n","protected":false},"excerpt":{"rendered":"<p>En horas del mediod\u00eda de este viernes FM Center confirm\u00f3 la muerte de Renato Y\u00e1nez, el famoso reportero del tr\u00e1nsito que d\u00eda a d\u00eda informaba en la cadena radial. \u00abLa Directiva, todo el personal y la dedicada audiencia de los Circuitos AM Center y FM Center, est\u00e1n de luto. El ic\u00f3nico reportero del tr\u00e1nsito, Renato [&hellip;]<\/p>\n","protected":false},"author":2,"featured_media":60266,"comment_status":"closed","ping_status":"closed","sticky":false,"template":"","format":"standard","meta":{"jnews-multi-image_gallery":[],"jnews_single_post":{"subtitle":"","format":"standard","video":"","gallery":"","source_name":"","source_url":"","via_name":"","via_url":"","override_template":"0","override":[{"template":"4","single_blog_custom":"","parallax":"1","fullscreen":"1","layout":"right-sidebar","sidebar":"new-widget-area","second_sidebar":"default-sidebar","sticky_sidebar":"1","share_position":"top","share_float_style":"share-monocrhome","show_share_counter":"1","show_view_counter":"1","show_featured":"1","show_post_meta":"1","show_post_author":"1","show_post_author_image":"1","show_post_date":"1","post_date_format":"default","post_date_format_custom":"Y\/m\/d","show_post_category":"1","show_post_reading_time":"1","post_reading_time_wpm":"300","show_zoom_button":"1","zoom_button_out_step":"2","zoom_button_in_step":"3","show_post_tag":"1","show_prev_next_post":"1","show_popup_post":"1","number_popup_post":"1","show_author_box":"1","show_post_related":"1","show_inline_post_related":"0"}],"override_image_size":"0","image_override":[{"single_post_thumbnail_size":"crop-500","single_post_gallery_size":"crop-500"}],"trending_post":"0","trending_post_position":"meta","trending_post_label":"Trending","sponsored_post":"0","sponsored_post_label":"Sponsored by","sponsored_post_name":"","sponsored_post_url":"","sponsored_post_logo_enable":"0","sponsored_post_logo":"","sponsored_post_desc":"","disable_ad":"0"},"jnews_primary_category":{"id":"","hide":""},"jnews_social_meta":{"fb_title":"","fb_description":"","fb_image":"","twitter_title":"","twitter_description":"","twitter_image":""},"jnews_review":[],"enable_review":"0","type":"percentage","name":"","summary":"","brand":"","sku":"","good":[{"good_text":""}],"bad":[{"bad_text":""}],"score_override":"","override_value":"","rating":[{"rating_text":"","rating_number":"10"}],"price":[{"shop":"","price":"","link":"","icon":""}],"jnews_override_counter":{"override_view_counter":"0","view_counter_number":"0","override_share_counter":"0","share_counter_number":"0","override_like_counter":"0","like_counter_number":"0","override_dislike_counter":"0","dislike_counter_number":"0"},"jnews_post_split":{"enable_post_split":"0","post_split":[{"template":"1","tag":"h2","numbering":"asc","mode":"normal","first":"0","enable_toc":"0","toc_type":"normal"}]},"footnotes":""},"categories":[50,66],"tags":[45,17929,56],"class_list":["post-60265","post","type-post","status-publish","format-standard","has-post-thumbnail","hentry","category-entretenimiento","category-venezuela","tag-noticias","tag-renato-yanez","tag-venezuela"],"amp_enabled":true,"_links":{"self":[{"href":"https:\/\/esreviral.com\/index.php?rest_route=\/wp\/v2\/posts\/60265"}],"collection":[{"href":"https:\/\/esreviral.com\/index.php?rest_route=\/wp\/v2\/posts"}],"about":[{"href":"https:\/\/esreviral.com\/index.php?rest_route=\/wp\/v2\/types\/post"}],"author":[{"embeddable":true,"href":"https:\/\/esreviral.com\/index.php?rest_route=\/wp\/v2\/users\/2"}],"replies":[{"embeddable":true,"href":"https:\/\/esreviral.com\/index.php?rest_route=%2Fwp%2Fv2%2Fcomments&post=60265"}],"version-history":[{"count":0,"href":"https:\/\/esreviral.com\/index.php?rest_route=\/wp\/v2\/posts\/60265\/revisions"}],"wp:featuredmedia":[{"embeddable":true,"href":"https:\/\/esreviral.com\/index.php?rest_route=\/wp\/v2\/media\/60266"}],"wp:attachment":[{"href":"https:\/\/esreviral.com\/index.php?rest_route=%2Fwp%2Fv2%2Fmedia&parent=60265"}],"wp:term":[{"taxonomy":"category","embeddable":true,"href":"https:\/\/esreviral.com\/index.php?rest_route=%2Fwp%2Fv2%2Fcategories&post=60265"},{"taxonomy":"post_tag","embeddable":true,"href":"https:\/\/esreviral.com\/index.php?rest_route=%2Fwp%2Fv2%2Ftags&post=60265"}],"curies":[{"name":"wp","href":"https:\/\/api.w.org\/{rel}","templated":true}]}}