{"id":60194,"date":"2024-09-05T12:07:20","date_gmt":"2024-09-05T17:07:20","guid":{"rendered":"https:\/\/esreviral.com\/?p=60194"},"modified":"2024-09-05T12:07:20","modified_gmt":"2024-09-05T17:07:20","slug":"por-paro-de-pilotos-este-viernes-suspenden-vuelos-de-aerolineas-argentinas","status":"publish","type":"post","link":"https:\/\/esreviral.com\/?p=60194","title":{"rendered":"Por paro de pilotos, este viernes suspenden vuelos de Aerol\u00edneas Argentinas"},"content":{"rendered":"\n<p>Un <strong>nuevo paro aeron\u00e1utico afectar\u00e1 este viernes la operaci\u00f3n de Aerol\u00edneas Argentinas,<\/strong> en una medida de fuerza impulsada por APLA, el<strong> sindicato de pilotos<\/strong> liderado por Pablo Bir\u00f3, y la Asociaci\u00f3n Argentina de Aeronavegantes. El paro se llevar\u00e1 a cabo entre las 5 y las 14 horas, afectando los vuelos en Aeroparque y Ezeiza.<\/p>\n\n\n\n<p>\u00ab<strong><em>Ante la falta de voluntad por parte de Aerol\u00edneas Argentinas para avanzar en una recomposici\u00f3n salarial acorde a los \u00edndices inflacionarios, profundizaremos las medidas de acci\u00f3n gremia<\/em><\/strong>l\u00bb, se\u00f1al\u00f3 APLA en un comunicado publicado en la red X. El sindicato expres\u00f3 su descontento con la empresa, que seg\u00fan ellos, ha respondido al conflicto con un \u00abpanfleto\u00bb destinado a dividir a los trabajadores.<\/p>\n\n\n\n<p>\u00abSon momentos cr\u00edticos que requieren serenidad, pero tambi\u00e9n la fortaleza que da la unidad del grupo\u00bb, agreg\u00f3 el comunicado. Los gremialistas adelantaron que tienen experiencia en este tipo de conflictos y que, unidos, superar\u00e1n la situaci\u00f3n una vez m\u00e1s.<\/p>\n\n\n\n<p class=\"has-text-align-center\"><strong><em><strong><a href=\"https:\/\/t.me\/esreviral\">\u00daNETE A NUESTRO CANAL DE TELEGRAM PARA ESTAR INFORMADO<\/a><\/strong><\/em><\/strong><\/p>\n\n\n\n<p>Por su parte, la Asociaci\u00f3n de Aeronavegantes inform\u00f3 a sus afiliados que no realizar\u00e1n ninguna actividad de vuelo entre las 5 y las 14 horas, <strong>ni iniciar\u00e1n traslados entre Aeroparque (AEP) y Ezeiza (EZE) durante la duraci\u00f3n del paro.<\/strong> \u00abSi est\u00e1s en traslado, contin\u00faa, pero no efect\u00faes el vuelo. Si est\u00e1s en el aeropuerto, no te dirijas al avi\u00f3n\u00bb, detalla el instructivo.<\/p>\n\n\n\n<p>La semana pasada, una medida de fuerza encubierta afect\u00f3 a miles de pasajeros en aeropuertos de todo el pa\u00eds. Las asambleas matutinas de APLA y del personal de Intercargo provocaron la cancelaci\u00f3n y reprogramaci\u00f3n de m\u00e1s de 30 vuelos, afectando principalmente a Aerol\u00edneas Argentinas y Flybondi.<\/p>\n\n\n\n<p>Ambas aerol\u00edneas, junto con JetSmart, trasladaron algunos vuelos a Ezeiza para mitigar las demoras, pero igualmente se registraron numerosas cancelaciones y retrasos. Aerol\u00edneas Argentinas debi\u00f3 cancelar 10 vuelos y reprogramar otros 15 en Aeroparque, mientras que JetSmart, Flybondi y Latam tambi\u00e9n sufrieron demoras y cancelaciones.<\/p>\n\n\n\n<p>El paro de este viernes coincidir\u00e1 con otra medida de fuerza anunciada por la Asociaci\u00f3n de T\u00e9cnicos y Empleados de Protecci\u00f3n y Seguridad a la Aeronavegaci\u00f3n (ATEPSA), que reclama una<strong> mejora salarial<\/strong> no atendida por la Empresa Argentina de Navegaci\u00f3n A\u00e9rea (EANA). Esta medida tambi\u00e9n afectar\u00e1 la operaci\u00f3n en los aeropuertos.<\/p>\n\n\n\n<p>Desde Aerol\u00edneas Argentinas calificaron como inviable el reclamo de los gremios, quienes piden un aumento salarial del 70%, argumentando que esa cifra refleja lo perdido frente a la inflaci\u00f3n. La empresa, por su parte, ofreci\u00f3 aumentos escalonados del 3,5% en junio, 3% en julio, y subas adicionales por productividad. Adem\u00e1s, voceros de la aerol\u00ednea advirtieron que aplicar\u00e1n descuentos y sanciones cada vez que las medidas de fuerza afecten la operaci\u00f3n, en especial cuando se perjudiquen directamente a los pasajeros.<\/p>\n\n\n\n<p class=\"has-text-align-center\"><strong><a href=\"https:\/\/whatsapp.com\/channel\/0029VaAz7PmBKfhwZ5V3Gk2t\"><em>\u00daNETE A NUESTRO CANAL DE WHATSAPP PARA ESTAR INFORMADO<\/em><\/a><\/strong><\/p>\n","protected":false},"excerpt":{"rendered":"<p>La medida de fuerza es de los sindicatos APLA y la Asociaci\u00f3n Argentina de Aeronavegantes.<br \/>\nEl paro ser\u00e1 de 5 a 14 y afectar\u00e1 a los vuelos que salgan de Aeroparque y Ezeiza.<br \/>\nEl viernes pasado, miles de pasajeros se vieron afectados por asambleas gremiales.<\/p>\n","protected":false},"author":3,"featured_media":60195,"comment_status":"closed","ping_status":"closed","sticky":false,"template":"","format":"standard","meta":{"jnews-multi-image_gallery":[],"jnews_single_post":{"subtitle":"","format":"standard","video":"","gallery":"","source_name":"","source_url":"","via_name":"","via_url":"","override_template":"0","override":[{"template":"4","single_blog_custom":"","parallax":"1","fullscreen":"1","layout":"right-sidebar","sidebar":"new-widget-area","second_sidebar":"default-sidebar","sticky_sidebar":"1","share_position":"top","share_float_style":"share-monocrhome","show_share_counter":"1","show_view_counter":"1","show_featured":"1","show_post_meta":"1","show_post_author":"1","show_post_author_image":"1","show_post_date":"1","post_date_format":"default","post_date_format_custom":"Y\/m\/d","show_post_category":"1","show_post_reading_time":"1","post_reading_time_wpm":"300","show_zoom_button":"1","zoom_button_out_step":"2","zoom_button_in_step":"3","show_post_tag":"1","show_prev_next_post":"1","show_popup_post":"1","number_popup_post":"1","show_author_box":"1","show_post_related":"1","show_inline_post_related":"0"}],"override_image_size":"0","image_override":[{"single_post_thumbnail_size":"crop-500","single_post_gallery_size":"crop-500"}],"trending_post":"0","trending_post_position":"meta","trending_post_label":"Trending","sponsored_post":"0","sponsored_post_label":"Sponsored by","sponsored_post_name":"","sponsored_post_url":"","sponsored_post_logo_enable":"0","sponsored_post_logo":"","sponsored_post_desc":"","disable_ad":"0"},"jnews_primary_category":{"id":"","hide":""},"jnews_social_meta":{"fb_title":"","fb_description":"","fb_image":"","twitter_title":"","twitter_description":"","twitter_image":""},"jnews_review":[],"enable_review":"0","type":"percentage","name":"","summary":"","brand":"","sku":"","good":[{"good_text":""}],"bad":[{"bad_text":""}],"score_override":"","override_value":"","rating":[{"rating_text":"","rating_number":"10"}],"price":[{"shop":"","price":"","link":"","icon":""}],"jnews_override_counter":{"override_view_counter":"0","view_counter_number":"0","override_share_counter":"0","share_counter_number":"0","override_like_counter":"0","like_counter_number":"0","override_dislike_counter":"0","dislike_counter_number":"0"},"jnews_post_split":{"enable_post_split":"0","post_split":[{"template":"1","tag":"h2","numbering":"asc","mode":"normal","first":"0","enable_toc":"0","toc_type":"normal"}]},"footnotes":""},"categories":[43,58],"tags":[1447,4807,44,45,1387,13871,17902,4175],"class_list":["post-60194","post","type-post","status-publish","format-standard","has-post-thumbnail","hentry","category-actualidad","category-argentina","tag-aerolineas-argentinas","tag-aeroparque-jorge-newbery","tag-argentina","tag-noticias","tag-paro","tag-paro-aeronautico","tag-paro-de-pilotos","tag-pasajeros"],"amp_enabled":true,"_links":{"self":[{"href":"https:\/\/esreviral.com\/index.php?rest_route=\/wp\/v2\/posts\/60194"}],"collection":[{"href":"https:\/\/esreviral.com\/index.php?rest_route=\/wp\/v2\/posts"}],"about":[{"href":"https:\/\/esreviral.com\/index.php?rest_route=\/wp\/v2\/types\/post"}],"author":[{"embeddable":true,"href":"https:\/\/esreviral.com\/index.php?rest_route=\/wp\/v2\/users\/3"}],"replies":[{"embeddable":true,"href":"https:\/\/esreviral.com\/index.php?rest_route=%2Fwp%2Fv2%2Fcomments&post=60194"}],"version-history":[{"count":0,"href":"https:\/\/esreviral.com\/index.php?rest_route=\/wp\/v2\/posts\/60194\/revisions"}],"wp:featuredmedia":[{"embeddable":true,"href":"https:\/\/esreviral.com\/index.php?rest_route=\/wp\/v2\/media\/60195"}],"wp:attachment":[{"href":"https:\/\/esreviral.com\/index.php?rest_route=%2Fwp%2Fv2%2Fmedia&parent=60194"}],"wp:term":[{"taxonomy":"category","embeddable":true,"href":"https:\/\/esreviral.com\/index.php?rest_route=%2Fwp%2Fv2%2Fcategories&post=60194"},{"taxonomy":"post_tag","embeddable":true,"href":"https:\/\/esreviral.com\/index.php?rest_route=%2Fwp%2Fv2%2Ftags&post=60194"}],"curies":[{"name":"wp","href":"https:\/\/api.w.org\/{rel}","templated":true}]}}