{"id":60130,"date":"2024-09-04T08:23:23","date_gmt":"2024-09-04T13:23:23","guid":{"rendered":"https:\/\/esreviral.com\/?p=60130"},"modified":"2024-09-04T08:23:24","modified_gmt":"2024-09-04T13:23:24","slug":"la-verdad-por-que-wanda-nara-cerro-el-local-donde-vendia-cosmeticos","status":"publish","type":"post","link":"https:\/\/esreviral.com\/?p=60130","title":{"rendered":"\u00a1La verdad! Por qu\u00e9 Wanda Nara cerr\u00f3 el local donde vend\u00eda cosm\u00e9ticos"},"content":{"rendered":"\n<p><strong>Wanda Nara<\/strong> ha logrado consolidarse como una de las figuras m\u00e1s destacadas del mundo medi\u00e1tico. Desde sus inicios, ha demostrado una<strong> gran habilidad para los negocios, <\/strong>explorando su <strong>faceta empresarial<\/strong> en varios proyectos, siendo <strong>Wanda Cosmetics uno de los m\u00e1s relevantes<\/strong>. En abril de 2021, lanz\u00f3 su propia l\u00ednea de cosm\u00e9ticos, que r\u00e1pidamente se convirti\u00f3 en un \u00e9xito. Abri\u00f3 tiendas en varios puntos de Argentina, incluida una en el <strong>Abasto Shopping de Buenos Aires<\/strong>. Sin embargo, la<strong> crisis econ\u00f3mica en Argentina<\/strong> ha afectado significativamente los ingresos de su negocio, llev\u00e1ndola a tomar<strong> una dr\u00e1stica decisi\u00f3n.<\/strong><\/p>\n\n\n\n<p>Seg\u00fan inform\u00f3 el periodista Fede Flowers en <em>Gossip<\/em>, programa emitido por Net TV, la empresaria <strong>se vio obligada a cerrar su tienda en el Abasto debido a una fuerte ca\u00edda en las ventas.<\/strong> La crisis socioecon\u00f3mica hizo insostenible la situaci\u00f3n, al punto de <strong>no poder cubrir el costo del alquiler <\/strong>del local. \u00ab<strong><em>Wanda Nara cerr\u00f3 su local del Abasto. Personal del shopping afirm\u00f3: &#8216;No estaba pudiendo pagar el alquiler, decidi\u00f3 irse'\u00bb, se\u00f1al\u00f3 el panelista. \u00abLa crisis tambi\u00e9n afect\u00f3 a su empresa, y cerr\u00f3 su principal local de cosm\u00e9ticos<\/em><\/strong>\u00ab, agreg\u00f3.<\/p>\n\n\n\n<p>Flowers continu\u00f3 explicando que el cierre del loca<strong>l no fue una reubicaci\u00f3n, sino un cese total de operaciones<\/strong>. Seg\u00fan sus fuentes en la administraci\u00f3n y seguridad del shopping, la tienda llevaba cerrada tres meses debido a que los <strong>costos de alquiler eran insostenibles.<\/strong><\/p>\n\n\n\n<p class=\"has-text-align-center\"><strong><em><strong><a href=\"https:\/\/t.me\/esreviral\">\u00daNETE A NUESTRO CANAL DE TELEGRAM PARA ESTAR INFORMADO<\/a><\/strong><\/em><\/strong><\/p>\n\n\n\n<p>El local, inaugurado en diciembre de 2021, fue el primer establecimiento que Wanda abri\u00f3 bajo su<strong> marca de maquillaje<\/strong>. No obstante, este no es el \u00fanico cierre que ha enfrentado; a finales del a\u00f1o pasado, tambi\u00e9n clausur\u00f3 la sucursal ubicada en el Alto Avellaneda.<\/p>\n\n\n\n<p>A pesar de este panorama econ\u00f3mico complicado, <strong>Wanda Nara <\/strong>mantiene abiertos tres locales en el pa\u00eds: uno en Ushuaia, otro en San Luis y un tercero en un casino. \u00abEl que estaba en Avellaneda tambi\u00e9n lo cerr\u00f3\u00bb, reiter\u00f3 Flowers, subrayando la dif\u00edcil situaci\u00f3n que atraviesa su empresa.<\/p>\n\n\n\n<p>A pesar de los desaf\u00edos, Wanda sigue comprometida con su negocio, promocionando activamente sus productos en redes sociales y manteniendo la esperanza de un cambio en la situaci\u00f3n econ\u00f3mica.<\/p>\n\n\n\n<p class=\"has-text-align-center\"><strong><a href=\"https:\/\/whatsapp.com\/channel\/0029VaAz7PmBKfhwZ5V3Gk2t\"><em>\u00daNETE A NUESTRO CANAL DE WHATSAPP PARA ESTAR INFORMADO<\/em><\/a><\/strong><\/p>\n","protected":false},"excerpt":{"rendered":"<p>Wanda Nara ha logrado consolidarse como una de las figuras m\u00e1s destacadas del mundo medi\u00e1tico. Desde sus inicios, ha demostrado una gran habilidad para los negocios, explorando su faceta empresarial en varios proyectos, siendo Wanda Cosmetics uno de los m\u00e1s relevantes. En abril de 2021, lanz\u00f3 su propia l\u00ednea de cosm\u00e9ticos, que r\u00e1pidamente se convirti\u00f3 [&hellip;]<\/p>\n","protected":false},"author":3,"featured_media":60131,"comment_status":"closed","ping_status":"closed","sticky":false,"template":"","format":"standard","meta":{"jnews-multi-image_gallery":[],"jnews_single_post":{"subtitle":"","format":"standard","video":"","gallery":"","source_name":"","source_url":"","via_name":"","via_url":"","override_template":"0","override":[{"template":"4","single_blog_custom":"","parallax":"1","fullscreen":"1","layout":"right-sidebar","sidebar":"new-widget-area","second_sidebar":"default-sidebar","sticky_sidebar":"1","share_position":"top","share_float_style":"share-monocrhome","show_share_counter":"1","show_view_counter":"1","show_featured":"1","show_post_meta":"1","show_post_author":"1","show_post_author_image":"1","show_post_date":"1","post_date_format":"default","post_date_format_custom":"Y\/m\/d","show_post_category":"1","show_post_reading_time":"1","post_reading_time_wpm":"300","show_zoom_button":"1","zoom_button_out_step":"2","zoom_button_in_step":"3","show_post_tag":"1","show_prev_next_post":"1","show_popup_post":"1","number_popup_post":"1","show_author_box":"1","show_post_related":"1","show_inline_post_related":"0"}],"override_image_size":"0","image_override":[{"single_post_thumbnail_size":"crop-500","single_post_gallery_size":"crop-500"}],"trending_post":"0","trending_post_position":"meta","trending_post_label":"Trending","sponsored_post":"0","sponsored_post_label":"Sponsored by","sponsored_post_name":"","sponsored_post_url":"","sponsored_post_logo_enable":"0","sponsored_post_logo":"","sponsored_post_desc":"","disable_ad":"0"},"jnews_primary_category":{"id":"","hide":""},"jnews_social_meta":{"fb_title":"","fb_description":"","fb_image":"","twitter_title":"","twitter_description":"","twitter_image":""},"jnews_review":[],"enable_review":"0","type":"percentage","name":"","summary":"","brand":"","sku":"","good":[{"good_text":""}],"bad":[{"bad_text":""}],"score_override":"","override_value":"","rating":[{"rating_text":"","rating_number":"10"}],"price":[{"shop":"","price":"","link":"","icon":""}],"jnews_override_counter":{"override_view_counter":"0","view_counter_number":"0","override_share_counter":"0","share_counter_number":"0","override_like_counter":"0","like_counter_number":"0","override_dislike_counter":"0","dislike_counter_number":"0"},"jnews_post_split":{"enable_post_split":"0","post_split":[{"template":"1","tag":"h2","numbering":"asc","mode":"normal","first":"0","enable_toc":"0","toc_type":"normal"}]},"footnotes":""},"categories":[50],"tags":[17860,44,124,17859,7863,17861,45,6967],"class_list":["post-60130","post","type-post","status-publish","format-standard","has-post-thumbnail","hentry","category-entretenimiento","tag-abasto-shopping","tag-argentina","tag-buenos-aires","tag-cosmeticos","tag-crisis-economica","tag-marca-de-maquillaje","tag-noticias","tag-wanda-nara"],"amp_enabled":true,"_links":{"self":[{"href":"https:\/\/esreviral.com\/index.php?rest_route=\/wp\/v2\/posts\/60130"}],"collection":[{"href":"https:\/\/esreviral.com\/index.php?rest_route=\/wp\/v2\/posts"}],"about":[{"href":"https:\/\/esreviral.com\/index.php?rest_route=\/wp\/v2\/types\/post"}],"author":[{"embeddable":true,"href":"https:\/\/esreviral.com\/index.php?rest_route=\/wp\/v2\/users\/3"}],"replies":[{"embeddable":true,"href":"https:\/\/esreviral.com\/index.php?rest_route=%2Fwp%2Fv2%2Fcomments&post=60130"}],"version-history":[{"count":0,"href":"https:\/\/esreviral.com\/index.php?rest_route=\/wp\/v2\/posts\/60130\/revisions"}],"wp:featuredmedia":[{"embeddable":true,"href":"https:\/\/esreviral.com\/index.php?rest_route=\/wp\/v2\/media\/60131"}],"wp:attachment":[{"href":"https:\/\/esreviral.com\/index.php?rest_route=%2Fwp%2Fv2%2Fmedia&parent=60130"}],"wp:term":[{"taxonomy":"category","embeddable":true,"href":"https:\/\/esreviral.com\/index.php?rest_route=%2Fwp%2Fv2%2Fcategories&post=60130"},{"taxonomy":"post_tag","embeddable":true,"href":"https:\/\/esreviral.com\/index.php?rest_route=%2Fwp%2Fv2%2Ftags&post=60130"}],"curies":[{"name":"wp","href":"https:\/\/api.w.org\/{rel}","templated":true}]}}