{"id":59934,"date":"2024-08-30T16:26:38","date_gmt":"2024-08-30T21:26:38","guid":{"rendered":"https:\/\/esreviral.com\/?p=59934"},"modified":"2024-08-30T16:26:39","modified_gmt":"2024-08-30T21:26:39","slug":"ronald-borjas-ricardo-cepeda-y-diveana-encabezaran-el-festival-internacional-feria-de-la-chinita","status":"publish","type":"post","link":"https:\/\/esreviral.com\/?p=59934","title":{"rendered":"Ronald Borjas, Ricardo Cepeda y Diveana, encabezar\u00e1n el Festival Internacional Feria de La Chinita"},"content":{"rendered":"\n<p><strong>Ronald Borjas, Ricardo Cepeda y Diveana, <\/strong>ser\u00e1n los encargados de abrir el I Festival Internacional Feria de La Chinita en Argentina, as\u00ed lo anunci\u00f3 Joseph C\u00e1rdenas, CEO de La Tramoya Producciones. <\/p>\n\n\n\n<p>El evento se realizar\u00e1 el pr\u00f3ximo domingo 17 de noviembre en el Club Musem de la ciudad de Buenos Aires, \u00able rendiremos un homenaje a nuestra Virgen Chiquinquir\u00e1, una de las leyendas vivas de la gaita nuestro <strong>Colosal, Ricardo Cepeda, <\/strong>nos har\u00e1 vibrar con sus inolvidables gaitas. Nuestra <strong>reina del merengue, Diveana<\/strong>, nos pondr\u00e1 a gozar y bailar y por supuesto que llegar\u00e1 con su espect\u00e1culo de primer\u00edsimo nivel, <strong>Ronald Borjas<\/strong>, quien promete un show para hacer cantar y bailar a todo el p\u00fablico\u00bb.<\/p>\n\n\n\n<p>Las entradas estar\u00e1n a la venta a partir de este 31 de agosto en Passline.Com<\/p>\n\n\n\n<p>Para m\u00e1s informaci\u00f3n : <strong>+56931313875<\/strong><\/p>\n\n\n\n<figure class=\"wp-block-embed is-type-video is-provider-youtube wp-block-embed-youtube wp-embed-aspect-16-9 wp-has-aspect-ratio\"><div class=\"wp-block-embed__wrapper\">\n<div class=\"jeg_video_container jeg_video_content\"><iframe title=\"[Free Cover]  + @C4Trio Ricardo Cepeda - Medley #2 Homenaje al Monumental\" width=\"500\" height=\"281\" src=\"https:\/\/www.youtube.com\/embed\/QJ_YEtKkDrk?feature=oembed\" frameborder=\"0\" allow=\"accelerometer; autoplay; clipboard-write; encrypted-media; gyroscope; picture-in-picture; web-share\" referrerpolicy=\"strict-origin-when-cross-origin\" allowfullscreen><\/iframe><\/div>\n<\/div><\/figure>\n","protected":false},"excerpt":{"rendered":"<p>Ronald Borjas, Ricardo Cepeda y Diveana, ser\u00e1n los encargados de abrir el I Festival Internacional Feria de La Chinita en Argentina, as\u00ed lo anunci\u00f3 Joseph C\u00e1rdenas, CEO de La Tramoya Producciones. El evento se realizar\u00e1 el pr\u00f3ximo domingo 17 de noviembre en el Club Musem de la ciudad de Buenos Aires, \u00able rendiremos un homenaje [&hellip;]<\/p>\n","protected":false},"author":2,"featured_media":59936,"comment_status":"closed","ping_status":"closed","sticky":false,"template":"","format":"standard","meta":{"jnews-multi-image_gallery":[],"jnews_single_post":{"subtitle":"","format":"standard","video":"","gallery":"","source_name":"","source_url":"","via_name":"","via_url":"","override_template":"0","override":[{"template":"4","single_blog_custom":"","parallax":"1","fullscreen":"1","layout":"right-sidebar","sidebar":"new-widget-area","second_sidebar":"default-sidebar","sticky_sidebar":"1","share_position":"top","share_float_style":"share-monocrhome","show_share_counter":"1","show_view_counter":"1","show_featured":"1","show_post_meta":"1","show_post_author":"1","show_post_author_image":"1","show_post_date":"1","post_date_format":"default","post_date_format_custom":"Y\/m\/d","show_post_category":"1","show_post_reading_time":"1","post_reading_time_wpm":"300","show_zoom_button":"1","zoom_button_out_step":"2","zoom_button_in_step":"3","show_post_tag":"1","show_prev_next_post":"1","show_popup_post":"1","number_popup_post":"1","show_author_box":"1","show_post_related":"1","show_inline_post_related":"0"}],"override_image_size":"0","image_override":[{"single_post_thumbnail_size":"crop-500","single_post_gallery_size":"crop-500"}],"trending_post":"0","trending_post_position":"meta","trending_post_label":"Trending","sponsored_post":"0","sponsored_post_label":"Sponsored by","sponsored_post_name":"","sponsored_post_url":"","sponsored_post_logo_enable":"0","sponsored_post_logo":"","sponsored_post_desc":"","disable_ad":"0"},"jnews_primary_category":{"id":"","hide":""},"jnews_social_meta":{"fb_title":"","fb_description":"","fb_image":"","twitter_title":"","twitter_description":"","twitter_image":""},"jnews_review":[],"enable_review":"0","type":"percentage","name":"","summary":"","brand":"","sku":"","good":[{"good_text":""}],"bad":[{"bad_text":""}],"score_override":"","override_value":"","rating":[{"rating_text":"","rating_number":"10"}],"price":[{"shop":"","price":"","link":"","icon":""}],"jnews_override_counter":{"override_view_counter":"0","view_counter_number":"0","override_share_counter":"0","share_counter_number":"0","override_like_counter":"0","like_counter_number":"0","override_dislike_counter":"0","dislike_counter_number":"0"},"jnews_post_split":{"enable_post_split":"0","post_split":[{"template":"1","tag":"h2","numbering":"asc","mode":"normal","first":"0","enable_toc":"0","toc_type":"normal"}]},"footnotes":""},"categories":[1142,5892],"tags":[44,894,3140,45,17759,12073,67,1222],"class_list":["post-59934","post","type-post","status-publish","format-standard","has-post-thumbnail","hentry","category-musica","category-venezolanos-en-argentina","tag-argentina","tag-ciudad-de-buenos-aires","tag-diveana","tag-noticias","tag-ricardo-cepeda","tag-ronald-borjas","tag-venezolanos-en-argentina","tag-virgen-de-chiquinquira"],"amp_enabled":true,"_links":{"self":[{"href":"https:\/\/esreviral.com\/index.php?rest_route=\/wp\/v2\/posts\/59934"}],"collection":[{"href":"https:\/\/esreviral.com\/index.php?rest_route=\/wp\/v2\/posts"}],"about":[{"href":"https:\/\/esreviral.com\/index.php?rest_route=\/wp\/v2\/types\/post"}],"author":[{"embeddable":true,"href":"https:\/\/esreviral.com\/index.php?rest_route=\/wp\/v2\/users\/2"}],"replies":[{"embeddable":true,"href":"https:\/\/esreviral.com\/index.php?rest_route=%2Fwp%2Fv2%2Fcomments&post=59934"}],"version-history":[{"count":0,"href":"https:\/\/esreviral.com\/index.php?rest_route=\/wp\/v2\/posts\/59934\/revisions"}],"wp:featuredmedia":[{"embeddable":true,"href":"https:\/\/esreviral.com\/index.php?rest_route=\/wp\/v2\/media\/59936"}],"wp:attachment":[{"href":"https:\/\/esreviral.com\/index.php?rest_route=%2Fwp%2Fv2%2Fmedia&parent=59934"}],"wp:term":[{"taxonomy":"category","embeddable":true,"href":"https:\/\/esreviral.com\/index.php?rest_route=%2Fwp%2Fv2%2Fcategories&post=59934"},{"taxonomy":"post_tag","embeddable":true,"href":"https:\/\/esreviral.com\/index.php?rest_route=%2Fwp%2Fv2%2Ftags&post=59934"}],"curies":[{"name":"wp","href":"https:\/\/api.w.org\/{rel}","templated":true}]}}