{"id":59903,"date":"2024-08-30T09:33:49","date_gmt":"2024-08-30T14:33:49","guid":{"rendered":"https:\/\/esreviral.com\/?p=59903"},"modified":"2024-08-30T09:34:59","modified_gmt":"2024-08-30T14:34:59","slug":"diosdado-cabello-se-esta-restableciendo-gradualmente-en-todo-el-territorito","status":"publish","type":"post","link":"https:\/\/esreviral.com\/?p=59903","title":{"rendered":"Diosdado Cabello: \u00abSe est\u00e1 restableciendo el servicio el\u00e9ctrico\u00a0gradualmente en todo el territorio\u00bb"},"content":{"rendered":"\n<p>En una declaraci\u00f3n reciente, el<strong> nuevo Ministro del Interior, Diosdado Cabello<\/strong>, anunci\u00f3 que el<strong> restablecimiento de la electricidad est\u00e1 en marcha. <\/strong>Seg\u00fan Cabello, el servicio se est\u00e1<strong> reanudando gradualmente en todo el pa\u00eds<\/strong>, con las primeras zonas en Caracas ya comenzando a recibir energ\u00eda.<\/p>\n\n\n\n<p>El ministro afirm\u00f3 que el gobierno est\u00e1 trabajando intensamente para restablecer el suministro el\u00e9ctrico en todas las regiones afectadas. Adem\u00e1s, lanz\u00f3 duras cr\u00edticas hacia la oposici\u00f3n, acus\u00e1ndola de intentar \u201c<strong>causar da\u00f1o al pueblo<\/strong>\u201d y prometi\u00f3 que el gobierno tomar\u00e1 medidas en todos los frentes para enfrentar estos actos.<\/p>\n\n\n\n<p>\u201c<strong><em>Estamos restableciendo el servicio el\u00e9ctrico por fases, comenzando en algunas zonas de Caracas<\/em><\/strong>\u201d, explic\u00f3 Cabello. Tambi\u00e9n sostuvo que la oposici\u00f3n ha intentado sabotear el suministro desde el martes, pero asegur\u00f3 que el pa\u00eds \u201c<strong>permanece en calma<\/strong>\u201d a pesar de los desaf\u00edos.<\/p>\n\n\n\n<p><strong><em>Noticia en desarrollo&#8230;<\/em><\/strong><\/p>\n\n\n\n<p class=\"has-text-align-center\"><strong><em><mark style=\"background-color:rgba(0, 0, 0, 0)\" class=\"has-inline-color has-vivid-red-color\"><a href=\"https:\/\/esreviral.com\/?p=59888\" data-type=\"link\" data-id=\"https:\/\/esreviral.com\/?p=59888\">Lea Tambi\u00e9n: Gran apag\u00f3n en Venezuela deja incomunicadas a miles de familias, tanto dentro como fuera del pa\u00eds<\/a><\/mark><\/em><\/strong><\/p>\n","protected":false},"excerpt":{"rendered":"<p>El ministro Diosdado Cabello, el servicio el\u00e9ctrico comienza a restablecerse gradualmente en la Gran Caracas y se extender\u00e1 progresivamente a todo el pa\u00eds.<\/p>\n","protected":false},"author":3,"featured_media":59904,"comment_status":"closed","ping_status":"closed","sticky":false,"template":"","format":"standard","meta":{"jnews-multi-image_gallery":[],"jnews_single_post":{"subtitle":"","format":"standard","video":"","gallery":"","source_name":"","source_url":"","via_name":"","via_url":"","override_template":"0","override":[{"template":"4","single_blog_custom":"","parallax":"1","fullscreen":"1","layout":"right-sidebar","sidebar":"new-widget-area","second_sidebar":"default-sidebar","sticky_sidebar":"1","share_position":"top","share_float_style":"share-monocrhome","show_share_counter":"1","show_view_counter":"1","show_featured":"1","show_post_meta":"1","show_post_author":"1","show_post_author_image":"1","show_post_date":"1","post_date_format":"default","post_date_format_custom":"Y\/m\/d","show_post_category":"1","show_post_reading_time":"1","post_reading_time_wpm":"300","show_zoom_button":"1","zoom_button_out_step":"2","zoom_button_in_step":"3","show_post_tag":"1","show_prev_next_post":"1","show_popup_post":"1","number_popup_post":"1","show_author_box":"1","show_post_related":"1","show_inline_post_related":"0"}],"override_image_size":"0","image_override":[{"single_post_thumbnail_size":"crop-500","single_post_gallery_size":"crop-500"}],"trending_post":"0","trending_post_position":"meta","trending_post_label":"Trending","sponsored_post":"0","sponsored_post_label":"Sponsored by","sponsored_post_name":"","sponsored_post_url":"","sponsored_post_logo_enable":"0","sponsored_post_logo":"","sponsored_post_desc":"","disable_ad":"0"},"jnews_primary_category":{"id":"","hide":""},"jnews_social_meta":{"fb_title":"","fb_description":"","fb_image":"","twitter_title":"","twitter_description":"","twitter_image":""},"jnews_review":[],"enable_review":"0","type":"percentage","name":"","summary":"","brand":"","sku":"","good":[{"good_text":""}],"bad":[{"bad_text":""}],"score_override":"","override_value":"","rating":[{"rating_text":"","rating_number":"10"}],"price":[{"shop":"","price":"","link":"","icon":""}],"jnews_override_counter":{"override_view_counter":"0","view_counter_number":"0","override_share_counter":"0","share_counter_number":"0","override_like_counter":"0","like_counter_number":"0","override_dislike_counter":"0","dislike_counter_number":"0"},"jnews_post_split":{"enable_post_split":"0","post_split":[{"template":"1","tag":"h2","numbering":"asc","mode":"normal","first":"0","enable_toc":"0","toc_type":"normal"}]},"footnotes":""},"categories":[59,66],"tags":[381,45,17755,56],"class_list":["post-59903","post","type-post","status-publish","format-standard","has-post-thumbnail","hentry","category-politica","category-venezuela","tag-diosdado-cabello","tag-noticias","tag-restablecimiento-de-la-electricidad","tag-venezuela"],"amp_enabled":true,"_links":{"self":[{"href":"https:\/\/esreviral.com\/index.php?rest_route=\/wp\/v2\/posts\/59903"}],"collection":[{"href":"https:\/\/esreviral.com\/index.php?rest_route=\/wp\/v2\/posts"}],"about":[{"href":"https:\/\/esreviral.com\/index.php?rest_route=\/wp\/v2\/types\/post"}],"author":[{"embeddable":true,"href":"https:\/\/esreviral.com\/index.php?rest_route=\/wp\/v2\/users\/3"}],"replies":[{"embeddable":true,"href":"https:\/\/esreviral.com\/index.php?rest_route=%2Fwp%2Fv2%2Fcomments&post=59903"}],"version-history":[{"count":0,"href":"https:\/\/esreviral.com\/index.php?rest_route=\/wp\/v2\/posts\/59903\/revisions"}],"wp:featuredmedia":[{"embeddable":true,"href":"https:\/\/esreviral.com\/index.php?rest_route=\/wp\/v2\/media\/59904"}],"wp:attachment":[{"href":"https:\/\/esreviral.com\/index.php?rest_route=%2Fwp%2Fv2%2Fmedia&parent=59903"}],"wp:term":[{"taxonomy":"category","embeddable":true,"href":"https:\/\/esreviral.com\/index.php?rest_route=%2Fwp%2Fv2%2Fcategories&post=59903"},{"taxonomy":"post_tag","embeddable":true,"href":"https:\/\/esreviral.com\/index.php?rest_route=%2Fwp%2Fv2%2Ftags&post=59903"}],"curies":[{"name":"wp","href":"https:\/\/api.w.org\/{rel}","templated":true}]}}