{"id":59717,"date":"2024-08-27T14:16:57","date_gmt":"2024-08-27T19:16:57","guid":{"rendered":"https:\/\/esreviral.com\/?p=59717"},"modified":"2024-08-27T16:35:15","modified_gmt":"2024-08-27T21:35:15","slug":"focva-presento-ante-organismos-internacionales-soluciones-en-pro-de-la-comunidad-venezolana","status":"publish","type":"post","link":"https:\/\/esreviral.com\/?p=59717","title":{"rendered":"FOCVA present\u00f3 ante el Gobierno y organismos internacionales soluciones en pro de la comunidad Venezolana"},"content":{"rendered":"\n<p>La<strong> Federaci\u00f3n de Organizaciones de la Sociedad Civil de Venezolanos en Argentina (FOCVA) <\/strong>participa activamente en la reuni\u00f3n plenaria de la Plataforma R4V. Este evento se centra en la presentaci\u00f3n de resultados preliminares del censo de incidencias <strong>causado por el cierre de la Embajada de Venezuela en Argentina tras el proceso electoral del 28 de julio en Venezuela.<\/strong><\/p>\n\n\n\n<p><strong>FOCVA <\/strong>ha registrado a<strong> m\u00e1s de cinco mil personas en el censo<\/strong>, que ha permitido recopilar datos sobre las dificultades que enfrentan los <strong>venezolanos en Argentina<\/strong>. Los resultados se han presentado en esta plenaria ante organismos clave como la <strong>Direcci\u00f3n Nacional de Migraciones (DNM), el Registro Nacional de las Personas (Renaper), Canciller\u00eda, ACNUR y OIM<\/strong>, entre otros. La importancia de este censo radica en la identificaci\u00f3n precisa de las barreras migratorias, que afectan a miles de venezolanos en el pa\u00eds, especialmente tras la clausura de la embajada, lo que ha<strong> dificultado el acceso a servicios consulares.<\/strong><\/p>\n\n\n\n<p class=\"has-text-align-center\"><strong><em><strong><a href=\"https:\/\/t.me\/esreviral\">\u00daNETE A NUESTRO CANAL DE TELEGRAM PARA ESTAR INFORMADO<\/a><\/strong><\/em><\/strong><\/p>\n\n\n\n<figure class=\"wp-block-image size-large\"><img fetchpriority=\"high\" decoding=\"async\" width=\"1024\" height=\"577\" src=\"https:\/\/esreviral.com\/wp-content\/uploads\/2024\/08\/AnyConv.com__WhatsApp-Image-2024-08-27-at-3.25.49-PM-1-1024x577.webp\" alt=\"\" class=\"wp-image-59719\" srcset=\"https:\/\/esreviral.com\/wp-content\/uploads\/2024\/08\/AnyConv.com__WhatsApp-Image-2024-08-27-at-3.25.49-PM-1-1024x577.webp 1024w, https:\/\/esreviral.com\/wp-content\/uploads\/2024\/08\/AnyConv.com__WhatsApp-Image-2024-08-27-at-3.25.49-PM-1-300x169.webp 300w, https:\/\/esreviral.com\/wp-content\/uploads\/2024\/08\/AnyConv.com__WhatsApp-Image-2024-08-27-at-3.25.49-PM-1-768x432.webp 768w, https:\/\/esreviral.com\/wp-content\/uploads\/2024\/08\/AnyConv.com__WhatsApp-Image-2024-08-27-at-3.25.49-PM-1-1536x865.webp 1536w, https:\/\/esreviral.com\/wp-content\/uploads\/2024\/08\/AnyConv.com__WhatsApp-Image-2024-08-27-at-3.25.49-PM-1-750x422.webp 750w, https:\/\/esreviral.com\/wp-content\/uploads\/2024\/08\/AnyConv.com__WhatsApp-Image-2024-08-27-at-3.25.49-PM-1-1140x642.webp 1140w, https:\/\/esreviral.com\/wp-content\/uploads\/2024\/08\/AnyConv.com__WhatsApp-Image-2024-08-27-at-3.25.49-PM-1.webp 1600w\" sizes=\"(max-width: 1024px) 100vw, 1024px\" \/><\/figure>\n\n\n\n<p>En la reuni\u00f3n, se ha propuesto la creaci\u00f3n de una mesa t\u00e9cnica de trabajo con estos organismos para implementar acciones conjuntas que mitiguen las consecuencias del cierre de la embajada. Esta iniciativa se enfoca en la reactivaci\u00f3n de la Disposici\u00f3n 520\/2019, que facilita la regularizaci\u00f3n de venezolanos con documentos vencidos, y la evaluaci\u00f3n del Pasaporte Excepcional para Extranjeros, una medida crucial dada la dificultad de obtener pasaportes venezolanos v\u00e1lidos.<\/p>\n\n\n\n<p>Adem\u00e1s, se ha planteado la protecci\u00f3n de los datos del censo para garantizar la seguridad de los migrantes, y se ha enfatizado que este trabajo se realiza sin la participaci\u00f3n de organizaciones pol\u00edtico-partidistas, asegurando un enfoque neutral y humanitario.<\/p>\n\n\n\n<figure class=\"wp-block-image size-large\"><img decoding=\"async\" width=\"1024\" height=\"576\" src=\"https:\/\/esreviral.com\/wp-content\/uploads\/2024\/08\/AnyConv.com__WhatsApp-Image-2024-08-27-at-3.25.50-PM-1024x576.webp\" alt=\"\" class=\"wp-image-59720\" srcset=\"https:\/\/esreviral.com\/wp-content\/uploads\/2024\/08\/AnyConv.com__WhatsApp-Image-2024-08-27-at-3.25.50-PM-1024x576.webp 1024w, https:\/\/esreviral.com\/wp-content\/uploads\/2024\/08\/AnyConv.com__WhatsApp-Image-2024-08-27-at-3.25.50-PM-300x169.webp 300w, https:\/\/esreviral.com\/wp-content\/uploads\/2024\/08\/AnyConv.com__WhatsApp-Image-2024-08-27-at-3.25.50-PM-768x432.webp 768w, https:\/\/esreviral.com\/wp-content\/uploads\/2024\/08\/AnyConv.com__WhatsApp-Image-2024-08-27-at-3.25.50-PM-1536x864.webp 1536w, https:\/\/esreviral.com\/wp-content\/uploads\/2024\/08\/AnyConv.com__WhatsApp-Image-2024-08-27-at-3.25.50-PM-750x422.webp 750w, https:\/\/esreviral.com\/wp-content\/uploads\/2024\/08\/AnyConv.com__WhatsApp-Image-2024-08-27-at-3.25.50-PM-1140x641.webp 1140w, https:\/\/esreviral.com\/wp-content\/uploads\/2024\/08\/AnyConv.com__WhatsApp-Image-2024-08-27-at-3.25.50-PM.webp 1600w\" sizes=\"(max-width: 1024px) 100vw, 1024px\" \/><\/figure>\n\n\n\n<p>FOCVA ha demostrado una capacidad de liderazgo significativa en este proceso, generando confianza en las instituciones y promoviendo soluciones a largo plazo para la comunidad venezolana en Argentina. Su enfoque en el trabajo conjunto y en la protecci\u00f3n de los derechos migratorios marca un paso positivo en la integraci\u00f3n y bienestar de los migrantes.<\/p>\n\n\n\n<p class=\"has-text-align-center\"><strong><a href=\"https:\/\/whatsapp.com\/channel\/0029VaAz7PmBKfhwZ5V3Gk2t\"><em>\u00daNETE A NUESTRO CANAL DE WHATSAPP PARA ESTAR INFORMADO<\/em><\/a><\/strong><\/p>\n\n\n\n<figure class=\"wp-block-image size-large\"><img decoding=\"async\" width=\"1024\" height=\"768\" src=\"https:\/\/esreviral.com\/wp-content\/uploads\/2024\/08\/AnyConv.com__WhatsApp-Image-2024-08-27-at-4.10.43-PM-1024x768.webp\" alt=\"\" class=\"wp-image-59728\" srcset=\"https:\/\/esreviral.com\/wp-content\/uploads\/2024\/08\/AnyConv.com__WhatsApp-Image-2024-08-27-at-4.10.43-PM-1024x768.webp 1024w, https:\/\/esreviral.com\/wp-content\/uploads\/2024\/08\/AnyConv.com__WhatsApp-Image-2024-08-27-at-4.10.43-PM-300x225.webp 300w, https:\/\/esreviral.com\/wp-content\/uploads\/2024\/08\/AnyConv.com__WhatsApp-Image-2024-08-27-at-4.10.43-PM-768x576.webp 768w, https:\/\/esreviral.com\/wp-content\/uploads\/2024\/08\/AnyConv.com__WhatsApp-Image-2024-08-27-at-4.10.43-PM-750x563.webp 750w, https:\/\/esreviral.com\/wp-content\/uploads\/2024\/08\/AnyConv.com__WhatsApp-Image-2024-08-27-at-4.10.43-PM-1140x855.webp 1140w, https:\/\/esreviral.com\/wp-content\/uploads\/2024\/08\/AnyConv.com__WhatsApp-Image-2024-08-27-at-4.10.43-PM.webp 1280w\" sizes=\"(max-width: 1024px) 100vw, 1024px\" \/><\/figure>\n\n\n\n<p class=\"has-text-align-center\"><\/p>\n","protected":false},"excerpt":{"rendered":"<p>La Federaci\u00f3n de Organizaciones de la Sociedad Civil de Venezolanos en Argentina (FOCVA) participa activamente en la reuni\u00f3n plenaria de la Plataforma R4V. Este evento se centra en la presentaci\u00f3n de resultados preliminares del censo de incidencias causado por el cierre de la Embajada de Venezuela en Argentina tras el proceso electoral del 28 de [&hellip;]<\/p>\n","protected":false},"author":3,"featured_media":59720,"comment_status":"closed","ping_status":"closed","sticky":false,"template":"","format":"standard","meta":{"jnews-multi-image_gallery":[],"jnews_single_post":{"subtitle":"","format":"standard","video":"","gallery":"","source_name":"","source_url":"","via_name":"","via_url":"","override_template":"0","override":[{"template":"4","single_blog_custom":"","parallax":"1","fullscreen":"1","layout":"right-sidebar","sidebar":"new-widget-area","second_sidebar":"default-sidebar","sticky_sidebar":"1","share_position":"top","share_float_style":"share-monocrhome","show_share_counter":"1","show_view_counter":"1","show_featured":"1","show_post_meta":"1","show_post_author":"1","show_post_author_image":"1","show_post_date":"1","post_date_format":"default","post_date_format_custom":"Y\/m\/d","show_post_category":"1","show_post_reading_time":"1","post_reading_time_wpm":"300","show_zoom_button":"1","zoom_button_out_step":"2","zoom_button_in_step":"3","show_post_tag":"1","show_prev_next_post":"1","show_popup_post":"1","number_popup_post":"1","show_author_box":"1","show_post_related":"1","show_inline_post_related":"0"}],"override_image_size":"0","image_override":[{"single_post_thumbnail_size":"crop-500","single_post_gallery_size":"crop-500"}],"trending_post":"0","trending_post_position":"meta","trending_post_label":"Trending","sponsored_post":"0","sponsored_post_label":"Sponsored by","sponsored_post_name":"","sponsored_post_url":"","sponsored_post_logo_enable":"0","sponsored_post_logo":"","sponsored_post_desc":"","disable_ad":"0"},"jnews_primary_category":{"id":"","hide":""},"jnews_social_meta":{"fb_title":"","fb_description":"","fb_image":"","twitter_title":"","twitter_description":"","twitter_image":""},"jnews_review":[],"enable_review":"0","type":"percentage","name":"","summary":"","brand":"","sku":"","good":[{"good_text":""}],"bad":[{"bad_text":""}],"score_override":"","override_value":"","rating":[{"rating_text":"","rating_number":"10"}],"price":[{"shop":"","price":"","link":"","icon":""}],"jnews_override_counter":{"override_view_counter":"0","view_counter_number":"0","override_share_counter":"0","share_counter_number":"0","override_like_counter":"0","like_counter_number":"0","override_dislike_counter":"0","dislike_counter_number":"0"},"jnews_post_split":{"enable_post_split":"0","post_split":[{"template":"1","tag":"h2","numbering":"asc","mode":"normal","first":"0","enable_toc":"0","toc_type":"normal"}]},"footnotes":""},"categories":[5892],"tags":[44,1964,14808,45,17689,56],"class_list":["post-59717","post","type-post","status-publish","format-standard","has-post-thumbnail","hentry","category-venezolanos-en-argentina","tag-argentina","tag-embajada-de-venezuela","tag-focva","tag-noticias","tag-servicios-consulares","tag-venezuela"],"_links":{"self":[{"href":"https:\/\/esreviral.com\/index.php?rest_route=\/wp\/v2\/posts\/59717","targetHints":{"allow":["GET"]}}],"collection":[{"href":"https:\/\/esreviral.com\/index.php?rest_route=\/wp\/v2\/posts"}],"about":[{"href":"https:\/\/esreviral.com\/index.php?rest_route=\/wp\/v2\/types\/post"}],"author":[{"embeddable":true,"href":"https:\/\/esreviral.com\/index.php?rest_route=\/wp\/v2\/users\/3"}],"replies":[{"embeddable":true,"href":"https:\/\/esreviral.com\/index.php?rest_route=%2Fwp%2Fv2%2Fcomments&post=59717"}],"version-history":[{"count":0,"href":"https:\/\/esreviral.com\/index.php?rest_route=\/wp\/v2\/posts\/59717\/revisions"}],"wp:featuredmedia":[{"embeddable":true,"href":"https:\/\/esreviral.com\/index.php?rest_route=\/wp\/v2\/media\/59720"}],"wp:attachment":[{"href":"https:\/\/esreviral.com\/index.php?rest_route=%2Fwp%2Fv2%2Fmedia&parent=59717"}],"wp:term":[{"taxonomy":"category","embeddable":true,"href":"https:\/\/esreviral.com\/index.php?rest_route=%2Fwp%2Fv2%2Fcategories&post=59717"},{"taxonomy":"post_tag","embeddable":true,"href":"https:\/\/esreviral.com\/index.php?rest_route=%2Fwp%2Fv2%2Ftags&post=59717"}],"curies":[{"name":"wp","href":"https:\/\/api.w.org\/{rel}","templated":true}]}}