{"id":59700,"date":"2024-08-27T11:38:24","date_gmt":"2024-08-27T16:38:24","guid":{"rendered":"https:\/\/esreviral.com\/?p=59700"},"modified":"2024-08-27T11:38:25","modified_gmt":"2024-08-27T16:38:25","slug":"menores-involucrados-abusaron-de-una-persona-con-discapacidad-y-difundieron-el-acto","status":"publish","type":"post","link":"https:\/\/esreviral.com\/?p=59700","title":{"rendered":"\u00a1Menores Involucrados! Abusaron de una persona con discapacidad y difundieron el acto"},"content":{"rendered":"\n<p><strong>Cuatro personas, incluyendo dos menores de edad, han sido detenidas en el sector Juan de Dios Gonz\u00e1lez, parroquia San Carlos, municipio Col\u00f3n del estado Zulia (Venezuela), por el abuso sexual de un joven de 27 a\u00f1os con discapacidad cognitiva grave.<\/strong><\/p>\n\n\n\n<p>La detenci\u00f3n se produjo tras la denuncia de la madre de la v\u00edctima, quien inform\u00f3 al Cuerpo de Polic\u00eda Bolivariana del estado Zulia (Cpbez) que un individuo conocido como Yiyo hab\u00eda <strong>abusado de su hija, grab\u00f3 el incidente y lo public\u00f3 en redes sociales.<\/strong><\/p>\n\n\n\n<p>Los oficiales iniciaron una investigaci\u00f3n y localizaron a <strong>Johnnyven \u00c1ngel Oma\u00f1a Vera<\/strong>, de 42 a\u00f1os de edad, alias Yiyo, el principal responsable del abuso. Tambi\u00e9n fueron arrestados <strong>Camila Isabel Escalante Prada<\/strong>, de 19 a\u00f1os de edad, quien grab\u00f3 los v\u00eddeos, y<strong> dos adolescentes de 14 y 15 a\u00f1os de edad por su presunta participaci\u00f3n en el hecho.<\/strong><\/p>\n\n\n\n<p>La v\u00edctima recibi\u00f3 atenci\u00f3n m\u00e9dica y psicol\u00f3gica en el Servicio Nacional de Medicina y Ciencias Forenses (Senamecf). Los detenidos fueron llevados al Centro de Coordinaci\u00f3n Policial Sur del Lago Oeste, donde permanecen bajo custodia y a disposici\u00f3n del Ministerio P\u00fablico.<\/p>\n\n\n\n<p class=\"has-text-align-center\"><strong><a href=\"https:\/\/whatsapp.com\/channel\/0029VaAz7PmBKfhwZ5V3Gk2t\"><em>\u00daNETE A NUESTRO CANAL DE WHATSAPP PARA ESTAR INFORMADO<\/em><\/a><\/strong><\/p>\n","protected":false},"excerpt":{"rendered":"<p>Entre los detenidos se encuentran dos adolescentes, de 14 y 15 a\u00f1os de edad, por su presunta participaci\u00f3n en los hechos, as\u00ed como una joven de 19 a\u00f1os de quien grab\u00f3 en video la violaci\u00f3n de la v\u00edctima<\/p>\n","protected":false},"author":3,"featured_media":59701,"comment_status":"closed","ping_status":"closed","sticky":false,"template":"","format":"standard","meta":{"jnews-multi-image_gallery":[],"jnews_single_post":{"subtitle":"","format":"standard","video":"","gallery":"","source_name":"","source_url":"","via_name":"","via_url":"","override_template":"0","override":[{"template":"4","single_blog_custom":"","parallax":"1","fullscreen":"1","layout":"right-sidebar","sidebar":"new-widget-area","second_sidebar":"default-sidebar","sticky_sidebar":"1","share_position":"top","share_float_style":"share-monocrhome","show_share_counter":"1","show_view_counter":"1","show_featured":"1","show_post_meta":"1","show_post_author":"1","show_post_author_image":"1","show_post_date":"1","post_date_format":"default","post_date_format_custom":"Y\/m\/d","show_post_category":"1","show_post_reading_time":"1","post_reading_time_wpm":"300","show_zoom_button":"1","zoom_button_out_step":"2","zoom_button_in_step":"3","show_post_tag":"1","show_prev_next_post":"1","show_popup_post":"1","number_popup_post":"1","show_author_box":"1","show_post_related":"1","show_inline_post_related":"0"}],"override_image_size":"0","image_override":[{"single_post_thumbnail_size":"crop-500","single_post_gallery_size":"crop-500"}],"trending_post":"0","trending_post_position":"meta","trending_post_label":"Trending","sponsored_post":"0","sponsored_post_label":"Sponsored by","sponsored_post_name":"","sponsored_post_url":"","sponsored_post_logo_enable":"0","sponsored_post_logo":"","sponsored_post_desc":"","disable_ad":"0"},"jnews_primary_category":{"id":"","hide":""},"jnews_social_meta":{"fb_title":"","fb_description":"","fb_image":"","twitter_title":"","twitter_description":"","twitter_image":""},"jnews_review":[],"enable_review":"0","type":"percentage","name":"","summary":"","brand":"","sku":"","good":[{"good_text":""}],"bad":[{"bad_text":""}],"score_override":"","override_value":"","rating":[{"rating_text":"","rating_number":"10"}],"price":[{"shop":"","price":"","link":"","icon":""}],"jnews_override_counter":{"override_view_counter":"0","view_counter_number":"0","override_share_counter":"0","share_counter_number":"0","override_like_counter":"0","like_counter_number":"0","override_dislike_counter":"0","dislike_counter_number":"0"},"jnews_post_split":{"enable_post_split":"0","post_split":[{"template":"1","tag":"h2","numbering":"asc","mode":"normal","first":"0","enable_toc":"0","toc_type":"normal"}]},"footnotes":""},"categories":[64,66],"tags":[398,4044,17682,17683,45,1092,7684,1714,56,287],"class_list":["post-59700","post","type-post","status-publish","format-standard","has-post-thumbnail","hentry","category-sucesos","category-venezuela","tag-abuso-sexual","tag-discapacidad","tag-joven-con-discapacidad","tag-municipio-colon","tag-noticias","tag-pnb","tag-policia-nacional-bolivariana","tag-redes-sociales","tag-venezuela","tag-zulia"],"amp_enabled":true,"_links":{"self":[{"href":"https:\/\/esreviral.com\/index.php?rest_route=\/wp\/v2\/posts\/59700"}],"collection":[{"href":"https:\/\/esreviral.com\/index.php?rest_route=\/wp\/v2\/posts"}],"about":[{"href":"https:\/\/esreviral.com\/index.php?rest_route=\/wp\/v2\/types\/post"}],"author":[{"embeddable":true,"href":"https:\/\/esreviral.com\/index.php?rest_route=\/wp\/v2\/users\/3"}],"replies":[{"embeddable":true,"href":"https:\/\/esreviral.com\/index.php?rest_route=%2Fwp%2Fv2%2Fcomments&post=59700"}],"version-history":[{"count":0,"href":"https:\/\/esreviral.com\/index.php?rest_route=\/wp\/v2\/posts\/59700\/revisions"}],"wp:featuredmedia":[{"embeddable":true,"href":"https:\/\/esreviral.com\/index.php?rest_route=\/wp\/v2\/media\/59701"}],"wp:attachment":[{"href":"https:\/\/esreviral.com\/index.php?rest_route=%2Fwp%2Fv2%2Fmedia&parent=59700"}],"wp:term":[{"taxonomy":"category","embeddable":true,"href":"https:\/\/esreviral.com\/index.php?rest_route=%2Fwp%2Fv2%2Fcategories&post=59700"},{"taxonomy":"post_tag","embeddable":true,"href":"https:\/\/esreviral.com\/index.php?rest_route=%2Fwp%2Fv2%2Ftags&post=59700"}],"curies":[{"name":"wp","href":"https:\/\/api.w.org\/{rel}","templated":true}]}}