{"id":59690,"date":"2024-08-27T10:22:37","date_gmt":"2024-08-27T15:22:37","guid":{"rendered":"https:\/\/esreviral.com\/?p=59690"},"modified":"2024-08-27T10:22:38","modified_gmt":"2024-08-27T15:22:38","slug":"murio-prematuramente-y-de-forma-repentina-un-conocido-actor-de-elite","status":"publish","type":"post","link":"https:\/\/esreviral.com\/?p=59690","title":{"rendered":"Muri\u00f3 prematuramente y de forma repentina, un conocido actor de \u00c9lite"},"content":{"rendered":"\n<p>El actor\u00a0<strong>Juli\u00e1n Ortega,\u00a0<\/strong>conocido por sus papeles en\u00a0<em><strong>\u00c9lite, Cristo y Rey, Velvet\u00a0<\/strong><\/em>y otras pel\u00edculas y series falleci\u00f3 este lunes 26 de agosto a la edad de 41 a\u00f1os de edad, seg\u00fan ha informado la Uni\u00f3n de Actores y Actrices en X (antes Twitter).<\/p>\n\n\n\n<p>Se revel\u00f3 que el actor hab\u00eda muerto<strong>\u00a0ahogado en la playa de Zahora, en el t\u00e9rmino municipal de Barbate (C\u00e1diz).<\/strong>\u00a0Fuentes municipales hab\u00edan comunicado que varias personas alertaron al 112 sobre las 17.30 horas para comunicar que hab\u00edan sacado a un hombre del agua con s\u00edntomas de ahogamiento.\u00a0Los sanitarios desplazados al lugar solo pudieron confirmar el fallecimiento del hombre, que fue identificado como Juli\u00e1n Ortega.<\/p>\n\n\n\n<p class=\"has-text-align-center\"><strong><a href=\"https:\/\/whatsapp.com\/channel\/0029VaAz7PmBKfhwZ5V3Gk2t\"><em>\u00daNETE A NUESTRO CANAL DE WHATSAPP PARA ESTAR INFORMADO<\/em><\/a><\/strong><\/p>\n\n\n\n<blockquote class=\"twitter-tweet\"><p lang=\"es\" dir=\"ltr\">Muere el actor Juli\u00e1n Ortega a los 41 a\u00f1os. Descansa en paz. <br><br>Desde la Uni\u00f3n de Actores y Actrices nuestro m\u00e1s sincero p\u00e9same a los familiares y amigos del actor. <a href=\"https:\/\/twitter.com\/hashtag\/DEP?src=hash&amp;ref_src=twsrc%5Etfw\">#DEP<\/a> <a href=\"https:\/\/t.co\/lgFJviUqQO\">pic.twitter.com\/lgFJviUqQO<\/a><\/p>&mdash; Uni\u00f3n de Actores y Actrices (@uniondeactores) <a href=\"https:\/\/twitter.com\/uniondeactores\/status\/1828028666103619870?ref_src=twsrc%5Etfw\">August 26, 2024<\/a><\/blockquote> <script async src=\"https:\/\/platform.twitter.com\/widgets.js\" charset=\"utf-8\"><\/script>\n\n\n\n<p>Con una\u00a0<strong>extensa carrera\u00a0<\/strong>sobre todo en el teatro, as\u00ed como en el cine y series (22 t\u00edtulos, seg\u00fan IMDb), Juli\u00e1n Ortega deja pendiente de estreno la pel\u00edcula\u00a0<em>Trompeta,\u00a0<\/em>dirigida por\u00a0<strong>Dami\u00e1n L\u00f3pez Asla.<\/strong><\/p>\n\n\n\n<p>Nacido en Madrid en 1983, hijo de la tambi\u00e9n actriz&nbsp;<strong>Gloria Mu\u00f1oz&nbsp;<\/strong><em>(El bola)<\/em>&nbsp;y del actor y director teatral<strong>&nbsp;Jos\u00e9 Antonio Ortega,<\/strong>el actor debut\u00f3 en cine a los 12 a\u00f1os con un papel en&nbsp;<em>El otro barrio,&nbsp;<\/em>dirigida por&nbsp;<strong>Salvador Garc\u00eda Ruiz&nbsp;<\/strong>sobre un guion de&nbsp;<strong>Elvira Lindo.&nbsp;<\/strong><\/p>\n\n\n\n<p>Durante los a\u00f1os posteriores pudimos verlo en series como\u00a0<em>7 vidas, La se\u00f1ora\u00a0<\/em>y\u00a0<em>Gran Hotel,\u00a0<\/em>mientras que en\u00a0<em>La que se avecina\u00a0<\/em>dio vida a ese regidor televisivo que tan mal se lo hac\u00eda pasar a\u00a0<strong>Lola (Macarena G\u00f3mez).\u00a0<\/strong><\/p>\n\n\n\n<p>Su curr\u00edculum televisivo tambi\u00e9n inclu\u00eda episodios de&nbsp;<em>Velvet, Las chicas del cable, Se\u00f1oras del (h)AMPA&nbsp;<\/em>(donde coincidi\u00f3 con su madre) y&nbsp;<em>Cristo y Rey,&nbsp;<\/em>donde interpret\u00f3 al c\u00e9lebre periodista del coraz\u00f3n&nbsp;<strong>Jes\u00fas Mari\u00f1as.&nbsp;<\/strong>Asimismo, apareci\u00f3 en seis cap\u00edtulos de la primera temporada de&nbsp;<em>\u00c9lite,&nbsp;<\/em>interpretando al encargado de&nbsp;<strong>La Caba\u00f1a.&nbsp;<\/strong>&nbsp;<\/p>\n\n\n\n<p>Los \u00faltimos trabajos de Juli\u00e1n Ortega antes de su fallecimiento tuvieron lugar en&nbsp;<em>El pueblo&nbsp;<\/em>(fue Pirul\u00edn en la tercera y cuarta temporadas de la serie),<em>&nbsp;Sentimos las molestias&nbsp;<\/em>y&nbsp;<em>Cuatro estrellas.&nbsp;<\/em><\/p>\n\n\n\n<p class=\"has-text-align-center\"><strong><em><strong><a href=\"https:\/\/t.me\/esreviral\">\u00daNETE A NUESTRO CANAL DE TELEGRAM PARA ESTAR INFORMADO<\/a><\/strong><\/em><\/strong><\/p>\n","protected":false},"excerpt":{"rendered":"<p>Se ha dado a conocer que uno de los actores de \u2018\u00c9lite\u2019, perdi\u00f3 la vida a los 41 a\u00f1os de edad<\/p>\n","protected":false},"author":3,"featured_media":59691,"comment_status":"closed","ping_status":"closed","sticky":false,"template":"","format":"standard","meta":{"jnews-multi-image_gallery":[],"jnews_single_post":{"subtitle":"","format":"standard","video":"","gallery":"","source_name":"","source_url":"","via_name":"","via_url":"","override_template":"0","override":[{"template":"4","single_blog_custom":"","parallax":"1","fullscreen":"1","layout":"right-sidebar","sidebar":"new-widget-area","second_sidebar":"default-sidebar","sticky_sidebar":"1","share_position":"top","share_float_style":"share-monocrhome","show_share_counter":"1","show_view_counter":"1","show_featured":"1","show_post_meta":"1","show_post_author":"1","show_post_author_image":"1","show_post_date":"1","post_date_format":"default","post_date_format_custom":"Y\/m\/d","show_post_category":"1","show_post_reading_time":"1","post_reading_time_wpm":"300","show_zoom_button":"1","zoom_button_out_step":"2","zoom_button_in_step":"3","show_post_tag":"1","show_prev_next_post":"1","show_popup_post":"1","number_popup_post":"1","show_author_box":"1","show_post_related":"1","show_inline_post_related":"0"}],"override_image_size":"0","image_override":[{"single_post_thumbnail_size":"crop-500","single_post_gallery_size":"crop-500"}],"trending_post":"0","trending_post_position":"meta","trending_post_label":"Trending","sponsored_post":"0","sponsored_post_label":"Sponsored by","sponsored_post_name":"","sponsored_post_url":"","sponsored_post_logo_enable":"0","sponsored_post_logo":"","sponsored_post_desc":"","disable_ad":"0"},"jnews_primary_category":{"id":"","hide":""},"jnews_social_meta":{"fb_title":"","fb_description":"","fb_image":"","twitter_title":"","twitter_description":"","twitter_image":""},"jnews_review":[],"enable_review":"0","type":"percentage","name":"","summary":"","brand":"","sku":"","good":[{"good_text":""}],"bad":[{"bad_text":""}],"score_override":"","override_value":"","rating":[{"rating_text":"","rating_number":"10"}],"price":[{"shop":"","price":"","link":"","icon":""}],"jnews_override_counter":{"override_view_counter":"0","view_counter_number":"0","override_share_counter":"0","share_counter_number":"0","override_like_counter":"0","like_counter_number":"0","override_dislike_counter":"0","dislike_counter_number":"0"},"jnews_post_split":{"enable_post_split":"0","post_split":[{"template":"1","tag":"h2","numbering":"asc","mode":"normal","first":"0","enable_toc":"0","toc_type":"normal"}]},"footnotes":""},"categories":[88,64],"tags":[17677,3304,148,17678,2884,45,17679,17680],"class_list":["post-59690","post","type-post","status-publish","format-standard","has-post-thumbnail","hentry","category-internacionales","category-sucesos","tag-actor-de-elite","tag-actores","tag-espana","tag-julian-ortega","tag-muertes","tag-noticias","tag-series-espana","tag-television-espana"],"amp_enabled":true,"_links":{"self":[{"href":"https:\/\/esreviral.com\/index.php?rest_route=\/wp\/v2\/posts\/59690"}],"collection":[{"href":"https:\/\/esreviral.com\/index.php?rest_route=\/wp\/v2\/posts"}],"about":[{"href":"https:\/\/esreviral.com\/index.php?rest_route=\/wp\/v2\/types\/post"}],"author":[{"embeddable":true,"href":"https:\/\/esreviral.com\/index.php?rest_route=\/wp\/v2\/users\/3"}],"replies":[{"embeddable":true,"href":"https:\/\/esreviral.com\/index.php?rest_route=%2Fwp%2Fv2%2Fcomments&post=59690"}],"version-history":[{"count":0,"href":"https:\/\/esreviral.com\/index.php?rest_route=\/wp\/v2\/posts\/59690\/revisions"}],"wp:featuredmedia":[{"embeddable":true,"href":"https:\/\/esreviral.com\/index.php?rest_route=\/wp\/v2\/media\/59691"}],"wp:attachment":[{"href":"https:\/\/esreviral.com\/index.php?rest_route=%2Fwp%2Fv2%2Fmedia&parent=59690"}],"wp:term":[{"taxonomy":"category","embeddable":true,"href":"https:\/\/esreviral.com\/index.php?rest_route=%2Fwp%2Fv2%2Fcategories&post=59690"},{"taxonomy":"post_tag","embeddable":true,"href":"https:\/\/esreviral.com\/index.php?rest_route=%2Fwp%2Fv2%2Ftags&post=59690"}],"curies":[{"name":"wp","href":"https:\/\/api.w.org\/{rel}","templated":true}]}}