{"id":5948,"date":"2021-04-22T14:58:07","date_gmt":"2021-04-22T17:58:07","guid":{"rendered":"http:\/\/esreviral.com\/?p=5948"},"modified":"2021-04-22T14:58:07","modified_gmt":"2021-04-22T17:58:07","slug":"ante-lideres-mundiales-alberto-fernandez-insistio-con-un-canje-de-deuda-por-accion-climatica","status":"publish","type":"post","link":"https:\/\/esreviral.com\/?p=5948","title":{"rendered":"Ante l\u00edderes mundiales, Alberto Fern\u00e1ndez insisti\u00f3 con un \u00abcanje de deuda por acci\u00f3n clim\u00e1tica\u00bb"},"content":{"rendered":"\n<p>El presidente Alberto Fern\u00e1ndez renov\u00f3 el compromiso de la Argentina con el Acuerdo de Par\u00eds y plante\u00f3 metas ambiciosas para hacer frente al cambio clim\u00e1tico al participar este mediod\u00eda de la \u00abCumbre de L\u00edderes sobre el Clima\u00bb invitado por el presidente de los Estados Unidos, Joe Biden, en el marco del D\u00eda Internacional de la Madre Tierra.\u00a0<br>Biden convoc\u00f3 al Presidente argentino a formar parte del evento con el objetivo de sumar a los Jefes de Estado que demuestran un fuerte liderazgo en cambio clim\u00e1tico.\u00a0<br>La apertura de la Cumbre estuvo a cargo del mandatario estadounidense; de la vicepresidenta de ese pa\u00eds, Kamala Harris, y del secretario general de la ONU,\u00a0 Ant\u00f3nio Guterres.<\/p>\n\n\n\n<p>Fern\u00e1ndez critic\u00f3 los\u00a0<em>\u00absobreendeudamientos irresponsables\u00bb<\/em>\u00a0adquiridos antes de la\u00a0<strong>pandemia\u00a0<\/strong>y pidi\u00f3\u00a0<em>\u00abmayor flexibilidad de plazos, tasas, y condiciones\u00bb<\/em>\u00a0para el pago de los compromisos.<\/p>\n\n\n\n<figure class=\"wp-block-image size-large\"><img decoding=\"async\" src=\"http:\/\/esreviral.com\/wp-content\/uploads\/2021\/04\/WhatsApp-Image-2021-04-22-at-14.31.21-1024x682.jpeg\" alt=\"\" class=\"wp-image-5950\"\/><figcaption>El Presidente Alberto Fern\u00e1ndez presenci\u00f3 el discurso del Papa Francisco en el marco de la \u00abCumbre de L\u00edderes sobre el Clima\u00bb<\/figcaption><\/figure>\n\n\n\n<p><br>Participan tambi\u00e9n la canciller alemana, Angela Merkel; y los primeros ministros de la India, Narendra Modi; de Israel, Benjamin Netanyahu; de Italia, Mario Draghi; de Jap\u00f3n, Yoshihide Suga; de Espa\u00f1a, Pedro S\u00e1nchez; y del Reino Unido, Boris Johnson, entre otros.<br>\u201cLa Argentina ha puesto la acci\u00f3n clim\u00e1tica y ambiental en el centro de sus convicciones\u201d, dijo el mandatario desde la Residencia de Olivos, donde estuvo junto al canciller Felipe Sol\u00e1 y al ministro de Ambiente y Desarrollo\u00a0 Sostenible, Juan Cabandi\u00e9.<br>Al hacer suyas palabras del Papa Francisco, tambi\u00e9n expositor en la Cumbre, dijo que para que la transici\u00f3n hacia una econom\u00eda con bajas emisiones de carbono sea justa es necesario que \u00abcomience por los \u00faltimos para llegar a todos\u201d y llam\u00f3 a \u201crenovar la arquitectura financiera internacional\u201d.<br>\u201cEn Argentina honramos el Acuerdo de Par\u00eds incrementando la ambici\u00f3n clim\u00e1tica\u201d, dijo Fern\u00e1ndez, y anunci\u00f3 que el pa\u00eds se compromete a \u00abdesarrollar el 30 por ciento de la matriz energ\u00e9tica nacional con energ\u00edas renovables\u201d; a impulsar \u201cmedidas de eficiencia para la industria, el transporte y la construcci\u00f3n\u201d, y que promover\u00e1 en el Congreso el r\u00e1pido tratamiento\u00a0 de la Ley Federal de Educaci\u00f3n Ambiental.<br>Exponen adem\u00e1s los presidentes de China, Xi Jinping; de Francia, Emmanuel Macron; de Polonia, Andrzej Duda; de la Rep\u00fablica de Corea, Moon Jae-in; de Rusia, Vladimir Putin; de Sud\u00e1frica, Matamela Cyril Ramaphosa; y de Turqu\u00eda, Recep Tayyip Erdo\u011fan, entre otros.<br>Por Latinoam\u00e9rica, participan junto al Jefe de Estado argentino los presidentes de\u00a0 Brasil, Jair Bolsonaro; de Chile, Sebasti\u00e1n Pi\u00f1era; de Colombia, Iv\u00e1n Duque M\u00e1rquez; de M\u00e9xico, Andr\u00e9s Manuel L\u00f3pez Obrador.<\/p>\n","protected":false},"excerpt":{"rendered":"<p>El presidente Alberto Fern\u00e1ndez renov\u00f3 el compromiso de la Argentina con el Acuerdo de Par\u00eds y plante\u00f3 metas ambiciosas para hacer frente al cambio clim\u00e1tico al participar este mediod\u00eda de la \u00abCumbre de L\u00edderes sobre el Clima\u00bb invitado por el presidente de los Estados Unidos, Joe Biden, en el marco del D\u00eda Internacional de la [&hellip;]<\/p>\n","protected":false},"author":2,"featured_media":5949,"comment_status":"open","ping_status":"open","sticky":false,"template":"","format":"standard","meta":{"jnews-multi-image_gallery":[],"jnews_single_post":[],"jnews_primary_category":[],"jnews_social_meta":[],"jnews_review":[],"enable_review":"","type":"","name":"","summary":"","brand":"","sku":"","good":[],"bad":[],"score_override":"","override_value":"","rating":[],"price":[],"jnews_override_counter":[],"jnews_post_split":[],"footnotes":""},"categories":[58],"tags":[738,45],"class_list":["post-5948","post","type-post","status-publish","format-standard","has-post-thumbnail","hentry","category-argentina","tag-cambio-climatico","tag-noticias"],"amp_enabled":true,"_links":{"self":[{"href":"https:\/\/esreviral.com\/index.php?rest_route=\/wp\/v2\/posts\/5948"}],"collection":[{"href":"https:\/\/esreviral.com\/index.php?rest_route=\/wp\/v2\/posts"}],"about":[{"href":"https:\/\/esreviral.com\/index.php?rest_route=\/wp\/v2\/types\/post"}],"author":[{"embeddable":true,"href":"https:\/\/esreviral.com\/index.php?rest_route=\/wp\/v2\/users\/2"}],"replies":[{"embeddable":true,"href":"https:\/\/esreviral.com\/index.php?rest_route=%2Fwp%2Fv2%2Fcomments&post=5948"}],"version-history":[{"count":0,"href":"https:\/\/esreviral.com\/index.php?rest_route=\/wp\/v2\/posts\/5948\/revisions"}],"wp:featuredmedia":[{"embeddable":true,"href":"https:\/\/esreviral.com\/index.php?rest_route=\/"}],"wp:attachment":[{"href":"https:\/\/esreviral.com\/index.php?rest_route=%2Fwp%2Fv2%2Fmedia&parent=5948"}],"wp:term":[{"taxonomy":"category","embeddable":true,"href":"https:\/\/esreviral.com\/index.php?rest_route=%2Fwp%2Fv2%2Fcategories&post=5948"},{"taxonomy":"post_tag","embeddable":true,"href":"https:\/\/esreviral.com\/index.php?rest_route=%2Fwp%2Fv2%2Ftags&post=5948"}],"curies":[{"name":"wp","href":"https:\/\/api.w.org\/{rel}","templated":true}]}}