{"id":59370,"date":"2024-08-21T11:49:07","date_gmt":"2024-08-21T16:49:07","guid":{"rendered":"https:\/\/esreviral.com\/?p=59370"},"modified":"2024-08-21T11:53:09","modified_gmt":"2024-08-21T16:53:09","slug":"paro-de-colectivos-de-48-horas-todo-lo-que-se-sabe-sobre-la-medida-de-fuerza","status":"publish","type":"post","link":"https:\/\/esreviral.com\/?p=59370","title":{"rendered":"Paro de colectivos de 48 horas: Lo que se sabe hasta ahora sobre la medida"},"content":{"rendered":"\n<p>La <strong>Uni\u00f3n Tranviarios Automotor (UTA)<\/strong> advirti\u00f3 sobre un<strong> paro de colectivos para este jueves 22 y viernes 23 de agosto <\/strong>si no se logra un acuerdo con las empresas encargadas del servicio. Seg\u00fan el comunicado oficial del gremio, la medida implicar\u00eda la interrupci\u00f3n total de los <strong>servicios urbanos, interurbanos y rurales durante 48 horas.<\/strong><\/p>\n\n\n\n<p>Inicialmente, el reclamo se centr\u00f3 en diversas<strong> ciudades del interior del pa\u00eds,<\/strong> donde se denuncian pagos insuficientes de salarios y problemas en el mantenimiento del transporte por parte de las empresas. La Federaci\u00f3n Argentina de Transportadores por Automotor de Pasajeros (FATAP) calific\u00f3 la situaci\u00f3n como \u00abcr\u00edtica\u00bb debido a tarifas inadecuadas, subsidios insuficientes y el aumento de los costos operativos.<\/p>\n\n\n\n<p>El impacto de la reciente decisi\u00f3n del Gobierno nacional de eliminar los subsidios para el transporte p\u00fablico ha exacerbado la situaci\u00f3n, encareciendo los boletos y aumentando los gastos que deber\u00e1n asumir las empresas sin el apoyo provincial.<\/p>\n\n\n\n<p class=\"has-text-align-center\"><strong><em><mark style=\"background-color:rgba(0, 0, 0, 0)\" class=\"has-inline-color has-vivid-red-color\"><a href=\"https:\/\/esreviral.com\/?p=59349\" data-type=\"link\" data-id=\"https:\/\/esreviral.com\/?p=59349\">Lea Tambi\u00e9n: Por esta raz\u00f3n los usuarios dejaron de usar el subte<\/a><\/mark><\/em><\/strong><\/p>\n\n\n\n<p>Roberto Fern\u00e1ndez, secretario general de la UTA, advirti\u00f3 que \u00ab<strong><em>cualquier intento de ajustar la situaci\u00f3n econ\u00f3mica a expensas de los salarios o derechos laborales ser\u00e1 inaceptable<\/em><\/strong>\u00ab.<\/p>\n\n\n\n<p>El <strong>gremio a\u00fan no ha definido qu\u00e9 regiones o l\u00edneas de colectivos se ver\u00e1n afectadas, ni si la medida incluir\u00e1 al \u00c1rea Metropolitana de Buenos Aires (AMBA). <\/strong>Este mi\u00e9rcoles 21 de agosto, representantes de la UTA se reunir\u00e1n con las c\u00e1maras empresariales y el <strong>Ministerio de Capital Humano <\/strong>para intentar destrabar el conflicto y alcanzar un acuerdo salarial. Si no se llega a un consenso, el paro se llevar\u00e1 a cabo tal como se ha anunciado.<\/p>\n\n\n\n<p class=\"has-text-align-center\"><strong><em><strong><a href=\"https:\/\/t.me\/esreviral\">\u00daNETE A NUESTRO CANAL DE TELEGRAM PARA ESTAR INFORMADO<\/a><\/strong><\/em><\/strong><\/p>\n","protected":false},"excerpt":{"rendered":"<p>Se trata de una interrupci\u00f3n total del servicio frente a un desacuerdo en las negociaciones paritarias.<\/p>\n","protected":false},"author":3,"featured_media":59350,"comment_status":"closed","ping_status":"closed","sticky":false,"template":"","format":"standard","meta":{"jnews-multi-image_gallery":[],"jnews_single_post":{"subtitle":"","format":"standard","video":"","gallery":"","source_name":"","source_url":"","via_name":"","via_url":"","override_template":"0","override":[{"template":"4","single_blog_custom":"","parallax":"1","fullscreen":"1","layout":"right-sidebar","sidebar":"new-widget-area","second_sidebar":"default-sidebar","sticky_sidebar":"1","share_position":"top","share_float_style":"share-monocrhome","show_share_counter":"1","show_view_counter":"1","show_featured":"1","show_post_meta":"1","show_post_author":"1","show_post_author_image":"1","show_post_date":"1","post_date_format":"default","post_date_format_custom":"Y\/m\/d","show_post_category":"1","show_post_reading_time":"1","post_reading_time_wpm":"300","show_zoom_button":"1","zoom_button_out_step":"2","zoom_button_in_step":"3","show_post_tag":"1","show_prev_next_post":"1","show_popup_post":"1","number_popup_post":"1","show_author_box":"1","show_post_related":"1","show_inline_post_related":"0"}],"override_image_size":"0","image_override":[{"single_post_thumbnail_size":"crop-500","single_post_gallery_size":"crop-500"}],"trending_post":"0","trending_post_position":"meta","trending_post_label":"Trending","sponsored_post":"0","sponsored_post_label":"Sponsored by","sponsored_post_name":"","sponsored_post_url":"","sponsored_post_logo_enable":"0","sponsored_post_logo":"","sponsored_post_desc":"","disable_ad":"0"},"jnews_primary_category":{"id":"","hide":""},"jnews_social_meta":{"fb_title":"","fb_description":"","fb_image":"","twitter_title":"","twitter_description":"","twitter_image":""},"jnews_review":[],"enable_review":"0","type":"percentage","name":"","summary":"","brand":"","sku":"","good":[{"good_text":""}],"bad":[{"bad_text":""}],"score_override":"","override_value":"","rating":[{"rating_text":"","rating_number":"10"}],"price":[{"shop":"","price":"","link":"","icon":""}],"jnews_override_counter":{"override_view_counter":"0","view_counter_number":"0","override_share_counter":"0","share_counter_number":"0","override_like_counter":"0","like_counter_number":"0","override_dislike_counter":"0","dislike_counter_number":"0"},"jnews_post_split":{"enable_post_split":"0","post_split":[{"template":"1","tag":"h2","numbering":"asc","mode":"normal","first":"0","enable_toc":"0","toc_type":"normal"}]},"footnotes":""},"categories":[58],"tags":[44,13678,45,3343,5273,3574],"class_list":["post-59370","post","type-post","status-publish","format-standard","has-post-thumbnail","hentry","category-argentina","tag-argentina","tag-ministerio-de-capital-humano","tag-noticias","tag-paro-de-colectivos","tag-transporte-publico-2","tag-uta"],"amp_enabled":true,"_links":{"self":[{"href":"https:\/\/esreviral.com\/index.php?rest_route=\/wp\/v2\/posts\/59370"}],"collection":[{"href":"https:\/\/esreviral.com\/index.php?rest_route=\/wp\/v2\/posts"}],"about":[{"href":"https:\/\/esreviral.com\/index.php?rest_route=\/wp\/v2\/types\/post"}],"author":[{"embeddable":true,"href":"https:\/\/esreviral.com\/index.php?rest_route=\/wp\/v2\/users\/3"}],"replies":[{"embeddable":true,"href":"https:\/\/esreviral.com\/index.php?rest_route=%2Fwp%2Fv2%2Fcomments&post=59370"}],"version-history":[{"count":0,"href":"https:\/\/esreviral.com\/index.php?rest_route=\/wp\/v2\/posts\/59370\/revisions"}],"wp:featuredmedia":[{"embeddable":true,"href":"https:\/\/esreviral.com\/index.php?rest_route=\/wp\/v2\/media\/59350"}],"wp:attachment":[{"href":"https:\/\/esreviral.com\/index.php?rest_route=%2Fwp%2Fv2%2Fmedia&parent=59370"}],"wp:term":[{"taxonomy":"category","embeddable":true,"href":"https:\/\/esreviral.com\/index.php?rest_route=%2Fwp%2Fv2%2Fcategories&post=59370"},{"taxonomy":"post_tag","embeddable":true,"href":"https:\/\/esreviral.com\/index.php?rest_route=%2Fwp%2Fv2%2Ftags&post=59370"}],"curies":[{"name":"wp","href":"https:\/\/api.w.org\/{rel}","templated":true}]}}