{"id":5935,"date":"2021-04-21T19:27:35","date_gmt":"2021-04-21T22:27:35","guid":{"rendered":"http:\/\/esreviral.com\/?p=5935"},"modified":"2021-04-21T19:27:35","modified_gmt":"2021-04-21T22:27:35","slug":"periodista-venezolano-lanza-la-campana-shosoydevenezuela-y-le-pone-tecnologia-qr-a-los-rostros-migrantes","status":"publish","type":"post","link":"https:\/\/esreviral.com\/?p=5935","title":{"rendered":"Periodista venezolano lanza la campa\u00f1a #ShoSoyDeVenezuela y le pone tecnolog\u00eda QR a los rostros migrantes"},"content":{"rendered":"\n<p>Desde el domingo 11 de Abril de 2021 en algunos barrios de Buenos Aires aparecieron carteles con retratos de migrantes venezolanos con la etiqueta #ShoSoyDeVenezuela acompa\u00f1ados de tecnolog\u00eda de escaneo de c\u00f3digos QR <\/p>\n\n\n\n<p>#ShoSoyDeVenezuela es una iniciativa de fotoperiodismo transmedia que le pone rostro a los integrantes de la di\u00e1spora venezolana que viven Argentina. El proyecto recopila, a trav\u00e9s de retratos y textos, las historias de venezolanos que han migrado hasta Argentina en los \u00faltimos 15 a\u00f1os.<\/p>\n\n\n\n<p>\u201cShoSoyDeVenezuela es un proyecto que naci\u00f3 en 2019 como una forma de contribuir en la difusi\u00f3n de la migraci\u00f3n venezolana en Latinoam\u00e9rica, espec\u00edficamente en Argentina. Ahora estoy ejecutando la segunda fase de la iniciativa que involucra tecnolog\u00eda de escaneo con c\u00f3digos QR.\u201d, comparte Oswaldo Avenda\u00f1o, periodista venezolano y autor de este proyecto.<\/p>\n\n\n\n<figure class=\"wp-block-image size-large\"><img decoding=\"async\" src=\"http:\/\/esreviral.com\/wp-content\/uploads\/2021\/04\/WhatsApp-Image-2021-04-21-at-10.07.41-3-1024x682.jpeg\" alt=\"\" class=\"wp-image-5936\"\/><figcaption>Oswaldo Avenda\u00f1o es un reconocido periodista venezolano que trabaj\u00f3 en distintos medios nacionales de su pa\u00eds y actualmente labora como UX Writer en Mercadolibre,<\/figcaption><\/figure>\n\n\n\n<p>Los carteles que peg\u00f3 el periodista se caracterizan por tener en el centro un retrato en blanco y negro y un c\u00f3digo QR. Quienes escaneen el c\u00f3digo son redirigidos a la historia de la persona del retrato, que se encuentra publicada p\u00e1gina web del proyecto: <a href=\"http:\/\/shosoydevenezuela.wordpress.com\/\">http:\/\/shosoydevenezuela.wordpress.com\/<\/a><\/p>\n\n\n\n<p>\u201cComenc\u00e9 por algunas calles de Palermo, pero la idea es que los carteles est\u00e9n presentes en todos los barrios de Buenos Aires. Es un trabajo de hormiguita, no tengo, ni busco, financiamiento. Se trata de una forma de contribuir desde mi espacio con la comunicaci\u00f3n de la migraci\u00f3n venezolana\u201d, explica.<\/p>\n\n\n\n<p>Esta iniciativa intenta caracterizar period\u00edsticamente la migraci\u00f3n venezolana en Argentina mediante seriados de retratos, relatos de vida cortos y algunos reportajes.<\/p>\n\n\n\n<figure class=\"wp-block-image size-large\"><img decoding=\"async\" src=\"http:\/\/esreviral.com\/wp-content\/uploads\/2021\/04\/WhatsApp-Image-2021-04-21-at-10.07.41-1-839x1024.jpeg\" alt=\"\" class=\"wp-image-5937\"\/><figcaption>En Palermo inici\u00f3 la colocaci\u00f3n de los carteles <\/figcaption><\/figure>\n\n\n\n<p>El periodista menciona que los retratos son la base del proyecto porque es la forma para capturar \u201cla dualidad, la contradicci\u00f3n\u201d con la que conviven los migrantes venezolanos diariamente.<\/p>\n\n\n\n<p>\u201cLos migrantes vivimos con sentimientos contradictorios: podemos estar felices en una reuni\u00f3n, pero tristes por no estar en esa reuni\u00f3n con las personas que amamos; podemos estar nost\u00e1lgicos por no estar en Venezuela, pero felices al mismo tiempo por desarrollarnos en el pa\u00eds que escogimos para vivir y empezar de cero. Los retratos buscan evidenciar eso: las emociones con las que batallamos diariamente\u201d, dice.<\/p>\n\n\n\n<p>\u00bfPor qu\u00e9 migraron de Venezuela?, \u00bfPor qu\u00e9 escoger Argentina?, \u00bfA qu\u00e9 se dedican en el pa\u00eds Austral?, \u00bfQu\u00e9 elementos reconocen los dem\u00e1s para hacerles saber que son venezolanos?, \u00bfC\u00f3mo mantienen vigente el sentimiento nacionalista fuera de Venezuela? y \u00bfRegresar\u00edan o no a su pa\u00eds? son las preguntas que responden los participantes de este proyecto para complementar los retratos.<\/p>\n\n\n\n<figure class=\"wp-block-image size-large\"><img decoding=\"async\" src=\"http:\/\/esreviral.com\/wp-content\/uploads\/2021\/04\/WhatsApp-Image-2021-04-21-at-10.07.41-2-1024x682.jpeg\" alt=\"\" class=\"wp-image-5938\"\/><\/figure>\n\n\n\n<p>\u201cDe la migraci\u00f3n venezolana se ha contado mucho. La mayor\u00eda de las historias apelan a la narrativa de la desgracia, y no es lo que busco contar. Escog\u00ed los retratos porque es cierto el clich\u00e9 que reza: una imagen vale m\u00e1s que mil palabras. El centro del proyecto son los retratos en blanco negro para capturar la emoci\u00f3n de los migrantes mientras les hago algunas preguntas durante la sesi\u00f3n de fotos\u201d, detalla Avenda\u00f1o.<\/p>\n\n\n\n<p>Entender las razones por las cu\u00e1les m\u00e1s de 3 millones de venezolanos abandonaron su pa\u00eds resulta una tarea dif\u00edcil, m\u00e1s no imposible. Para lograrlo se necesita empat\u00eda, cercan\u00eda y comprensi\u00f3n hacia el otro. Por ello, el autor escogi\u00f3 el formato fotogr\u00e1fico del retrato para ShoSoyDeVenezuela como una forma de humanizar, lo m\u00e1s posible, el tema de la migraci\u00f3n venezolana en Argentina.<\/p>\n\n\n\n<p>Actualmente el proyecto tiene publicado 21 historias de migrantes. Cada una de esas historias se conforma de 7 retratos en blanco y negro desde diferentes encuadres. El dise\u00f1o de la p\u00e1gina web, las fotograf\u00edas, los textos y toda la gesti\u00f3n de la difusi\u00f3n es autor\u00eda de Avenda\u00f1o.<\/p>\n\n\n\n<p>La fase dos de #ShoSoyDeVenezuela comenz\u00f3 con la publicaci\u00f3n de los carteles y contin\u00faa con nuevas entrevistas a personas que se sumen voluntariamente a retratar su rostro para contar su historia de migraci\u00f3n.<\/p>\n\n\n\n<p>\u201cLa migraci\u00f3n venezolana es un tema que no va a perder vigencia. Mi idea es renovar los retratos en la calle con el tiempo, que una historia sustituya a otra. Con esto espero ayudar a visibilizar m\u00e1s historias de migrantes venezolanos con otra perspectiva m\u00e1s cercana y humana desde las calles.\u201d, concluye.<\/p>\n\n\n\n<p><strong><span style=\"background-color:#9a1b22\" class=\"td_text_highlight_marker\">Coordenadas:<\/span><\/strong> <\/p>\n\n\n\n<p>IG: @shosoydevenezuela y @os0890<br>TW: @os0790<\/p>\n\n\n\n<figure class=\"wp-block-image size-large\"><img decoding=\"async\" src=\"http:\/\/esreviral.com\/wp-content\/uploads\/2021\/04\/WhatsApp-Image-2021-04-21-at-10.07.42-1024x682.jpeg\" alt=\"\" class=\"wp-image-5939\"\/><figcaption>La fase dos de #ShoSoyDeVenezuela comenz\u00f3 con la publicaci\u00f3n de los carteles y contin\u00faa con nuevas entrevistas a personas que se sumen voluntariamente a retratar su rostro para contar su historia de migraci\u00f3n<\/figcaption><\/figure>\n","protected":false},"excerpt":{"rendered":"<p>Desde el domingo 11 de Abril de 2021 en algunos barrios de Buenos Aires aparecieron carteles con retratos de migrantes venezolanos con la etiqueta #ShoSoyDeVenezuela acompa\u00f1ados de tecnolog\u00eda de escaneo de c\u00f3digos QR #ShoSoyDeVenezuela es una iniciativa de fotoperiodismo transmedia que le pone rostro a los integrantes de la di\u00e1spora venezolana que viven Argentina. El [&hellip;]<\/p>\n","protected":false},"author":2,"featured_media":5940,"comment_status":"open","ping_status":"open","sticky":false,"template":"","format":"standard","meta":{"jnews-multi-image_gallery":[],"jnews_single_post":[],"jnews_primary_category":[],"jnews_social_meta":[],"jnews_review":[],"enable_review":"","type":"","name":"","summary":"","brand":"","sku":"","good":[],"bad":[],"score_override":"","override_value":"","rating":[],"price":[],"jnews_override_counter":[],"jnews_post_split":[],"footnotes":""},"categories":[43,54],"tags":[315,67],"class_list":["post-5935","post","type-post","status-publish","format-standard","has-post-thumbnail","hentry","category-actualidad","category-inmigracion","tag-migrantes","tag-venezolanos-en-argentina"],"amp_enabled":true,"_links":{"self":[{"href":"https:\/\/esreviral.com\/index.php?rest_route=\/wp\/v2\/posts\/5935"}],"collection":[{"href":"https:\/\/esreviral.com\/index.php?rest_route=\/wp\/v2\/posts"}],"about":[{"href":"https:\/\/esreviral.com\/index.php?rest_route=\/wp\/v2\/types\/post"}],"author":[{"embeddable":true,"href":"https:\/\/esreviral.com\/index.php?rest_route=\/wp\/v2\/users\/2"}],"replies":[{"embeddable":true,"href":"https:\/\/esreviral.com\/index.php?rest_route=%2Fwp%2Fv2%2Fcomments&post=5935"}],"version-history":[{"count":0,"href":"https:\/\/esreviral.com\/index.php?rest_route=\/wp\/v2\/posts\/5935\/revisions"}],"wp:featuredmedia":[{"embeddable":true,"href":"https:\/\/esreviral.com\/index.php?rest_route=\/"}],"wp:attachment":[{"href":"https:\/\/esreviral.com\/index.php?rest_route=%2Fwp%2Fv2%2Fmedia&parent=5935"}],"wp:term":[{"taxonomy":"category","embeddable":true,"href":"https:\/\/esreviral.com\/index.php?rest_route=%2Fwp%2Fv2%2Fcategories&post=5935"},{"taxonomy":"post_tag","embeddable":true,"href":"https:\/\/esreviral.com\/index.php?rest_route=%2Fwp%2Fv2%2Ftags&post=5935"}],"curies":[{"name":"wp","href":"https:\/\/api.w.org\/{rel}","templated":true}]}}