{"id":5932,"date":"2021-04-21T17:37:56","date_gmt":"2021-04-21T20:37:56","guid":{"rendered":"http:\/\/esreviral.com\/?p=5932"},"modified":"2021-04-21T17:37:56","modified_gmt":"2021-04-21T20:37:56","slug":"argentina-supero-los-60-mil-fallecidos-por-coronavirus-y-confirmaron-25-932-nuevos-casos","status":"publish","type":"post","link":"https:\/\/esreviral.com\/?p=5932","title":{"rendered":"Argentina super\u00f3 los 60 mil fallecidos por coronavirus y confirmaron 25.932 nuevos casos"},"content":{"rendered":"\n<p>291 nuevos decesos se confirmaron este mi\u00e9rcoles en Argentina, con lo cual el pa\u00eds lleg\u00f3 a la cifra de 60.083 decesos desde el inicio de la pandemia.  <\/p>\n\n\n\n<p>Adem\u00e1s en estas \u00faltimas 24 horas se confirmaron 25.932 nuevos casos positivos y es as\u00ed como el total arrib\u00f3 a 2.769.552 personas que han transitado la enfermedad, de los cuales, 2.424.675 se han recuperado. <\/p>\n\n\n\n<p>Otro de los datos relevantes y que llama la atenci\u00f3n es que el 75,5 % de las camas de terapia intensiva en el AMBA, donde se desarrolla el epicentro de la pandemia, est\u00e1n ocupadas, mientras que en todo el pa\u00eds es de 65.5%.<\/p>\n\n\n\n<p>M\u00e1s temprano la ministra de salud, Carla Vizzotti, asegur\u00f3 que<a href=\"http:\/\/esreviral.com\/2021\/04\/21\/ministra-de-salud-de-argentina-estamos-en-el-peor-momento-desde-el-inicio-de-la-pandemia\/\"> Argentina pasa el peor momento desde el inicio de la pandemia. <\/a><\/p>\n","protected":false},"excerpt":{"rendered":"<p>Suman 2.769.552 de casos positivos desde el inicio de la pandemia en e pa\u00eds<\/p>\n","protected":false},"author":2,"featured_media":5933,"comment_status":"open","ping_status":"open","sticky":false,"template":"","format":"standard","meta":{"jnews-multi-image_gallery":[],"jnews_single_post":[],"jnews_primary_category":[],"jnews_social_meta":[],"jnews_review":[],"enable_review":"","type":"","name":"","summary":"","brand":"","sku":"","good":[],"bad":[],"score_override":"","override_value":"","rating":[],"price":[],"jnews_override_counter":[],"jnews_post_split":[],"footnotes":""},"categories":[76],"tags":[44,77],"class_list":["post-5932","post","type-post","status-publish","format-standard","has-post-thumbnail","hentry","category-coronavirus","tag-argentina","tag-coronavirus"],"amp_enabled":true,"_links":{"self":[{"href":"https:\/\/esreviral.com\/index.php?rest_route=\/wp\/v2\/posts\/5932"}],"collection":[{"href":"https:\/\/esreviral.com\/index.php?rest_route=\/wp\/v2\/posts"}],"about":[{"href":"https:\/\/esreviral.com\/index.php?rest_route=\/wp\/v2\/types\/post"}],"author":[{"embeddable":true,"href":"https:\/\/esreviral.com\/index.php?rest_route=\/wp\/v2\/users\/2"}],"replies":[{"embeddable":true,"href":"https:\/\/esreviral.com\/index.php?rest_route=%2Fwp%2Fv2%2Fcomments&post=5932"}],"version-history":[{"count":0,"href":"https:\/\/esreviral.com\/index.php?rest_route=\/wp\/v2\/posts\/5932\/revisions"}],"wp:featuredmedia":[{"embeddable":true,"href":"https:\/\/esreviral.com\/index.php?rest_route=\/"}],"wp:attachment":[{"href":"https:\/\/esreviral.com\/index.php?rest_route=%2Fwp%2Fv2%2Fmedia&parent=5932"}],"wp:term":[{"taxonomy":"category","embeddable":true,"href":"https:\/\/esreviral.com\/index.php?rest_route=%2Fwp%2Fv2%2Fcategories&post=5932"},{"taxonomy":"post_tag","embeddable":true,"href":"https:\/\/esreviral.com\/index.php?rest_route=%2Fwp%2Fv2%2Ftags&post=5932"}],"curies":[{"name":"wp","href":"https:\/\/api.w.org\/{rel}","templated":true}]}}