{"id":59287,"date":"2024-08-20T13:01:12","date_gmt":"2024-08-20T18:01:12","guid":{"rendered":"https:\/\/esreviral.com\/?p=59287"},"modified":"2024-08-20T13:24:11","modified_gmt":"2024-08-20T18:24:11","slug":"el-video-del-espectaculo-nudista-por-parte-de-un-inmigrante-que-provoca-indignacion","status":"publish","type":"post","link":"https:\/\/esreviral.com\/?p=59287","title":{"rendered":"Sin censura: inmigrante nudista se ba\u00f1\u00f3 delante de todos en la calle"},"content":{"rendered":"\n<p>Este martes, <strong>Badalona <\/strong>fue escenario de un incidente escandaloso que ha desatado la pol\u00e9mica. Un hombre de origen magreb\u00ed<strong> se ba\u00f1\u00f3 completamente desnudo en una fuente p\u00fablica a plena luz del d\u00eda,<\/strong> desatando el asombro de los transe\u00fantes. Dos mujeres que pasaban por la zona capturaron el ins\u00f3lito momento con sus celulares, lo que provoc\u00f3 que el hombre, lejos de amedrentarse,<strong> comenzara a exhibirse a\u00fan m\u00e1s<\/strong>, <strong>agarr\u00e1ndose los genitales y gritando frases como<\/strong> <strong>\u00ab\u00a1esto es m\u00edo!\u00bb y \u00ab\u00a1hazme una foto!\u00bb<\/strong>. Ante tal escena, una de las mujeres, sorprendida, le contest\u00f3: <strong>\u00abNo necesito hacerte una foto, ya tengo a mi marido\u00bb.<\/strong><\/p>\n\n\n\n<p>El incidente tuvo lugar en la fuente de la calle<strong> Quevedo, en el barrio de la Salut de Badalona (Espa\u00f1a),<\/strong> conocido por su alta tasa de inmigraci\u00f3n. Este hecho ocurre en un momento especialmente delicado, ya que coincide con las duras cr\u00edticas del <strong>alcalde de Badalona, Xavier Garc\u00eda Albiol, hacia la vicepresidenta segunda del Gobierno, Yolanda D\u00edaz, por su postura \u00abhappy flower\u00bb <\/strong>respecto a la inmigraci\u00f3n irregular<strong>.<\/strong> <strong>Albiol <\/strong>ha declarado que las pol\u00edticas de <strong>D\u00edaz <\/strong>no abordan \u00ab<strong>los problemas reales de los vecinos<\/strong>\u00bb y que, en la mayor\u00eda de los casos, los inmigrantes \u00ab<strong>acaban ocupando viviendas de manera ilegal o viviendo hacinados<\/strong>\u00bb debido a la falta de oportunidades laborales.<\/p>\n\n\n\n<p class=\"has-text-align-center\"><strong><a href=\"https:\/\/whatsapp.com\/channel\/0029VaAz7PmBKfhwZ5V3Gk2t\">\u00daNETE A NUESTRO CANAL DE WHATSAPP PARA ESTAR INFORMADO<\/a><\/strong><\/p>\n\n\n\n<blockquote class=\"twitter-tweet\"><p lang=\"es\" dir=\"ltr\">Un magreb\u00ed se lava en una fuente desnudo en mitad de la calle en Badalona \ud83d\udc47 <a href=\"https:\/\/t.co\/ItPg83kvuO\">pic.twitter.com\/ItPg83kvuO<\/a><\/p>&mdash; ES RE VIRAL (@esreviral) <a href=\"https:\/\/twitter.com\/esreviral\/status\/1825950829637153184?ref_src=twsrc%5Etfw\">August 20, 2024<\/a><\/blockquote> <script async src=\"https:\/\/platform.twitter.com\/widgets.js\" charset=\"utf-8\"><\/script>\n\n\n\n<p>El dirigente popular, en respuesta a las acusaciones de \u00abbulos racistas\u00bb lanzadas por D\u00edaz, ha insistido en que sus comentarios describen una realidad con \u00abdatos objetivos\u00bb. Durante una entrevista con Antena 3, Albiol cuestion\u00f3 las soluciones para los inmigrantes que llegan a Barcelona, criticando que el Gobierno \u00ablos deja a su suerte\u00bb y lamentando la falta de seguimiento.<\/p>\n\n\n\n<p>En medio de este cruce de declaraciones, Albiol ha calificado a <strong>Yolanda D\u00edaz<\/strong> de \u00ab<strong><em>se\u00f1ora happy flower<\/em><\/strong>\u00bb y ha se\u00f1alado que su visi\u00f3n no se alinea con \u00ab<strong>los problemas reales<\/strong>\u00bb que enfrentan los<strong> ciudadanos de Badalona <\/strong>debido a la inmigraci\u00f3n. \u00abEs f\u00e1cil hablar desde una dimensi\u00f3n que no conoce la realidad de quienes sufren las consecuencias de la inmigraci\u00f3n descontrolada\u00bb, ha reprochado Albiol, subrayando la necesidad de pol\u00edticas m\u00e1s rigurosas.<\/p>\n\n\n\n<p class=\"has-text-align-center\"><strong><a href=\"https:\/\/whatsapp.com\/channel\/0029VaAz7PmBKfhwZ5V3Gk2t\">\u00daNETE A NUESTRO CANAL DE WHATSAPP PARA ESTAR INFORMADO<\/a><\/strong><\/p>\n\n\n\n<p><\/p>\n","protected":false},"excerpt":{"rendered":"<p>Este martes, Badalona fue escenario de un incidente escandaloso que ha desatado la pol\u00e9mica. Un hombre de origen magreb\u00ed se ba\u00f1\u00f3 completamente desnudo en una fuente p\u00fablica a plena luz del d\u00eda, desatando el asombro de los transe\u00fantes. Dos mujeres que pasaban por la zona capturaron el ins\u00f3lito momento con sus celulares, lo que provoc\u00f3 [&hellip;]<\/p>\n","protected":false},"author":3,"featured_media":59288,"comment_status":"closed","ping_status":"closed","sticky":false,"template":"","format":"standard","meta":{"jnews-multi-image_gallery":[],"jnews_single_post":{"subtitle":"","format":"standard","video":"","gallery":"","source_name":"","source_url":"","via_name":"","via_url":"","override_template":"0","override":[{"template":"4","single_blog_custom":"","parallax":"1","fullscreen":"1","layout":"right-sidebar","sidebar":"new-widget-area","second_sidebar":"default-sidebar","sticky_sidebar":"1","share_position":"top","share_float_style":"share-monocrhome","show_share_counter":"1","show_view_counter":"1","show_featured":"1","show_post_meta":"1","show_post_author":"1","show_post_author_image":"1","show_post_date":"1","post_date_format":"default","post_date_format_custom":"Y\/m\/d","show_post_category":"1","show_post_reading_time":"1","post_reading_time_wpm":"300","show_zoom_button":"1","zoom_button_out_step":"2","zoom_button_in_step":"3","show_post_tag":"1","show_prev_next_post":"1","show_popup_post":"1","number_popup_post":"1","show_author_box":"1","show_post_related":"1","show_inline_post_related":"0"}],"override_image_size":"0","image_override":[{"single_post_thumbnail_size":"crop-500","single_post_gallery_size":"crop-500"}],"trending_post":"0","trending_post_position":"meta","trending_post_label":"Trending","sponsored_post":"0","sponsored_post_label":"Sponsored by","sponsored_post_name":"","sponsored_post_url":"","sponsored_post_logo_enable":"0","sponsored_post_logo":"","sponsored_post_desc":"","disable_ad":"0"},"jnews_primary_category":{"id":"","hide":""},"jnews_social_meta":{"fb_title":"","fb_description":"","fb_image":"","twitter_title":"","twitter_description":"","twitter_image":""},"jnews_review":[],"enable_review":"0","type":"percentage","name":"","summary":"","brand":"","sku":"","good":[{"good_text":""}],"bad":[{"bad_text":""}],"score_override":"","override_value":"","rating":[{"rating_text":"","rating_number":"10"}],"price":[{"shop":"","price":"","link":"","icon":""}],"jnews_override_counter":{"override_view_counter":"0","view_counter_number":"0","override_share_counter":"0","share_counter_number":"0","override_like_counter":"0","like_counter_number":"0","override_dislike_counter":"0","dislike_counter_number":"0"},"jnews_post_split":{"enable_post_split":"0","post_split":[{"template":"1","tag":"h2","numbering":"asc","mode":"normal","first":"0","enable_toc":"0","toc_type":"normal"}]},"footnotes":""},"categories":[88],"tags":[17522,17524,7420,17527,5734,17525,17523,45,17526],"class_list":["post-59287","post","type-post","status-publish","format-standard","has-post-thumbnail","hentry","category-internacionales","tag-badalona","tag-bano","tag-cataluna","tag-ciudadanos-de-badalona","tag-desnudo","tag-fuente-publica","tag-magrebi","tag-noticias","tag-yolanda-diaz"],"amp_enabled":true,"_links":{"self":[{"href":"https:\/\/esreviral.com\/index.php?rest_route=\/wp\/v2\/posts\/59287"}],"collection":[{"href":"https:\/\/esreviral.com\/index.php?rest_route=\/wp\/v2\/posts"}],"about":[{"href":"https:\/\/esreviral.com\/index.php?rest_route=\/wp\/v2\/types\/post"}],"author":[{"embeddable":true,"href":"https:\/\/esreviral.com\/index.php?rest_route=\/wp\/v2\/users\/3"}],"replies":[{"embeddable":true,"href":"https:\/\/esreviral.com\/index.php?rest_route=%2Fwp%2Fv2%2Fcomments&post=59287"}],"version-history":[{"count":0,"href":"https:\/\/esreviral.com\/index.php?rest_route=\/wp\/v2\/posts\/59287\/revisions"}],"wp:featuredmedia":[{"embeddable":true,"href":"https:\/\/esreviral.com\/index.php?rest_route=\/wp\/v2\/media\/59288"}],"wp:attachment":[{"href":"https:\/\/esreviral.com\/index.php?rest_route=%2Fwp%2Fv2%2Fmedia&parent=59287"}],"wp:term":[{"taxonomy":"category","embeddable":true,"href":"https:\/\/esreviral.com\/index.php?rest_route=%2Fwp%2Fv2%2Fcategories&post=59287"},{"taxonomy":"post_tag","embeddable":true,"href":"https:\/\/esreviral.com\/index.php?rest_route=%2Fwp%2Fv2%2Ftags&post=59287"}],"curies":[{"name":"wp","href":"https:\/\/api.w.org\/{rel}","templated":true}]}}