{"id":5926,"date":"2021-04-21T14:08:36","date_gmt":"2021-04-21T17:08:36","guid":{"rendered":"http:\/\/esreviral.com\/?p=5926"},"modified":"2021-04-21T14:08:36","modified_gmt":"2021-04-21T17:08:36","slug":"el-jurado-declara-culpable-al-policia-que-mato-a-george-floyd-en-minneapolis","status":"publish","type":"post","link":"https:\/\/esreviral.com\/?p=5926","title":{"rendered":"El jurado declara culpable al polic\u00eda que mat\u00f3 a George Floyd en Minneapolis"},"content":{"rendered":"\n<p>Estados Unidos ha cerrado este martes un cap\u00edtulo trascendental en su historia racial, el pecado original de este pa\u00eds. Un jurado ha declarado al expolic\u00eda Derek Chauvin, de 45 a\u00f1os, culpable por la muerte del\u00a0afroamericano George Floyd\u00a0durante una detenci\u00f3n brutal el pasado 25 de mayo en Minneapolis. <\/p>\n\n\n\n<p>Chauvin afronta hasta 40 a\u00f1os de prisi\u00f3n tras ser considerado responsable de los tres cargos de homicidio de los que se le acusaba. La tragedia, ocurrida a plena luz del d\u00eda y grabada en v\u00eddeo por los transe\u00fantes, dio la vuelta al planeta y provoc\u00f3 una movilizaci\u00f3n global contra el racismo, lo que ha hecho de\u00a0esto algo m\u00e1s que un juicio a un hombre y algo m\u00e1s que un veredicto. En un pa\u00eds con escasas condenas a las fuerzas de seguridad, para muchos activistas, este puede convertirse en un punto de inflexi\u00f3n en la larga trayectoria de brutalidad policial contra los negros.<\/p>\n\n\n\n<p>Nada m\u00e1s leerse la sentencia, los gritos de euforia comenzaron junto al tribunal y en el cruce de calles hoy conocido como \u201cplaza George Floyd\u201d, el lugar donde Chauvin lo mat\u00f3. La tensi\u00f3n y las protestas han marcado este proceso que ha tenido a Estados Unidos en vilo.<\/p>\n\n\n\n<p>Las deliberaciones han durado menos de lo que se pod\u00eda esperar. El jurado, formado por siete mujeres y cinco hombres de diferentes razas, solo requiri\u00f3 10 horas entre el lunes y el martes para tomar una decisi\u00f3n un\u00e1nime. La dureza de las im\u00e1genes, los nueve minutos de agon\u00eda de Floyd bajo la rodilla de un agente impasible, han desempe\u00f1ado un papel capital en este proceso y en el estupor global generado. En la historia quedar\u00e1 escrito el nombre de Darnella Frazier, la joven de entonces 17 a\u00f1os que grab\u00f3 todo el episodio y, con seguridad, cambi\u00f3 el desenlace que parece escrito de antemano en estos casos.<\/p>\n\n\n\n<p>El 25 de mayo,\u00a0una patrulla acudi\u00f3 a una tienda del sur de la ciudad por el aviso\u00a0de que un cliente hab\u00eda pagado su tabaco con un billete falso de 20 d\u00f3lares. Era Floyd, de 46 a\u00f1os, que segu\u00eda dentro de un coche aparcado frente a la tienda. Para vencer su resistencia inicial, Chauvin lo inmoviliz\u00f3 en el suelo junto a otros dos agentes y entonces tuvo lugar ese trance mortal. La rodilla de Chauvin apretaba el cuello de un hombre negro que ya no se mov\u00eda, que clamaba que no pod\u00eda respirar y luego parec\u00eda muerto sin que Chauvin retirase la presi\u00f3n ni atendiese a las quejas de los viandantes impotentes y desconcertados.<\/p>\n\n\n\n<p>El expolic\u00eda estaba acusado de los cargos de homicidio en segundo grado (implica intenci\u00f3n en el instante, pero no premeditaci\u00f3n), homicidio en tercer grado (definido en Minnesota como el cometido por alguien que, aunque no busca el objetivo de matar, causa la muerte actuando de forma peligrosa, con una \u201cmentalidad depravada\u201d y sin cuidado por la vida humana) y homicidio imprudente en segundo grado. Ha sido hallado culpable de los tres delitos y puede cumplir hasta 40 a\u00f1os de prisi\u00f3n en el caso del homicidio en segundo grado, si bien para alguien sin antecedentes penales, como es su caso, las penas m\u00e1s habituales rondan\u00a0los 12 a\u00f1os y medio.\u00a0La sentencia de Chauvin, ahora en manos del juez Peter Cahill, puede tardar semanas o meses en conocerse.<\/p>\n\n\n\n<p class=\"has-text-align-right\"><strong><em>VDigital24.com<\/em><\/strong><\/p>\n\n\n\n<figure class=\"wp-block-image size-large\"><img decoding=\"async\" src=\"https:\/\/vdigital24.com\/wp-content\/uploads\/2021\/04\/DEREK-CHAUVIN.jpg\" alt=\"\"\/><\/figure>\n","protected":false},"excerpt":{"rendered":"<p>Estados Unidos ha cerrado este martes un cap\u00edtulo trascendental en su historia racial, el pecado original de este pa\u00eds. Un jurado ha declarado al expolic\u00eda Derek Chauvin, de 45 a\u00f1os, culpable por la muerte del\u00a0afroamericano George Floyd\u00a0durante una detenci\u00f3n brutal el pasado 25 de mayo en Minneapolis. Chauvin afronta hasta 40 a\u00f1os de prisi\u00f3n tras [&hellip;]<\/p>\n","protected":false},"author":2,"featured_media":5927,"comment_status":"open","ping_status":"open","sticky":false,"template":"","format":"standard","meta":{"jnews-multi-image_gallery":[],"jnews_single_post":[],"jnews_primary_category":[],"jnews_social_meta":[],"jnews_review":[],"enable_review":"","type":"","name":"","summary":"","brand":"","sku":"","good":[],"bad":[],"score_override":"","override_value":"","rating":[],"price":[],"jnews_override_counter":[],"jnews_post_split":[],"footnotes":""},"categories":[88],"tags":[736],"class_list":["post-5926","post","type-post","status-publish","format-standard","has-post-thumbnail","hentry","category-internacionales","tag-george-floyd"],"amp_enabled":true,"_links":{"self":[{"href":"https:\/\/esreviral.com\/index.php?rest_route=\/wp\/v2\/posts\/5926"}],"collection":[{"href":"https:\/\/esreviral.com\/index.php?rest_route=\/wp\/v2\/posts"}],"about":[{"href":"https:\/\/esreviral.com\/index.php?rest_route=\/wp\/v2\/types\/post"}],"author":[{"embeddable":true,"href":"https:\/\/esreviral.com\/index.php?rest_route=\/wp\/v2\/users\/2"}],"replies":[{"embeddable":true,"href":"https:\/\/esreviral.com\/index.php?rest_route=%2Fwp%2Fv2%2Fcomments&post=5926"}],"version-history":[{"count":0,"href":"https:\/\/esreviral.com\/index.php?rest_route=\/wp\/v2\/posts\/5926\/revisions"}],"wp:featuredmedia":[{"embeddable":true,"href":"https:\/\/esreviral.com\/index.php?rest_route=\/"}],"wp:attachment":[{"href":"https:\/\/esreviral.com\/index.php?rest_route=%2Fwp%2Fv2%2Fmedia&parent=5926"}],"wp:term":[{"taxonomy":"category","embeddable":true,"href":"https:\/\/esreviral.com\/index.php?rest_route=%2Fwp%2Fv2%2Fcategories&post=5926"},{"taxonomy":"post_tag","embeddable":true,"href":"https:\/\/esreviral.com\/index.php?rest_route=%2Fwp%2Fv2%2Ftags&post=5926"}],"curies":[{"name":"wp","href":"https:\/\/api.w.org\/{rel}","templated":true}]}}