{"id":59174,"date":"2024-08-19T07:53:58","date_gmt":"2024-08-19T12:53:58","guid":{"rendered":"https:\/\/esreviral.com\/?p=59174"},"modified":"2024-08-19T09:56:12","modified_gmt":"2024-08-19T14:56:12","slug":"gran-operativo-de-seguridad-la-ciudad-despliega-mas-de-1-000-policias-en-puntos-clave-para-combatir-el-crimen","status":"publish","type":"post","link":"https:\/\/esreviral.com\/?p=59174","title":{"rendered":"\u00a1Gran Operativo de Seguridad! La Ciudad despliega m\u00e1s de 1.000 Polic\u00edas en puntos clave para combatir el crimen"},"content":{"rendered":"\n<p>El <strong>Jefe de Gobierno de la ciudad de Buenos Aires, Jorge Macri<\/strong>, anunci\u00f3 un <strong>refuerzo significativo en la seguridad<\/strong> mediante una reestructuraci\u00f3n de tareas. M\u00e1s de mil polic\u00edas que previamente se dedicaban a funciones administrativas ser\u00e1n redistribuidos a las principales avenidas para intensificar la presencia en las calles.<\/p>\n\n\n\n<p>En una conferencia de prensa realizada esta ma\u00f1ana en el <strong>Rosedal de Palermo<\/strong>, Macri estuvo acompa\u00f1ado por el<strong> ministro de Seguridad porte\u00f1o<\/strong>, <strong>Waldo Wolff<\/strong>, y el secretario de dicha cartera, Diego Kravetz.<\/p>\n\n\n\n<p>\u00ab<strong><em>A partir de hoy, habr\u00e1 mil polic\u00edas adicionales en las calles<\/em><\/strong>\u00ab, afirm\u00f3 Macri. Estos efectivos, anteriormente asignados al \u00e1rea de Seguridad Ciudadana, se concentrar\u00e1n inicialmente en las principales avenidas y calles. En la Avenida 9 de Julio, por ejemplo, se desplegar\u00e1n 100 parejas de polic\u00edas a lo largo de toda su extensi\u00f3n.<\/p>\n\n\n\n<p>Adem\u00e1s, se incrementar\u00e1 la presencia policial en 200 centros comerciales a cielo abierto, y se destinar\u00e1n grupos especiales con dos veh\u00edculos y cuatro motos para realizar operativos en las \u00e1reas m\u00e1s concurridas.<\/p>\n\n\n\n<p class=\"has-text-align-center\"><strong><em><strong><a href=\"https:\/\/t.me\/esreviral\">\u00daNETE A NUESTRO CANAL DE TELEGRAM PARA ESTAR INFORMADO<\/a><\/strong><\/em><\/strong><\/p>\n\n\n\n<p>Seg\u00fan inform\u00f3 el Gobierno porte\u00f1o, estos nuevos efectivos se suman a los m\u00e1s de 18.000 polic\u00edas que ya patrullan la ciudad, as\u00ed como a los 851 cadetes que egresaron el mes pasado y a los m\u00e1s de 900 que se graduar\u00e1n en diciembre del Instituto Superior de Seguridad P\u00fablica. Para el pr\u00f3ximo a\u00f1o, se espera que m\u00e1s de 20.000 polic\u00edas est\u00e9n en servicio para garantizar la seguridad en las calles.<\/p>\n\n\n\n<p>\u00ab<strong><em>La decisi\u00f3n es estar cerca del polic\u00eda que nos protege, que cumple con su tarea con profesionalismo, hace cumplir la ley y est\u00e1 dispuesto a arriesgar su vida para cuidarnos. Vamos a estar codo a codo y exigiremos una mayor formaci\u00f3n<\/em><\/strong>\u00ab, afirm\u00f3 Macri.<\/p>\n\n\n\n<figure class=\"wp-block-image size-large\"><img fetchpriority=\"high\" decoding=\"async\" width=\"1024\" height=\"505\" src=\"https:\/\/esreviral.com\/wp-content\/uploads\/2024\/08\/AnyConv.com__QvYj5YkVG_1256x620__1-1024x505.webp\" alt=\"\" class=\"wp-image-59176\" srcset=\"https:\/\/esreviral.com\/wp-content\/uploads\/2024\/08\/AnyConv.com__QvYj5YkVG_1256x620__1-1024x505.webp 1024w, https:\/\/esreviral.com\/wp-content\/uploads\/2024\/08\/AnyConv.com__QvYj5YkVG_1256x620__1-300x148.webp 300w, https:\/\/esreviral.com\/wp-content\/uploads\/2024\/08\/AnyConv.com__QvYj5YkVG_1256x620__1-768x379.webp 768w, https:\/\/esreviral.com\/wp-content\/uploads\/2024\/08\/AnyConv.com__QvYj5YkVG_1256x620__1-750x370.webp 750w, https:\/\/esreviral.com\/wp-content\/uploads\/2024\/08\/AnyConv.com__QvYj5YkVG_1256x620__1-1140x563.webp 1140w, https:\/\/esreviral.com\/wp-content\/uploads\/2024\/08\/AnyConv.com__QvYj5YkVG_1256x620__1.webp 1256w\" sizes=\"(max-width: 1024px) 100vw, 1024px\" \/><\/figure>\n\n\n\n<p>En cuanto a la coparticipaci\u00f3n, Macri tambi\u00e9n abord\u00f3 el conflicto con el Gobierno nacional y anunci\u00f3 que se reunir\u00e1 el jueves con el ministro de Econom\u00eda, Luis Caputo, para buscar una soluci\u00f3n, en un encuentro convocado por la Corte Suprema de Justicia.<\/p>\n\n\n\n<p>\u00ab<strong><em>Desde que asumimos, hemos estado trabajando con el Gobierno en la cuesti\u00f3n de la coparticipaci\u00f3n, la cual fue reducida por la administraci\u00f3n anterior. Los recursos no se est\u00e1n transfiriendo conforme a lo que dict\u00f3 la Corte<\/em><\/strong>\u00ab, coment\u00f3 Macri.<\/p>\n\n\n\n<p>Expres\u00f3 su esperanza de que la reuni\u00f3n con Caputo permita avanzar en una soluci\u00f3n y que se cumpla con el fallo de la Corte, que estableci\u00f3 el porcentaje de coparticipaci\u00f3n. \u00abEl Gobierno ha hecho un esfuerzo al girar una cantidad discrecional, pero no conforme al sistema definido. No ha negado que estos recursos corresponden\u00bb, concluy\u00f3 Macri.<\/p>\n\n\n\n<p>La reuni\u00f3n est\u00e1 programada para el jueves 22 a las 11:00 en la sede de los tribunales de Talcahuano. La Ciudad ha recurrido nuevamente al m\u00e1ximo tribunal solicitando el pago del 2,95% de los fondos de coparticipaci\u00f3n, seg\u00fan el fallo de diciembre de 2022. Actualmente, la Naci\u00f3n transfiere el 1,4% y actualiza con pagos semanales de $20.000 millones.<\/p>\n\n\n\n<blockquote class=\"twitter-tweet\"><p lang=\"es\" dir=\"ltr\">1.000 POLIC\u00cdAS M\u00c1S EN LAS CALLES DE LA CIUDAD <br><br>Reubicamos a mil polic\u00edas que realizaban tareas administrativas para que est\u00e9n donde m\u00e1s los necesitamos: en las calles. <br><br>Se suman a los 18.000 polic\u00edas que ya est\u00e1n patrullando para cuidar a los vecinos y a los 851 cadetes que\u2026 <a href=\"https:\/\/t.co\/G7vRnQFb64\">pic.twitter.com\/G7vRnQFb64<\/a><\/p>&mdash; Jorge Macri (@jorgemacri) <a href=\"https:\/\/twitter.com\/jorgemacri\/status\/1825511095160680809?ref_src=twsrc%5Etfw\">August 19, 2024<\/a><\/blockquote> <script async src=\"https:\/\/platform.twitter.com\/widgets.js\" charset=\"utf-8\"><\/script>\n\n\n\n<p class=\"has-text-align-center\"><em><strong><em><strong><a href=\"https:\/\/whatsapp.com\/channel\/0029VaAz7PmBKfhwZ5V3Gk2t\"><em>\u00daNETE A NUESTRO CANAL DE WHATSAPP PARA ESTAR INFORMADO<\/em><\/a><\/strong><\/em><\/strong><\/em><\/p>\n\n\n\n<figure class=\"wp-block-image size-large\"><img decoding=\"async\" src=\"https:\/\/ci3.googleusercontent.com\/meips\/ADKq_NYrc2fnPTnP-lnhSLnw5fM9opvGtw-4V7UcdM-wFUZdIaC9znuTsxfyyzW5pYGSbVsHayzzajhR7EKGxyNaM-r3L8n77MpGKmOpbuJ6MeHuOnIeUcB1hcSmWL8oFUfw_KYtAMl_JKgxxiyAFmwWlIp_D1pVrHcnFrgDyglNRg=s0-d-e1-ft#https:\/\/app2.dopplerfiles.com\/Users\/160762\/Campaigns\/13467912\/WhatsApp_Image_2024-08-19_at_09.28.48.jpeg\" alt=\"\"\/><\/figure>\n","protected":false},"excerpt":{"rendered":"<p>Lo anunci\u00f3 el Jefe de Gobierno, Jorge Macri, en una conferencia de prensa.<br \/>\nEl plan apunta a las principales avenidas y centros comerciales a cielo abierto.<\/p>\n","protected":false},"author":3,"featured_media":59200,"comment_status":"closed","ping_status":"closed","sticky":false,"template":"","format":"standard","meta":{"jnews-multi-image_gallery":[],"jnews_single_post":{"subtitle":"","format":"standard","video":"","gallery":"","source_name":"","source_url":"","via_name":"","via_url":"","override_template":"0","override":[{"template":"4","single_blog_custom":"","parallax":"1","fullscreen":"1","layout":"right-sidebar","sidebar":"new-widget-area","second_sidebar":"default-sidebar","sticky_sidebar":"1","share_position":"top","share_float_style":"share-monocrhome","show_share_counter":"1","show_view_counter":"1","show_featured":"1","show_post_meta":"1","show_post_author":"1","show_post_author_image":"1","show_post_date":"1","post_date_format":"default","post_date_format_custom":"Y\/m\/d","show_post_category":"1","show_post_reading_time":"1","post_reading_time_wpm":"300","show_zoom_button":"1","zoom_button_out_step":"2","zoom_button_in_step":"3","show_post_tag":"1","show_prev_next_post":"1","show_popup_post":"1","number_popup_post":"1","show_author_box":"1","show_post_related":"1","show_inline_post_related":"0"}],"override_image_size":"0","image_override":[{"single_post_thumbnail_size":"crop-500","single_post_gallery_size":"crop-500"}],"trending_post":"0","trending_post_position":"meta","trending_post_label":"Trending","sponsored_post":"0","sponsored_post_label":"Sponsored by","sponsored_post_name":"","sponsored_post_url":"","sponsored_post_logo_enable":"0","sponsored_post_logo":"","sponsored_post_desc":"","disable_ad":"0"},"jnews_primary_category":{"id":"","hide":""},"jnews_social_meta":{"fb_title":"","fb_description":"","fb_image":"","twitter_title":"","twitter_description":"","twitter_image":""},"jnews_review":[],"enable_review":"0","type":"percentage","name":"","summary":"","brand":"","sku":"","good":[{"good_text":""}],"bad":[{"bad_text":""}],"score_override":"","override_value":"","rating":[{"rating_text":"","rating_number":"10"}],"price":[{"shop":"","price":"","link":"","icon":""}],"jnews_override_counter":{"override_view_counter":"0","view_counter_number":"0","override_share_counter":"0","share_counter_number":"0","override_like_counter":"0","like_counter_number":"0","override_dislike_counter":"0","dislike_counter_number":"0"},"jnews_post_split":{"enable_post_split":"0","post_split":[{"template":"1","tag":"h2","numbering":"asc","mode":"normal","first":"0","enable_toc":"0","toc_type":"normal"}]},"footnotes":""},"categories":[58,59],"tags":[44,940,1327,45,17483,5953],"class_list":["post-59174","post","type-post","status-publish","format-standard","has-post-thumbnail","hentry","category-argentina","category-politica","tag-argentina","tag-inseguridad","tag-jorge-macri","tag-noticias","tag-rosedal-de-palermo","tag-waldo-wolff"],"amp_enabled":true,"_links":{"self":[{"href":"https:\/\/esreviral.com\/index.php?rest_route=\/wp\/v2\/posts\/59174"}],"collection":[{"href":"https:\/\/esreviral.com\/index.php?rest_route=\/wp\/v2\/posts"}],"about":[{"href":"https:\/\/esreviral.com\/index.php?rest_route=\/wp\/v2\/types\/post"}],"author":[{"embeddable":true,"href":"https:\/\/esreviral.com\/index.php?rest_route=\/wp\/v2\/users\/3"}],"replies":[{"embeddable":true,"href":"https:\/\/esreviral.com\/index.php?rest_route=%2Fwp%2Fv2%2Fcomments&post=59174"}],"version-history":[{"count":0,"href":"https:\/\/esreviral.com\/index.php?rest_route=\/wp\/v2\/posts\/59174\/revisions"}],"wp:featuredmedia":[{"embeddable":true,"href":"https:\/\/esreviral.com\/index.php?rest_route=\/wp\/v2\/media\/59200"}],"wp:attachment":[{"href":"https:\/\/esreviral.com\/index.php?rest_route=%2Fwp%2Fv2%2Fmedia&parent=59174"}],"wp:term":[{"taxonomy":"category","embeddable":true,"href":"https:\/\/esreviral.com\/index.php?rest_route=%2Fwp%2Fv2%2Fcategories&post=59174"},{"taxonomy":"post_tag","embeddable":true,"href":"https:\/\/esreviral.com\/index.php?rest_route=%2Fwp%2Fv2%2Ftags&post=59174"}],"curies":[{"name":"wp","href":"https:\/\/api.w.org\/{rel}","templated":true}]}}