{"id":59090,"date":"2024-08-16T08:40:38","date_gmt":"2024-08-16T13:40:38","guid":{"rendered":"https:\/\/esreviral.com\/?p=59090"},"modified":"2024-08-16T08:40:39","modified_gmt":"2024-08-16T13:40:39","slug":"victima-de-un-femicidio-temia-que-su-pareja-venezolano-la-asesinara","status":"publish","type":"post","link":"https:\/\/esreviral.com\/?p=59090","title":{"rendered":"V\u00edctima de un femicidio tem\u00eda que su pareja venezolano la asesinara"},"content":{"rendered":"\n<p>Nancy R\u00edos de 30 a\u00f1os de edad, podr\u00eda haber sospechado de lo que era capaz Luis Quintero Cede\u00f1o, de 38 a\u00f1os de edad, el venezolano detenido y acusado del femicidio de quien era su mujer. <\/p>\n\n\n\n<p>Seg\u00fan la autopsia, la dama<strong> muri\u00f3 por m\u00faltiples golpes que recibi\u00f3, contusiones en el cr\u00e1neo y se cree que haya sido el criollo quien le propin\u00f3 la paliza que acab\u00f3 con la vida de una joven de 14 a\u00f1os de edad. <\/strong>Adem\u00e1s habr\u00eda intentado asfixiarla con una almohada. <\/p>\n\n\n\n<p><strong><em><strong><a href=\"https:\/\/t.me\/esreviral\">\u00daNETE A NUESTRO CANAL DE TELEGRAM PARA ESTAR INFORMADO<\/a><\/strong><\/em><\/strong><\/p>\n\n\n\n<p>\u201cGuard\u00e1 esta foto por las dudas\u201d, pidi\u00f3 R\u00edos a una amiga. La mujer de 30 a\u00f1os sal\u00eda desde hac\u00eda cinco meses con Quintero Cede\u00f1o. Ese mensaje para protegerse con la imagen de quien la terminar\u00eda matando en su casa de Jos\u00e9 Le\u00f3n Su\u00e1rez fue la primera alerta que recibieron sus amigas.<\/p>\n\n\n\n<p>Nancy hab\u00eda llegado de Chaco a Buenos Aires siendo adolescente junto al padre de su hija de 14 a\u00f1os. Trabajaba como empleada de casas particulares, por hora.<\/p>\n\n\n\n<p>\u201cTen\u00eda un mont\u00f3n de amigas. Era muy coqueta, le encantaba festejar su cumplea\u00f1os, el D\u00eda del Amigo, todo. Pero, desde que empez\u00f3 a salir con \u00e9l, nos dimos cuenta de que la fue aislando\u201d, seg\u00fan Camila, una amiga de la v\u00edctima, quien fue entrevistada por el diario Clar\u00edn y quien cre\u00f3 la cuenta \u201cJusticia por Nancy R\u00edos\u201d en Facebook.<\/p>\n\n\n\n<figure class=\"wp-block-image size-large\"><img decoding=\"async\" src=\"https:\/\/www.clarin.com\/2024\/08\/14\/4omDraGfs_1200x0__1.jpg\" alt=\"\"\/><\/figure>\n\n\n\n<p>El fin de semana, Nancy, su hija de 14 a\u00f1os y su pareja cenaron con una vecina. \u201cCocin\u00f3 \u00e9l y todo\u201d, cont\u00f3 la mujer que al d\u00eda siguiente lo observ\u00f3 salir con un bolso. Nada le hizo sospechar que su amiga estaba en peligro. Algunos creen que hac\u00eda poco m\u00e1s de un mes que el sospechoso se hab\u00eda mudado a la casa ubicada en la planta alta, en las calles 4 y B. La due\u00f1a, que viv\u00eda al lado, y otra vecina eran sus amigas. Acompa\u00f1aban a ella y a su hija, pero ahora reconstruyen una historia conocida: <strong>hac\u00eda m\u00e1s de un mes que no ve\u00edan a Nancy salir de la casa, excepto cuando iba a trabajar o regresaba a su casa.<\/strong><\/p>\n\n\n\n<p>Sus c\u00edrculo m\u00e1s allegado, sospecha que Quintero le hab\u00eda prohibido hacer muchas cosas de las que estaba acostumbrada como tomar mate con las amigas, festear d\u00edas especiales o maquillarse. <\/p>\n\n\n\n<p>Nancy concurr\u00eda a la iglesia Auditorio de Fe, otro espacio donde ten\u00eda amigas y <strong>tambi\u00e9n dej\u00f3 de lado desde que empez\u00f3 a convivir con Quintero Cede\u00f1o.<\/strong><\/p>\n\n\n\n<p><em><strong><em><strong><a href=\"https:\/\/whatsapp.com\/channel\/0029VaAz7PmBKfhwZ5V3Gk2t\"><em>\u00daNETE A NUESTRO CANAL DE WHATSAPP PARA ESTAR INFORMADO<\/em><\/a><\/strong><\/em><\/strong><\/em><\/p>\n\n\n\n<p><strong>El d\u00eda de los hechos<\/strong><\/p>\n\n\n\n<p>Antes de escapar, <strong>el supuesto femicida intent\u00f3 secuestrar a la hija de la mujer, de 14 a\u00f1os de edad. <\/strong>Despu\u00e9s de abusar de la adolescente la at\u00f3 a una silla. Cuando recuper\u00f3 la conciencia, <strong>la chica se acerc\u00f3 a una ventana y empez\u00f3 a gritar. <\/strong>Una vecina la escuch\u00f3 y corri\u00f3 a asistirla. Otra mujer ten\u00eda la llave y lograron entrar. Llamaron a la Polic\u00eda, que rescat\u00f3 a la hija de R\u00edos. <strong>\u201cElla ped\u00eda una ambulancia para su mam\u00e1, dec\u00eda que la hab\u00edan apu\u00f1alado. Crey\u00f3 que estaba herida, pero ya estaba muerta\u201d,<\/strong> explicaron los testigos. No est\u00e1 claro si el femicidio ocurri\u00f3 antes de que agrediera a la menor o cuando lo descubri\u00f3 e intent\u00f3 protegerla.<\/p>\n\n\n\n<p><strong>Qu\u00e9 se sabe de \u00e9l<\/strong><\/p>\n\n\n\n<p>Hasta ahora ning\u00fan familiar o amigo se ha conocido p\u00fablicamente. Se desconocen detalles de su vida privada, incluso no aparece en las redes sociales al menos que haya borrado todo rastro<\/p>\n\n\n\n<p class=\"has-text-align-right\"><strong><em>Con informaci\u00f3n de Clarin.-<\/em><\/strong><\/p>\n","protected":false},"excerpt":{"rendered":"<p>Nancy R\u00edos de 30 a\u00f1os de edad, podr\u00eda haber sospechado de lo que era capaz Luis Quintero Cede\u00f1o, de 38 a\u00f1os de edad, el venezolano detenido y acusado del femicidio de quien era su mujer. Seg\u00fan la autopsia, la dama muri\u00f3 por m\u00faltiples golpes que recibi\u00f3, contusiones en el cr\u00e1neo y se cree que haya [&hellip;]<\/p>\n","protected":false},"author":2,"featured_media":58849,"comment_status":"closed","ping_status":"closed","sticky":false,"template":"","format":"standard","meta":{"jnews-multi-image_gallery":[],"jnews_single_post":{"subtitle":"","format":"standard","video":"","gallery":"","source_name":"","source_url":"","via_name":"","via_url":"","override_template":"0","override":[{"template":"4","single_blog_custom":"","parallax":"1","fullscreen":"1","layout":"right-sidebar","sidebar":"new-widget-area","second_sidebar":"default-sidebar","sticky_sidebar":"1","share_position":"top","share_float_style":"share-monocrhome","show_share_counter":"1","show_view_counter":"1","show_featured":"1","show_post_meta":"1","show_post_author":"1","show_post_author_image":"1","show_post_date":"1","post_date_format":"default","post_date_format_custom":"Y\/m\/d","show_post_category":"1","show_post_reading_time":"1","post_reading_time_wpm":"300","show_zoom_button":"1","zoom_button_out_step":"2","zoom_button_in_step":"3","show_post_tag":"1","show_prev_next_post":"1","show_popup_post":"1","number_popup_post":"1","show_author_box":"1","show_post_related":"1","show_inline_post_related":"0"}],"override_image_size":"0","image_override":[{"single_post_thumbnail_size":"crop-500","single_post_gallery_size":"crop-500"}],"trending_post":"0","trending_post_position":"meta","trending_post_label":"Trending","sponsored_post":"0","sponsored_post_label":"Sponsored by","sponsored_post_name":"","sponsored_post_url":"","sponsored_post_logo_enable":"0","sponsored_post_logo":"","sponsored_post_desc":"","disable_ad":"0"},"jnews_primary_category":{"id":"","hide":""},"jnews_social_meta":{"fb_title":"","fb_description":"","fb_image":"","twitter_title":"","twitter_description":"","twitter_image":""},"jnews_review":[],"enable_review":"0","type":"percentage","name":"","summary":"","brand":"","sku":"","good":[{"good_text":""}],"bad":[{"bad_text":""}],"score_override":"","override_value":"","rating":[{"rating_text":"","rating_number":"10"}],"price":[{"shop":"","price":"","link":"","icon":""}],"jnews_override_counter":{"override_view_counter":"0","view_counter_number":"0","override_share_counter":"0","share_counter_number":"0","override_like_counter":"0","like_counter_number":"0","override_dislike_counter":"0","dislike_counter_number":"0"},"jnews_post_split":{"enable_post_split":"0","post_split":[{"template":"1","tag":"h2","numbering":"asc","mode":"normal","first":"0","enable_toc":"0","toc_type":"normal"}]},"footnotes":""},"categories":[64,5892],"tags":[555,45,65,67],"class_list":["post-59090","post","type-post","status-publish","format-standard","has-post-thumbnail","hentry","category-sucesos","category-venezolanos-en-argentina","tag-femicidio","tag-noticias","tag-sucesos","tag-venezolanos-en-argentina"],"amp_enabled":true,"_links":{"self":[{"href":"https:\/\/esreviral.com\/index.php?rest_route=\/wp\/v2\/posts\/59090"}],"collection":[{"href":"https:\/\/esreviral.com\/index.php?rest_route=\/wp\/v2\/posts"}],"about":[{"href":"https:\/\/esreviral.com\/index.php?rest_route=\/wp\/v2\/types\/post"}],"author":[{"embeddable":true,"href":"https:\/\/esreviral.com\/index.php?rest_route=\/wp\/v2\/users\/2"}],"replies":[{"embeddable":true,"href":"https:\/\/esreviral.com\/index.php?rest_route=%2Fwp%2Fv2%2Fcomments&post=59090"}],"version-history":[{"count":0,"href":"https:\/\/esreviral.com\/index.php?rest_route=\/wp\/v2\/posts\/59090\/revisions"}],"wp:featuredmedia":[{"embeddable":true,"href":"https:\/\/esreviral.com\/index.php?rest_route=\/wp\/v2\/media\/58849"}],"wp:attachment":[{"href":"https:\/\/esreviral.com\/index.php?rest_route=%2Fwp%2Fv2%2Fmedia&parent=59090"}],"wp:term":[{"taxonomy":"category","embeddable":true,"href":"https:\/\/esreviral.com\/index.php?rest_route=%2Fwp%2Fv2%2Fcategories&post=59090"},{"taxonomy":"post_tag","embeddable":true,"href":"https:\/\/esreviral.com\/index.php?rest_route=%2Fwp%2Fv2%2Ftags&post=59090"}],"curies":[{"name":"wp","href":"https:\/\/api.w.org\/{rel}","templated":true}]}}