{"id":58899,"date":"2024-08-13T12:36:49","date_gmt":"2024-08-13T17:36:49","guid":{"rendered":"https:\/\/esreviral.com\/?p=58899"},"modified":"2024-08-13T12:38:17","modified_gmt":"2024-08-13T17:38:17","slug":"dia-internacional-del-zurdo-por-que-se-celebra-el-13-de-agosto","status":"publish","type":"post","link":"https:\/\/esreviral.com\/?p=58899","title":{"rendered":"D\u00eda internacional del Zurdo: \u00bfPor qu\u00e9 se celebra el 13 de agosto?"},"content":{"rendered":"\n<p>Desde 1976, cada 13 de agosto se conmemora el<strong> D\u00eda Internacional del Zurdo<\/strong>, una fecha dedicada a reconocer y concienciar sobre las dificultades que enfrentan las <strong>personas zurdas en un mundo predominantemente diestro.<\/strong><\/p>\n\n\n\n<p>A nivel global, se estima que entre el 10% y el 15% de la poblaci\u00f3n es zurda. Esta minor\u00eda ha enfrentado desaf\u00edos significativos, como la adaptaci\u00f3n a<strong> mobiliario escolar y universitario dise\u00f1ado para diestros<\/strong>, la incomodidad con ciertos dispositivos y la necesidad de modificar instrumentos musicales para su uso. En respuesta a estos obst\u00e1culos, Dean Campbell y Lefthanders International Inc. promovieron la celebraci\u00f3n del D\u00eda Internacional del Zurdo en 1976. En esa misma \u00e9poca, se fund\u00f3 AnythingLeftHanded.co, la primera empresa dedicada a comercializar productos espec\u00edficos para personas zurdas, que a\u00fan contin\u00faa operando.<\/p>\n\n\n\n<p>El 13 de agosto fue elegido para esta celebraci\u00f3n debido a una cuesti\u00f3n ling\u00fc\u00edstica y cultural. En lat\u00edn, \u00absiniestra\u00bb es el ant\u00f3nimo de \u00abdiestra\u00bb y en espa\u00f1ol, el t\u00e9rmino \u00absiniestro\u00bb tiene connotaciones negativas, asociadas a la mala suerte. Para desafiar estos prejuicios, se opt\u00f3 por utilizar la palabra \u00abizquierda\u00bb del euskera, eliminando as\u00ed el estigma hist\u00f3rico asociado con la zurdera.<\/p>\n\n\n\n<p class=\"has-text-align-center\"><em><strong><em><strong><a href=\"https:\/\/whatsapp.com\/channel\/0029VaAz7PmBKfhwZ5V3Gk2t\"><em>\u00daNETE A NUESTRO CANAL DE WHATSAPP PARA ESTAR INFORMADO<\/em><\/a><\/strong><\/em><\/strong><\/em><\/p>\n\n\n\n<figure class=\"wp-block-image size-large\"><img decoding=\"async\" src=\"https:\/\/tn.com.ar\/resizer\/v2\/a-raiz-de-estos-obstaculos-que-sufrian-las-personas-que-usaban-la-izquierda-dean-campbell-lefthanders-international-inc-y-en-1976-promovio-que-se-celebre-el-dia-internacional-del-zurdo-foto-pexels-7ZHAWURQWZAGJASOGXDBFIG4FM.jpg?auth=6774e76b48f05dd8b00708670a5770ef7003b9acc29f458deb7d81d821ff964c&amp;width=1440\" alt=\"\"\/><\/figure>\n\n\n\n<p><strong><mark style=\"background-color:rgba(0, 0, 0, 0)\" class=\"has-inline-color has-vivid-red-color\">\u00bfCu\u00e1l es la causa de la zurdera?<\/mark><\/strong><\/p>\n\n\n\n<p>La Dra. Macarena Mart\u00ednez Cuiti\u00f1o, especialista en Neuropsicolog\u00eda Cl\u00ednica y Licenciada en Fonoaudiolog\u00eda de la UBA, explica que la zurdera est\u00e1 relacionada con la lateralizaci\u00f3n del cerebro. \u201cEl cerebro controla el cuerpo de manera cruzada, y en la mayor\u00eda de las personas (85%), el hemisferio izquierdo, que controla el lado derecho del cuerpo, es el dominante, lo que resulta en que estas personas sean diestras. En aproximadamente el 15% de la poblaci\u00f3n, el hemisferio derecho es el dominante, y estas personas son zurdas\u201d, detalla la Dra. Mart\u00ednez Cuiti\u00f1o en una entrevista con T\u00e9lam.<\/p>\n\n\n\n<p>Estudios indican que la probabilidad de ser zurdo es mayor en hombres que en mujeres, aunque las razones exactas para esta diferencia a\u00fan no se comprenden completamente. Adem\u00e1s, si uno de los padres es zurdo, la probabilidad de que un hijo tambi\u00e9n lo sea aumenta en un 10%, y si ambos padres son zurdos, el porcentaje puede llegar hasta un 25%.<\/p>\n\n\n\n<blockquote class=\"twitter-tweet\"><p lang=\"es\" dir=\"ltr\">Con motivo del D\u00eda Internacional del Zurdo, Manuel Adorni salud\u00f3 a los &quot;grandes zurdos que s\u00ed aportaron a la grandeza de la Argentina&quot;.<br><br>Sin embargo, omiti\u00f3 nombrar a Diego <a href=\"https:\/\/twitter.com\/hashtag\/Maradona?src=hash&amp;ref_src=twsrc%5Etfw\">#Maradona<\/a>, algo que le recordaron en la Sala de Prensa. <a href=\"https:\/\/t.co\/IFVXjkdSj7\">pic.twitter.com\/IFVXjkdSj7<\/a><\/p>&mdash; ES RE VIRAL (@esreviral) <a href=\"https:\/\/twitter.com\/esreviral\/status\/1823392064962211908?ref_src=twsrc%5Etfw\">August 13, 2024<\/a><\/blockquote> <script async src=\"https:\/\/platform.twitter.com\/widgets.js\" charset=\"utf-8\"><\/script>\n\n\n\n<p class=\"has-text-align-center\"><strong><em><strong><a href=\"https:\/\/t.me\/esreviral\">\u00daNETE A NUESTRO CANAL DE TELEGRAM PARA ESTAR INFORMADO<\/a><\/strong><\/em><\/strong><\/p>\n","protected":false},"excerpt":{"rendered":"<p>Hist\u00f3ricamente, las personas que escrib\u00edan con la mano izquierda sufr\u00edan dificultades en un mundo de diestros.<\/p>\n","protected":false},"author":3,"featured_media":58900,"comment_status":"closed","ping_status":"closed","sticky":false,"template":"","format":"standard","meta":{"jnews-multi-image_gallery":[],"jnews_single_post":{"subtitle":"","format":"standard","video":"","gallery":"","source_name":"","source_url":"","via_name":"","via_url":"","override_template":"0","override":[{"template":"4","single_blog_custom":"","parallax":"1","fullscreen":"1","layout":"right-sidebar","sidebar":"new-widget-area","second_sidebar":"default-sidebar","sticky_sidebar":"1","share_position":"top","share_float_style":"share-monocrhome","show_share_counter":"1","show_view_counter":"1","show_featured":"1","show_post_meta":"1","show_post_author":"1","show_post_author_image":"1","show_post_date":"1","post_date_format":"default","post_date_format_custom":"Y\/m\/d","show_post_category":"1","show_post_reading_time":"1","post_reading_time_wpm":"300","show_zoom_button":"1","zoom_button_out_step":"2","zoom_button_in_step":"3","show_post_tag":"1","show_prev_next_post":"1","show_popup_post":"1","number_popup_post":"1","show_author_box":"1","show_post_related":"1","show_inline_post_related":"0"}],"override_image_size":"0","image_override":[{"single_post_thumbnail_size":"crop-500","single_post_gallery_size":"crop-500"}],"trending_post":"0","trending_post_position":"meta","trending_post_label":"Trending","sponsored_post":"0","sponsored_post_label":"Sponsored by","sponsored_post_name":"","sponsored_post_url":"","sponsored_post_logo_enable":"0","sponsored_post_logo":"","sponsored_post_desc":"","disable_ad":"0"},"jnews_primary_category":{"id":"","hide":""},"jnews_social_meta":{"fb_title":"","fb_description":"","fb_image":"","twitter_title":"","twitter_description":"","twitter_image":""},"jnews_review":[],"enable_review":"0","type":"percentage","name":"","summary":"","brand":"","sku":"","good":[{"good_text":""}],"bad":[{"bad_text":""}],"score_override":"","override_value":"","rating":[{"rating_text":"","rating_number":"10"}],"price":[{"shop":"","price":"","link":"","icon":""}],"jnews_override_counter":{"override_view_counter":"0","view_counter_number":"0","override_share_counter":"0","share_counter_number":"0","override_like_counter":"0","like_counter_number":"0","override_dislike_counter":"0","dislike_counter_number":"0"},"jnews_post_split":{"enable_post_split":"0","post_split":[{"template":"1","tag":"h2","numbering":"asc","mode":"normal","first":"0","enable_toc":"0","toc_type":"normal"}]},"footnotes":""},"categories":[43],"tags":[44,17397,45,17398],"class_list":["post-58899","post","type-post","status-publish","format-standard","has-post-thumbnail","hentry","category-actualidad","tag-argentina","tag-dia-internacional-del-zurdo","tag-noticias","tag-personas-zurdas"],"amp_enabled":true,"_links":{"self":[{"href":"https:\/\/esreviral.com\/index.php?rest_route=\/wp\/v2\/posts\/58899"}],"collection":[{"href":"https:\/\/esreviral.com\/index.php?rest_route=\/wp\/v2\/posts"}],"about":[{"href":"https:\/\/esreviral.com\/index.php?rest_route=\/wp\/v2\/types\/post"}],"author":[{"embeddable":true,"href":"https:\/\/esreviral.com\/index.php?rest_route=\/wp\/v2\/users\/3"}],"replies":[{"embeddable":true,"href":"https:\/\/esreviral.com\/index.php?rest_route=%2Fwp%2Fv2%2Fcomments&post=58899"}],"version-history":[{"count":0,"href":"https:\/\/esreviral.com\/index.php?rest_route=\/wp\/v2\/posts\/58899\/revisions"}],"wp:featuredmedia":[{"embeddable":true,"href":"https:\/\/esreviral.com\/index.php?rest_route=\/wp\/v2\/media\/58900"}],"wp:attachment":[{"href":"https:\/\/esreviral.com\/index.php?rest_route=%2Fwp%2Fv2%2Fmedia&parent=58899"}],"wp:term":[{"taxonomy":"category","embeddable":true,"href":"https:\/\/esreviral.com\/index.php?rest_route=%2Fwp%2Fv2%2Fcategories&post=58899"},{"taxonomy":"post_tag","embeddable":true,"href":"https:\/\/esreviral.com\/index.php?rest_route=%2Fwp%2Fv2%2Ftags&post=58899"}],"curies":[{"name":"wp","href":"https:\/\/api.w.org\/{rel}","templated":true}]}}