{"id":58880,"date":"2024-08-13T09:53:51","date_gmt":"2024-08-13T14:53:51","guid":{"rendered":"https:\/\/esreviral.com\/?p=58880"},"modified":"2024-08-13T09:53:52","modified_gmt":"2024-08-13T14:53:52","slug":"el-ultimo-mensaje-de-una-nina-a-su-madre-antes-del-fatal-accidente-aereo-en-brasil","status":"publish","type":"post","link":"https:\/\/esreviral.com\/?p=58880","title":{"rendered":"El \u00faltimo mensaje de una ni\u00f1a a su madre antes del fatal accidente a\u00e9reo en Brasil"},"content":{"rendered":"\n<p>La pasajera m\u00e1s joven en el <strong>vuelo de la aerol\u00ednea Voepass<\/strong>, que se estrell\u00f3 el pasado viernes en San Pablo, era <strong>Liz Ibba dos Santos,<\/strong> de 3 a\u00f1os de edad. La peque\u00f1a viajaba con su padre, Rafael Fernando dos Santos, con quien planeaba disfrutar de unas vacaciones en <strong>Florian\u00f3polis.<\/strong><\/p>\n\n\n\n<p>En las \u00faltimas horas, <strong>Adriana Libba, madre de Liz,<\/strong> ha compartido el doloroso relato de c\u00f3mo se enter\u00f3 del accidente y<strong> ha revelado el \u00faltimo mensaje que recibi\u00f3 de su hija antes de la tragedia.<\/strong> Adriana, que estaba separada de Rafael, compart\u00eda la custodia de Liz, lo que explic\u00f3 por qu\u00e9 la ni\u00f1a viaj\u00f3 sola con \u00e9l. Fernando, un programador de 41 a\u00f1os de edad, hab\u00eda organizado el viaje<strong> para celebrar el D\u00eda del Padre con su hija<\/strong>. Se dirigieron a Cascavel para abordar el vuelo de Voepass con destino a Florian\u00f3polis, haciendo una escala en San Pablo.<\/p>\n\n\n\n<p class=\"has-text-align-center\"><em><strong><em><strong><a href=\"https:\/\/whatsapp.com\/channel\/0029VaAz7PmBKfhwZ5V3Gk2t\"><em>\u00daNETE A NUESTRO CANAL DE WHATSAPP PARA ESTAR INFORMADO<\/em><\/a><\/strong><\/em><\/strong><\/em><\/p>\n\n\n\n<figure class=\"wp-block-image size-large\"><img decoding=\"async\" src=\"https:\/\/tn.com.ar\/resizer\/v2\/la-nena-viajaba-junto-a-su-papa-rumbo-a-florianopolis-foto-gentileza-gp1-EW74UPAMH5CG3J7PS2MH66T5AM.jpeg?auth=934a4499de14c159019ceeef1e9d275440ea4af2a453e82db52a02af977621c0&amp;width=1440\" alt=\"\"\/><\/figure>\n\n\n\n<p><strong><mark style=\"background-color:rgba(0, 0, 0, 0)\" class=\"has-inline-color has-vivid-red-color\">El \u00daltimo Mensaje de Liz<\/mark><\/strong><\/p>\n\n\n\n<p>Adriana relat\u00f3 que el \u00faltimo mensaje que recibi\u00f3 de Liz lleg\u00f3 justo antes del despegue del avi\u00f3n. En el audio enviado por Fernando, se puede escuchar a Liz decir: \u201cHola mam\u00e1\u201d, mientras su padre le pregunta: \u201c\u00bfD\u00f3nde estamos?\u201d. La peque\u00f1a, entusiasmada, responde: \u201cYa estoy en el avi\u00f3n, beso\u201d. La voz de Liz en ese mensaje fue la \u00faltima que Adriana escuch\u00f3 de su hija, sin imaginar que ser\u00eda la \u00faltima vez.<\/p>\n\n\n\n<p><strong><mark style=\"background-color:rgba(0, 0, 0, 0)\" class=\"has-inline-color has-vivid-red-color\">La \u00daltima Foto y La Peor Noticia<\/mark><\/strong><\/p>\n\n\n\n<p>Adriana record\u00f3 con tristeza que Liz estaba feliz y emocionada por el viaje, pero en la \u00faltima foto que le tom\u00f3 antes de que se fuera con su padre, no sonri\u00f3. \u201cEra un d\u00eda fr\u00edo, la temperatura rondaba los 5\u00b0C. Le ped\u00ed una foto y, aunque le dije en broma \u2018\u00bfsin una sonrisa, hija?\u2019, la imagen qued\u00f3 sin su habitual alegr\u00eda\u201d, cont\u00f3 Adriana.<\/p>\n\n\n\n<p>La mujer comparti\u00f3 la foto en sus redes sociales con un emotivo mensaje: \u201cD\u00eda fr\u00edo y sin sonrisa, que Dios te proteja y te guarde. Te amamos\u201d, acompa\u00f1ado de emojis de avi\u00f3n y coraz\u00f3n rojo. Nunca imagin\u00f3 que recibir\u00eda una noticia tan devastadora pocas horas despu\u00e9s.<\/p>\n\n\n\n<figure class=\"wp-block-image size-large\"><img decoding=\"async\" src=\"https:\/\/tn.com.ar\/resizer\/v2\/la-ultima-foto-que-le-saco-su-mama-antes-de-partir-hacia-el-aeropuerto-foto-gentileza-catve-3NT2CIRYLNEMRHK25IKZFDWF2Q.jpeg?auth=7de117ab4127172e49d902f93109d6cc78a912ed9e192e80136c07d864a32793&amp;width=1440\" alt=\"\"\/><\/figure>\n\n\n\n<p>Adriana <strong>estaba en el trabajo cuando recibi\u00f3 la noticia del accidente.<\/strong> \u201cLlegaba al trabajo cuando me enviaron el enlace sobre el accidente de un avi\u00f3n de Cascavel. Fui directo a la oficina de mi jefe y pregunt\u00e9 si la noticia era reciente\u201d, record\u00f3, a\u00fan esperanzada de que su familia estuviera a salvo, ya que esa ma\u00f1ana hab\u00eda dos vuelos saliendo de Cascavel.<\/p>\n\n\n\n<p>Sin embargo, cuando se public\u00f3 el listado de las v\u00edctimas, Adriana confirm\u00f3 la tragedia. \u201cSent\u00ed que era verdad. Mam\u00e1 lo siente, \u00bfno? <strong>Perd\u00ed lo mejor de m\u00ed, lo m\u00e1s hermoso<\/strong>. Ella estaba feliz, abrazada y besada\u201d, concluy\u00f3, profundamente conmovida por la p\u00e9rdida.<\/p>\n\n\n\n<p class=\"has-text-align-center\"><strong><em><strong><a href=\"https:\/\/t.me\/esreviral\">\u00daNETE A NUESTRO CANAL DE TELEGRAM PARA ESTAR INFORMADO<\/a><\/strong><\/em><\/strong><\/p>\n","protected":false},"excerpt":{"rendered":"<p>Liz viajaba junto a su pap\u00e1 para pasar sus vacaciones en Florian\u00f3polis, pero fueron parte de las 62 v\u00edctimas del accidente.<\/p>\n","protected":false},"author":3,"featured_media":58881,"comment_status":"closed","ping_status":"closed","sticky":false,"template":"","format":"standard","meta":{"jnews-multi-image_gallery":[],"jnews_single_post":{"subtitle":"","format":"standard","video":"","gallery":"","source_name":"","source_url":"","via_name":"","via_url":"","override_template":"0","override":[{"template":"4","single_blog_custom":"","parallax":"1","fullscreen":"1","layout":"right-sidebar","sidebar":"new-widget-area","second_sidebar":"default-sidebar","sticky_sidebar":"1","share_position":"top","share_float_style":"share-monocrhome","show_share_counter":"1","show_view_counter":"1","show_featured":"1","show_post_meta":"1","show_post_author":"1","show_post_author_image":"1","show_post_date":"1","post_date_format":"default","post_date_format_custom":"Y\/m\/d","show_post_category":"1","show_post_reading_time":"1","post_reading_time_wpm":"300","show_zoom_button":"1","zoom_button_out_step":"2","zoom_button_in_step":"3","show_post_tag":"1","show_prev_next_post":"1","show_popup_post":"1","number_popup_post":"1","show_author_box":"1","show_post_related":"1","show_inline_post_related":"0"}],"override_image_size":"0","image_override":[{"single_post_thumbnail_size":"crop-500","single_post_gallery_size":"crop-500"}],"trending_post":"0","trending_post_position":"meta","trending_post_label":"Trending","sponsored_post":"0","sponsored_post_label":"Sponsored by","sponsored_post_name":"","sponsored_post_url":"","sponsored_post_logo_enable":"0","sponsored_post_logo":"","sponsored_post_desc":"","disable_ad":"0"},"jnews_primary_category":{"id":"","hide":""},"jnews_social_meta":{"fb_title":"","fb_description":"","fb_image":"","twitter_title":"","twitter_description":"","twitter_image":""},"jnews_review":[],"enable_review":"0","type":"percentage","name":"","summary":"","brand":"","sku":"","good":[{"good_text":""}],"bad":[{"bad_text":""}],"score_override":"","override_value":"","rating":[{"rating_text":"","rating_number":"10"}],"price":[{"shop":"","price":"","link":"","icon":""}],"jnews_override_counter":{"override_view_counter":"0","view_counter_number":"0","override_share_counter":"0","share_counter_number":"0","override_like_counter":"0","like_counter_number":"0","override_dislike_counter":"0","dislike_counter_number":"0"},"jnews_post_split":{"enable_post_split":"0","post_split":[{"template":"1","tag":"h2","numbering":"asc","mode":"normal","first":"0","enable_toc":"0","toc_type":"normal"}]},"footnotes":""},"categories":[88,64],"tags":[6362,17384,227,17385,45,17383],"class_list":["post-58880","post","type-post","status-publish","format-standard","has-post-thumbnail","hentry","category-internacionales","category-sucesos","tag-accidente-aereo","tag-brasii","tag-brasil","tag-florianopolis","tag-noticias","tag-san-pablo"],"amp_enabled":true,"_links":{"self":[{"href":"https:\/\/esreviral.com\/index.php?rest_route=\/wp\/v2\/posts\/58880"}],"collection":[{"href":"https:\/\/esreviral.com\/index.php?rest_route=\/wp\/v2\/posts"}],"about":[{"href":"https:\/\/esreviral.com\/index.php?rest_route=\/wp\/v2\/types\/post"}],"author":[{"embeddable":true,"href":"https:\/\/esreviral.com\/index.php?rest_route=\/wp\/v2\/users\/3"}],"replies":[{"embeddable":true,"href":"https:\/\/esreviral.com\/index.php?rest_route=%2Fwp%2Fv2%2Fcomments&post=58880"}],"version-history":[{"count":0,"href":"https:\/\/esreviral.com\/index.php?rest_route=\/wp\/v2\/posts\/58880\/revisions"}],"wp:featuredmedia":[{"embeddable":true,"href":"https:\/\/esreviral.com\/index.php?rest_route=\/wp\/v2\/media\/58881"}],"wp:attachment":[{"href":"https:\/\/esreviral.com\/index.php?rest_route=%2Fwp%2Fv2%2Fmedia&parent=58880"}],"wp:term":[{"taxonomy":"category","embeddable":true,"href":"https:\/\/esreviral.com\/index.php?rest_route=%2Fwp%2Fv2%2Fcategories&post=58880"},{"taxonomy":"post_tag","embeddable":true,"href":"https:\/\/esreviral.com\/index.php?rest_route=%2Fwp%2Fv2%2Ftags&post=58880"}],"curies":[{"name":"wp","href":"https:\/\/api.w.org\/{rel}","templated":true}]}}