{"id":5883,"date":"2021-04-20T12:45:09","date_gmt":"2021-04-20T15:45:09","guid":{"rendered":"http:\/\/esreviral.com\/?p=5883"},"modified":"2021-04-20T12:45:09","modified_gmt":"2021-04-20T15:45:09","slug":"para-la-sociedad-argentina-de-terapia-intensiva-el-sistema-sanitario-puede-colapsar","status":"publish","type":"post","link":"https:\/\/esreviral.com\/?p=5883","title":{"rendered":"Para la Sociedad Argentina de Terapia Intensiva \u00abel sistema sanitario puede colapsar\u00bb"},"content":{"rendered":"\n<p><strong>La presidenta de la Sociedad Argentina de Terapia Intensiva (SATI), Rosa Reina<\/strong>, advirti\u00f3 que \u00abhay terapias ocupadas en un 70% y otras al 100%\u00bb por el aumento de casos de coronavirus, de acuerdo con datos relevados en instituciones m\u00e9dicas de varias provincias, y advirti\u00f3 que&nbsp;<strong>este a\u00f1o \u00abs\u00ed puede colapsar el sistema sanitario\u00bb<\/strong>&nbsp;y que la situaci\u00f3n \u00abes preocupante\u00bb.<\/p>\n\n\n\n<p><strong>\u00abCada vez m\u00e1s pacientes ingresan a las terapias intensivas que, en algunos casos, est\u00e1n arriba de 70% y otras al 100%<\/strong>&nbsp;de acuerdo con el informe que publicamos ayer, en el que recabamos informaci\u00f3n de varias instituciones de algunas provincias (que la brindaron de manera voluntaria). La situaci\u00f3n es preocupante\u00bb, dijo Reina este martes en declaraciones a Radio Con Vos.<\/p>\n\n\n\n<p>Entre los distritos que enviaron los datos de ocupaci\u00f3n de camas de terapia intensiva a la SATI, Reina mencion\u00f3 el \u00c1rea Metropolitana de Buenos Aires, La Rioja, R\u00edo Negro, Neuqu\u00e9n, Mendoza, Chaco, Santa Fe y Tierra del Fuego.<\/p>\n\n\n\n<blockquote class=\"wp-block-quote td_quote_box td_box_center is-layout-flow wp-block-quote-is-layout-flow\"><p>\u00abCada vez m\u00e1s pacientes ingresan a las terapias intensivas que, en algunos casos, est\u00e1n arriba de 70% y otras al 100%\u00bbROSA REINA<\/p><\/blockquote>\n\n\n\n<p>Reina afirm\u00f3 tambi\u00e9n que baj\u00f3 la edad de personas internadas con Covid-19 a un promedio de 53 a\u00f1os, de acuerdo con el informe divulgado el lunes.<\/p>\n\n\n\n<p>\u00abEsa gente es la que se moviliza para trabajar o que va a eventos sociales; es la poblaci\u00f3n m\u00e1s afectada en este momento porque los mayores se est\u00e1n vacunando\u00bb, asegur\u00f3 la presidenta de la SATI, quien agreg\u00f3: \u00abOjal\u00e1 no tengamos la misma mortalidad con estos pacientes\u00bb.<\/p>\n\n\n\n<p>La profesional que se desempe\u00f1\u00f3 hasta el pasado 1 de abril en el Hospital San Mart\u00edn, de La Plata, cuando se jubil\u00f3, sostuvo que \u00abeste a\u00f1o puede colapsar el sistema sanitario\u00bb.<\/p>\n\n\n\n<p>En ese sentido, ejemplific\u00f3 que en San Mart\u00edn pasaron en un plazo de tan solo una semana \u00abdel 30% de ocupaci\u00f3n de camas de terapia intensiva al 70% u 80%\u00bb.<\/p>\n\n\n\n<blockquote class=\"wp-block-quote td_quote_box td_box_center is-layout-flow wp-block-quote-is-layout-flow\"><p>\u00abSe est\u00e1n abriendo camas en otros sectores, que se acondicionan para ser de terapia intensiva, pero el problema es que no alcanza el personal\u00bbROSA REINA<\/p><\/blockquote>\n\n\n\n<p><br>\u00abEl a\u00f1o pasado no ten\u00edamos este temor de colapso, pero este a\u00f1o s\u00ed, que no haya m\u00e1s camas porque no se puede expandir m\u00e1s y el personal de salud no es suficiente para atender m\u00e1s camas\u00bb, advirti\u00f3.<\/p>\n\n\n\n<p>Reina dijo que el 50% de la terapia intensiva que estaba destinada a otras patolog\u00edas, actualmente est\u00e1 ocupada con pacientes con Covid-19 y que la ocupaci\u00f3n llega \u00abal 100% de las dos terapias intensivas\u00bb en el Hospital San Mart\u00edn de la capital bonaerense.<\/p>\n\n\n\n<p>\u00abSe est\u00e1n abriendo camas en otros sectores, que se acondicionan para ser de terapia intensiva, pero el problema es que no alcanza el personal\u00bb, insisti\u00f3 la profesional.<\/p>\n\n\n\n<p class=\"has-text-align-right\"><strong><em>Telam.-<\/em><\/strong><\/p>\n","protected":false},"excerpt":{"rendered":"<p>Rosa Reina, advirti\u00f3 que \u00abcada vez m\u00e1s pacientes ingresan a las terapias intensivas que, en algunos casos, est\u00e1n arriba de 70% y otras al 100%.<\/p>\n","protected":false},"author":2,"featured_media":5888,"comment_status":"open","ping_status":"open","sticky":false,"template":"","format":"standard","meta":{"jnews-multi-image_gallery":[],"jnews_single_post":[],"jnews_primary_category":[],"jnews_social_meta":[],"jnews_review":[],"enable_review":"","type":"","name":"","summary":"","brand":"","sku":"","good":[],"bad":[],"score_override":"","override_value":"","rating":[],"price":[],"jnews_override_counter":[],"jnews_post_split":[],"footnotes":""},"categories":[84],"tags":[45,85],"class_list":["post-5883","post","type-post","status-publish","format-standard","has-post-thumbnail","hentry","category-salud","tag-noticias","tag-salud"],"amp_enabled":true,"_links":{"self":[{"href":"https:\/\/esreviral.com\/index.php?rest_route=\/wp\/v2\/posts\/5883"}],"collection":[{"href":"https:\/\/esreviral.com\/index.php?rest_route=\/wp\/v2\/posts"}],"about":[{"href":"https:\/\/esreviral.com\/index.php?rest_route=\/wp\/v2\/types\/post"}],"author":[{"embeddable":true,"href":"https:\/\/esreviral.com\/index.php?rest_route=\/wp\/v2\/users\/2"}],"replies":[{"embeddable":true,"href":"https:\/\/esreviral.com\/index.php?rest_route=%2Fwp%2Fv2%2Fcomments&post=5883"}],"version-history":[{"count":0,"href":"https:\/\/esreviral.com\/index.php?rest_route=\/wp\/v2\/posts\/5883\/revisions"}],"wp:featuredmedia":[{"embeddable":true,"href":"https:\/\/esreviral.com\/index.php?rest_route=\/"}],"wp:attachment":[{"href":"https:\/\/esreviral.com\/index.php?rest_route=%2Fwp%2Fv2%2Fmedia&parent=5883"}],"wp:term":[{"taxonomy":"category","embeddable":true,"href":"https:\/\/esreviral.com\/index.php?rest_route=%2Fwp%2Fv2%2Fcategories&post=5883"},{"taxonomy":"post_tag","embeddable":true,"href":"https:\/\/esreviral.com\/index.php?rest_route=%2Fwp%2Fv2%2Ftags&post=5883"}],"curies":[{"name":"wp","href":"https:\/\/api.w.org\/{rel}","templated":true}]}}