{"id":58722,"date":"2024-08-09T16:03:55","date_gmt":"2024-08-09T21:03:55","guid":{"rendered":"https:\/\/esreviral.com\/?p=58722"},"modified":"2024-08-10T07:38:18","modified_gmt":"2024-08-10T12:38:18","slug":"los-motivos-detras-de-la-medida-de-fuerza-de-los-pilotos-de-aerolineas-argentinas","status":"publish","type":"post","link":"https:\/\/esreviral.com\/?p=58722","title":{"rendered":"Los Motivos detr\u00e1s de la medida de fuerza de los pilotos de Aerol\u00edneas Argentinas"},"content":{"rendered":"\n<p>La Asociaci\u00f3n de Pilotos de L\u00edneas A\u00e9reas (APLA) anunci\u00f3 que el lunes 19 de agosto har\u00e1n asambleas para reclamar por la recomposici\u00f3n salarial de los empleados. Por este motivo,\u00a0<strong>habr\u00e1 demoras y cancelaciones de\u00a0vuelos\u00a0en todos los aeropuertos<\/strong>.<\/p>\n\n\n\n<p>\u201cDesde hace meses estamos transitando una negociaci\u00f3n paritaria con Aerol\u00edneas Argentinas por la recomposici\u00f3n salarial, manteniendo una enorme prudencia y responsabilidad, entendiendo las consecuencias que suponen las medidas de acci\u00f3n directa en los usuarios\u201d, expresa el escrito de APLA.<\/p>\n\n\n\n<p class=\"has-text-align-center\"><strong><em><strong><a href=\"https:\/\/whatsapp.com\/channel\/0029VaAz7PmBKfhwZ5V3Gk2t\"><em>\u00daNETE A NUESTRO CANAL DE WHATSAPP PARA ESTAR INFORMADO<\/em><\/a><\/strong><\/em><\/strong><\/p>\n\n\n\n<p>\u201c<strong>Ante propuestas totalmente insatisfactorias, se decidi\u00f3 llevar adelante una medida de acci\u00f3n directa coincidente con el inicio del receso invernal<\/strong>\u201d, precis\u00f3 el comunicado.<\/p>\n\n\n\n<p>Este viernes finaliz\u00f3 la conciliaci\u00f3n obligatoria que fue dictada por la Secretar\u00eda de Trabajo y, seg\u00fan indicaron los\u00a0pilotos, \u201cnunca fueron convocados a negociar en el marco oficial\u201d.<\/p>\n\n\n\n<p>Adem\u00e1s, se\u00f1alaron que, durante el per\u00edodo de conciliaci\u00f3n, no llegaron a un acuerdo. \u201c<strong>Lo que recibimos fueron ofertas desechables que faltan el respeto a nuestra profesi\u00f3n y a la responsabilidad que conlleva<\/strong>\u201d, remarcaron.<\/p>\n\n\n\n<figure class=\"wp-block-image\"><img decoding=\"async\" src=\"https:\/\/tn.com.ar\/resizer\/v2\/la-medida-de-fuerza-consistira-en-asambleas-que-se-realizaran-a-partir-del-lunes-19-de-agosto-foto-reutersagustin-marcarian-W3UBQQUMUKBHEMFHOHUQNLUAUM.jpg?auth=fdd0bedebdd046336e7a408797b40aabce9a789341952d00a9d8bbd7e220d9a1&amp;width=767\" alt=\"La medida de fuerza consistir\u00e1 en asambleas que se realizar\u00e1n a partir del lunes 19 de agosto. (Foto: REUTERS\/Agustin Marcarian)\"\/><\/figure>\n\n\n\n<p><strong><mark style=\"background-color:rgba(0, 0, 0, 0)\" class=\"has-inline-color has-vivid-red-color\">Qu\u00e9 d\u00edas y en qu\u00e9 aeropuertos se realizar\u00e1n las asambleas<\/mark><\/strong><\/p>\n\n\n\n<p>Las asambleas se llevar\u00e1n a cabo para exigir la recomposici\u00f3n de los salarios acorde a la inflaci\u00f3n. \u201c<strong>Se han agotado todas las instancias<\/strong>. Es tiempo de exigir actualizar nuestro salario utilizando las \u00fanicas herramientas de las que disponemos que es nuestra mano de obra\u201d, afirm\u00f3 el gremio de los pilotos.<\/p>\n\n\n\n<p>Por el momento,<strong>&nbsp;se anunci\u00f3 que las asambleas se realizar\u00e1n en los siguientes d\u00edas y horarios:<\/strong><\/p>\n\n\n\n<ul class=\"wp-block-list\">\n<li>Lunes 19 de agosto de 9 a 11.30 en el Aeroparque Internacional Jorge Newbery (Buenos Aires).<\/li>\n\n\n\n<li>Jueves 22 de agosto a partir de las 21 en el Aeropuerto Internacional de Ezeiza (Buenos Aires).<\/li>\n\n\n\n<li>Martes 27 de agosto de 10 a 13 en el Aeropuerto Internacional Ingeniero Aeron\u00e1utico Ambrosio Taravella (C\u00f3rdoba).<\/li>\n\n\n\n<li>Martes 27 de agosto de 10 a 13 en el Aeropuerto Internacional El Plumerillo (Mendoza).<\/li>\n\n\n\n<li>Mi\u00e9rcoles 28 de agosto a partir de las 21 en el Aeropuerto Internacional de Ezeiza (Buenos Aires).<\/li>\n\n\n\n<li>Viernes 30 de agosto de 6 a 9 en el Aeroparque Internacional Jorge Newbery (Buenos Aires).<\/li>\n<\/ul>\n\n\n\n<p class=\"has-text-align-center\"><strong><em><strong><a href=\"https:\/\/t.me\/esreviral\">\u00daNETE A NUESTRO CANAL DE TELEGRAM PARA ESTAR INFORMADO<\/a><\/strong><\/em><\/strong><\/p>\n\n\n\n<p class=\"has-text-align-right\"><strong><em>TN.-<\/em><\/strong><\/p>\n","protected":false},"excerpt":{"rendered":"<p>El plan de acci\u00f3n ser\u00e1 para reclamar por la recomposici\u00f3n salarial de los trabajadores. \u201cAnte propuestas totalmente insatisfactorias, se decidi\u00f3 llevar adelante una medida de acci\u00f3n directa coincidente con el inicio del receso invernal\u201d, indicaron en un comunicado.<\/p>\n","protected":false},"author":3,"featured_media":58723,"comment_status":"closed","ping_status":"closed","sticky":false,"template":"","format":"standard","meta":{"jnews-multi-image_gallery":[],"jnews_single_post":{"subtitle":"","format":"standard","video":"","gallery":"","source_name":"","source_url":"","via_name":"","via_url":"","override_template":"0","override":[{"template":"4","single_blog_custom":"","parallax":"1","fullscreen":"1","layout":"right-sidebar","sidebar":"new-widget-area","second_sidebar":"default-sidebar","sticky_sidebar":"1","share_position":"top","share_float_style":"share-monocrhome","show_share_counter":"1","show_view_counter":"1","show_featured":"1","show_post_meta":"1","show_post_author":"1","show_post_author_image":"1","show_post_date":"1","post_date_format":"default","post_date_format_custom":"Y\/m\/d","show_post_category":"1","show_post_reading_time":"1","post_reading_time_wpm":"300","show_zoom_button":"1","zoom_button_out_step":"2","zoom_button_in_step":"3","show_post_tag":"1","show_prev_next_post":"1","show_popup_post":"1","number_popup_post":"1","show_author_box":"1","show_post_related":"1","show_inline_post_related":"0"}],"override_image_size":"0","image_override":[{"single_post_thumbnail_size":"crop-500","single_post_gallery_size":"crop-500"}],"trending_post":"0","trending_post_position":"meta","trending_post_label":"Trending","sponsored_post":"0","sponsored_post_label":"Sponsored by","sponsored_post_name":"","sponsored_post_url":"","sponsored_post_logo_enable":"0","sponsored_post_logo":"","sponsored_post_desc":"","disable_ad":"0"},"jnews_primary_category":{"id":"","hide":""},"jnews_social_meta":{"fb_title":"","fb_description":"","fb_image":"","twitter_title":"","twitter_description":"","twitter_image":""},"jnews_review":[],"enable_review":"0","type":"percentage","name":"","summary":"","brand":"","sku":"","good":[{"good_text":""}],"bad":[{"bad_text":""}],"score_override":"","override_value":"","rating":[{"rating_text":"","rating_number":"10"}],"price":[{"shop":"","price":"","link":"","icon":""}],"jnews_override_counter":{"override_view_counter":"0","view_counter_number":"0","override_share_counter":"0","share_counter_number":"0","override_like_counter":"0","like_counter_number":"0","override_dislike_counter":"0","dislike_counter_number":"0"},"jnews_post_split":{"enable_post_split":"0","post_split":[{"template":"1","tag":"h2","numbering":"asc","mode":"normal","first":"0","enable_toc":"0","toc_type":"normal"}]},"footnotes":""},"categories":[58],"tags":[1447,8314,44,2271,9618,45,9691,217],"class_list":["post-58722","post","type-post","status-publish","format-standard","has-post-thumbnail","hentry","category-argentina","tag-aerolineas-argentinas","tag-aeropuertos","tag-argentina","tag-avion-2","tag-medida-de-fuerza","tag-noticias","tag-pilotos","tag-rosario"],"amp_enabled":true,"_links":{"self":[{"href":"https:\/\/esreviral.com\/index.php?rest_route=\/wp\/v2\/posts\/58722"}],"collection":[{"href":"https:\/\/esreviral.com\/index.php?rest_route=\/wp\/v2\/posts"}],"about":[{"href":"https:\/\/esreviral.com\/index.php?rest_route=\/wp\/v2\/types\/post"}],"author":[{"embeddable":true,"href":"https:\/\/esreviral.com\/index.php?rest_route=\/wp\/v2\/users\/3"}],"replies":[{"embeddable":true,"href":"https:\/\/esreviral.com\/index.php?rest_route=%2Fwp%2Fv2%2Fcomments&post=58722"}],"version-history":[{"count":0,"href":"https:\/\/esreviral.com\/index.php?rest_route=\/wp\/v2\/posts\/58722\/revisions"}],"wp:featuredmedia":[{"embeddable":true,"href":"https:\/\/esreviral.com\/index.php?rest_route=\/wp\/v2\/media\/58723"}],"wp:attachment":[{"href":"https:\/\/esreviral.com\/index.php?rest_route=%2Fwp%2Fv2%2Fmedia&parent=58722"}],"wp:term":[{"taxonomy":"category","embeddable":true,"href":"https:\/\/esreviral.com\/index.php?rest_route=%2Fwp%2Fv2%2Fcategories&post=58722"},{"taxonomy":"post_tag","embeddable":true,"href":"https:\/\/esreviral.com\/index.php?rest_route=%2Fwp%2Fv2%2Ftags&post=58722"}],"curies":[{"name":"wp","href":"https:\/\/api.w.org\/{rel}","templated":true}]}}