{"id":5854,"date":"2021-04-19T14:54:44","date_gmt":"2021-04-19T17:54:44","guid":{"rendered":"http:\/\/esreviral.com\/?p=5854"},"modified":"2021-04-19T14:54:44","modified_gmt":"2021-04-19T17:54:44","slug":"personal-de-la-salud-en-argentina-recibiran-6-600","status":"publish","type":"post","link":"https:\/\/esreviral.com\/?p=5854","title":{"rendered":"Personal de la salud en Argentina recibir\u00e1 un bono de 6.500 $"},"content":{"rendered":"\n<p>El presidente Alberto Fern\u00e1ndez agradeci\u00f3 hoy p\u00fablicamente al personal de salud \u201cel enorme esfuerzo que han hecho y que hacen\u201d en el marco de la segunda ola de Covid-19 que afecta al pa\u00eds y anticip\u00f3 que como reconocimiento \u201cen los pr\u00f3ximos tres meses vamos a sumarle a sus ingresos la suma de 6.500 pesos mensuales\u201d.<\/p>\n\n\n\n<p><br>Lo dijo al anunciar, en un acto en el Museo del Bicentenario de la Casa Rosada, una inversi\u00f3n de 10.155 millones de pesos para ampliar la Red de Emergencia Sanitaria Federal con 134 nuevas obras, que con las 128 anteriores suman un total de 262, e intervenciones que permitir\u00e1n incorporar 1.415 camas.<\/p>\n\n\n\n<p><br>Sobre el bono a los trabajadores sanitarios, el Jefe de Estado detall\u00f3 que los ayudar\u00e1 \u201ca sobrellevar un mayor esfuerzo, sin ninguna duda. Hemos incluido a 100 mil trabajadores m\u00e1s de aquellos que lo cobraban en octubre de\u00a0 2020 con lo cual se aumenta un 15 por ciento la cantidad de personas que van a recibirlo y sumar\u00e1n en total 740 mil personas del sistema de salud\u201d.<\/p>\n\n\n\n<p><br>Adem\u00e1s, se\u00f1al\u00f3 que \u201cmi \u00fanica preocupaci\u00f3n es cuidar la salud de los argentinos, es lo \u00fanico que me preocupa y que me impulsa en las decisiones que tomo, que no son decisiones de pol\u00edtica econ\u00f3mica, ni comercial, ni educativa; son decisiones de pol\u00edtica sanitaria avaladas por los datos que la autoridad d\u00eda a d\u00eda me hace llegar y escuchando a los cient\u00edficos, no escuchando a los pol\u00edticos ni siquiera leyendo encuestas\u201d.<br>M\u00e1s adelante, el mandatario puntualiz\u00f3 que \u201ca la hora de educar a nuestra gente, es importante que los maestros est\u00e9n vacunados. Tres de las provincias que hoy estuvieron presentes en este encuentro, Santa Fe, San Juan y Buenos Aires, encabezan la lista de haber vacunado a m\u00e1s personal de la educaci\u00f3n. La Ciudad de Buenos Aires es la ante\u00faltima y s\u00f3lo vacun\u00f3 al 14 por ciento del personal de educaci\u00f3n. Cuando nos preocupamos por educar a nuestros chicos, tenemos que preservar la salud de los educadores\u201d.<br><\/p>\n\n\n\n<p>Fern\u00e1ndez se\u00f1al\u00f3 que \u201ctambi\u00e9n vamos a seguir trabajando en conseguir las vacunas que muchos utilizan de forma singular pero nosotros somos los \u00fanicos que vamos por el mundo buscando para los argentinos y consiguiendo para los argentinos. Ahora se ha puesto de moda decir que el problema es que no hay vacunas, en el mundo no hay vacunas. Pero tambi\u00e9n tengo la \u00edntima tranquilidad de saber que somos uno de los pocos pa\u00edses que las sigue recibiendo y sigue vacunando a sus ciudadanos\u201d.<\/p>\n\n\n\n<blockquote class=\"wp-block-quote td_quote_box td_box_center is-layout-flow wp-block-quote-is-layout-flow\"><p><br>Seguidamente, detall\u00f3 que ayer llegaron 864 mil dosis del sistema Covax, vacunas de AstraZeneca y que esta noche llegar\u00e1n 800 mil dosis desde Rusia de la Sputnik V.\u00a0<\/p><\/blockquote>\n\n\n\n<p><br>Destac\u00f3 que con esas \u201chabremos recibido casi 9 millones de dosis en la Argentina \u00bfEran las que dese\u00e1bamos? No. Son muchos menos de lo que dese\u00e1bamos. Son mucho m\u00e1s de lo que se puede conseguir en el mundo. Son muchos menos porque los contratos no pudieron cumplirse como esper\u00e1bamos pero vamos a seguir buscando vacunas y en la segunda quincena van a llegar m\u00e1s y vamos a mantener el ritmo de vacunaci\u00f3n que tenemos porque esa es nuestra mayor preocupaci\u00f3n\u201d.<\/p>\n\n\n\n<p><br>El mandatario estuvo acompa\u00f1ado por el ministro de Obras P\u00fablicas, Gabriel Katopodis, y la ministra de Salud, Carla Vizzotti. Tambi\u00e9n estuvieron presentes el Jefe de Gabinete, Santiago Cafiero, el ministro de Interior, Eduardo de Pedro y el secretario general de la Presidencia, Julio Vitobello.<\/p>\n\n\n\n<p><br>Vizzotti alert\u00f3 que \u201cestamos en un momento de alto riesgo colectivo, de transmisi\u00f3n comunitaria intensa en todo el pa\u00eds y, especialmente en el AMBA, necesitamos fortalecer las medidas de cuidado. Son intensas, focalizadas y transitorias, pero son fundamentales para que nuestro sistema de salud pueda seguir dando respuesta y podamos tener la menor cantidad de infecciones y de fallecidos\u201d.<\/p>\n\n\n\n<figure class=\"wp-block-image size-large\"><img decoding=\"async\" src=\"http:\/\/esreviral.com\/wp-content\/uploads\/2021\/04\/MEC7910-1024x581.jpg\" alt=\"\" class=\"wp-image-5855\"\/><\/figure>\n\n\n\n<p><br>La ministra agreg\u00f3 que \u201cel personal de salud est\u00e1 exhausto, la pandemia no desapareci\u00f3 durante todo el verano, sumaron la vacunaci\u00f3n, sumaron la atenci\u00f3n primaria y las patolog\u00edas desatendidas. Tenemos que saber que tenemos que seguir trabajando en ese sentido, no es lo mismo porque estamos con la campa\u00f1a de vacunaci\u00f3n en marcha, esperamos que disminuyan la mortalidad y las internaciones, pero mientras tanto tiene que poder seguir dando respuesta este sistema de salud\u201d.<\/p>\n\n\n\n<p><br>Por su parte, Katopodis dijo que \u201cestamos poniendo en valor el conjunto de obras que el Gobierno nacional desarroll\u00f3 en esta segunda etapa, en esta segunda ola. No se fren\u00f3 nunca la inversi\u00f3n en el sistema sanitario. Todos los d\u00edas, desde aquella primera etapa, construimos salud p\u00fablica y ahora 262 obras se ejecutaron o se est\u00e1n ejecutando para pasar de 3.000 camas que logramos consolidar, a las actuales 4.500\u201d, a la vez que anticip\u00f3 que \u201ciniciamos una tercera etapa con m\u00e1s de 100 obras que nos van a permitir sumar 1.700 camas en el mediano plazo\u201d.\u00a0<\/p>\n\n\n\n<figure class=\"wp-block-image size-large\"><img decoding=\"async\" src=\"http:\/\/esreviral.com\/wp-content\/uploads\/2021\/04\/AP2I4763-1024x655.jpg\" alt=\"\" class=\"wp-image-5856\"\/><\/figure>\n","protected":false},"excerpt":{"rendered":"<p>El presidente Alberto Fern\u00e1ndez agradeci\u00f3 hoy p\u00fablicamente al personal de salud \u201cel enorme esfuerzo que han hecho y que hacen\u201d en el marco de la segunda ola de Covid-19 que afecta al pa\u00eds y anticip\u00f3 que como reconocimiento \u201cen los pr\u00f3ximos tres meses vamos a sumarle a sus ingresos la suma de 6.500 pesos mensuales\u201d. [&hellip;]<\/p>\n","protected":false},"author":2,"featured_media":5857,"comment_status":"open","ping_status":"open","sticky":false,"template":"","format":"standard","meta":{"jnews-multi-image_gallery":[],"jnews_single_post":[],"jnews_primary_category":[],"jnews_social_meta":[],"jnews_review":[],"enable_review":"","type":"","name":"","summary":"","brand":"","sku":"","good":[],"bad":[],"score_override":"","override_value":"","rating":[],"price":[],"jnews_override_counter":[],"jnews_post_split":[],"footnotes":""},"categories":[43,58,84],"tags":[],"class_list":["post-5854","post","type-post","status-publish","format-standard","has-post-thumbnail","hentry","category-actualidad","category-argentina","category-salud"],"_links":{"self":[{"href":"https:\/\/esreviral.com\/index.php?rest_route=\/wp\/v2\/posts\/5854","targetHints":{"allow":["GET"]}}],"collection":[{"href":"https:\/\/esreviral.com\/index.php?rest_route=\/wp\/v2\/posts"}],"about":[{"href":"https:\/\/esreviral.com\/index.php?rest_route=\/wp\/v2\/types\/post"}],"author":[{"embeddable":true,"href":"https:\/\/esreviral.com\/index.php?rest_route=\/wp\/v2\/users\/2"}],"replies":[{"embeddable":true,"href":"https:\/\/esreviral.com\/index.php?rest_route=%2Fwp%2Fv2%2Fcomments&post=5854"}],"version-history":[{"count":0,"href":"https:\/\/esreviral.com\/index.php?rest_route=\/wp\/v2\/posts\/5854\/revisions"}],"wp:featuredmedia":[{"embeddable":true,"href":"https:\/\/esreviral.com\/index.php?rest_route=\/"}],"wp:attachment":[{"href":"https:\/\/esreviral.com\/index.php?rest_route=%2Fwp%2Fv2%2Fmedia&parent=5854"}],"wp:term":[{"taxonomy":"category","embeddable":true,"href":"https:\/\/esreviral.com\/index.php?rest_route=%2Fwp%2Fv2%2Fcategories&post=5854"},{"taxonomy":"post_tag","embeddable":true,"href":"https:\/\/esreviral.com\/index.php?rest_route=%2Fwp%2Fv2%2Ftags&post=5854"}],"curies":[{"name":"wp","href":"https:\/\/api.w.org\/{rel}","templated":true}]}}