{"id":58474,"date":"2024-08-06T09:48:20","date_gmt":"2024-08-06T14:48:20","guid":{"rendered":"https:\/\/esreviral.com\/?p=58474"},"modified":"2024-08-06T09:48:21","modified_gmt":"2024-08-06T14:48:21","slug":"oficial-el-boleto-de-autobus-aumenta-37-desde-la-proxima-semana","status":"publish","type":"post","link":"https:\/\/esreviral.com\/?p=58474","title":{"rendered":"Oficial: el boleto de autob\u00fas aumenta 37% desde la pr\u00f3xima semana"},"content":{"rendered":"\n<p>El gobierno nacional oficializ\u00f3 el aumento en el\u00a0<strong>precio\u00a0<\/strong>de los\u00a0<strong>boletos de Autob\u00fas<\/strong>\u00a0que pagan los pasajeros del\u00a0<strong>\u00c1rea Metropolitana de Buenos Aires (AMBA)<\/strong>. Estos nuevos valores estar\u00e1n vigentes a partir del pr\u00f3ximo 12 de agosto. Para las personas que tienen su tarjeta\u00a0<strong>SUBE\u00a0<\/strong>registrada, el boleto m\u00ednimo para el tramo m\u00e1s corto (0 a 3 kil\u00f3metros) subir\u00e1 $100 y pasar\u00e1 a costar cerca de $370.<\/p>\n\n\n\n<p>Los nuevos valores son el resultado de una reuni\u00f3n en la que participaron los representantes de las empresas de Autob\u00fases con las autoridades de Transporte la semana pasada. Durante el encuentro, los funcionarios informaron que este ser\u00e1 el inicio de un proceso gradual de ajuste, es decir, que<strong>\u00a0los incrementos en el pasaje ser\u00e1n m\u00e1s frecuentes<\/strong>. De todos modos, el Ministerio de Econom\u00eda analizar\u00e1 mes a mes la evoluci\u00f3n de la inflaci\u00f3n, el gasto p\u00fablico y los salarios para determinar el sendero de actualizaci\u00f3n.<\/p>\n\n\n\n<p>El \u00faltimo aumento en el boleto de Autob\u00fases del AMBA hab\u00eda sido en febrero y, por la f\u00f3rmula que autoriza al Gobierno a aplicar incrementos en base a la variaci\u00f3n del \u00cdndice de Precios al Consumidor, hab\u00eda una suba pisada de casi 80% que pod\u00eda aplicarse sin necesidad de audiencia p\u00fablica. Esta vez decidieron avanzar en una suba del 37% para recomponer parte del atraso que se gener\u00f3 en la tarifa durante los \u00faltimos meses.<\/p>\n\n\n\n<p>Los nuevos valores se hicieron efectivos mediante la resoluci\u00f3n 25\/2024.<\/p>\n\n\n\n<p><strong><mark style=\"background-color:rgba(0, 0, 0, 0)\" class=\"has-inline-color has-vivid-red-color\">Nuevo precio de los boletos de colectivos en AMBA<\/mark><\/strong><\/p>\n\n\n\n<p><em>&#8211; Con SUBE registrada:<\/em><\/p>\n\n\n\n<ul class=\"wp-block-list\">\n<li>Tramo 0-3 kil\u00f3metros: pasa de $270 a\u00a0<strong>$371,13<\/strong><\/li>\n\n\n\n<li>Tramo 3-6 kil\u00f3metros: de $300,78 a\u00a0<strong>$413,44<\/strong><\/li>\n\n\n\n<li>Tramo 6-12 kil\u00f3metros: de $323,95 a\u00a0<strong>$445,29<\/strong><\/li>\n\n\n\n<li>Tramo 12-27 kil\u00f3metros: de $347,15 a\u00a0<strong>$477,17<\/strong><\/li>\n\n\n\n<li>M\u00e1s de 27 kil\u00f3metros: de $370,18 a\u00a0<strong>$508,83<\/strong><\/li>\n<\/ul>\n\n\n\n<p><em>&#8211; Sin SUBE registrada:<\/em><\/p>\n\n\n\n<ul class=\"wp-block-list\">\n<li>Tramo 0-3 kil\u00f3metros: pasa de $429,30 a\u00a0<strong>$590,10<\/strong><\/li>\n\n\n\n<li>Tramo 3-6 kil\u00f3metros: de $478,24 a\u00a0<strong>$657,37<\/strong><\/li>\n\n\n\n<li>Tramo 6-12 kil\u00f3metros: de $515,08 a\u00a0<strong>$708,01<\/strong><\/li>\n\n\n\n<li>Tramo 12-27 kil\u00f3metros: de $551,97 a\u00a0<strong>$758,70<\/strong><\/li>\n\n\n\n<li>M\u00e1s de 27 kil\u00f3metros: de $588,59 a\u00a0<strong>$809,04<\/strong><\/li>\n<\/ul>\n\n\n\n<p class=\"has-text-align-center\"><strong><a href=\"https:\/\/t.me\/esreviral\">\u00daNETE A NUESTRO CANAL DE TELEGRAM PARA ESTAR INFORMADO<\/a><\/strong><\/p>\n\n\n\n<p><strong><mark style=\"background-color:rgba(0, 0, 0, 0)\" class=\"has-inline-color has-vivid-red-color\">Tarifa social en colectivos<\/mark><\/strong><\/p>\n\n\n\n<p>Fuentes oficiales anticiparon que el gobierno nacional continuar\u00e1 haci\u00e9ndose cargo del 100% de la tarifa social, el subsidio que est\u00e1 dirigido directamente a los sectores m\u00e1s vulnerables y que permite un descuento del 55% en el valor del transporte p\u00fablico.<\/p>\n\n\n\n<p class=\"has-text-align-center\"><img fetchpriority=\"high\" decoding=\"async\" height=\"450\" width=\"600\" srcset=\"https:\/\/www.infobae.com\/new-resizer\/g5h3zukmLrWZ3HuAgUrq7FMYV48=\/420x315\/filters:format(webp):quality(85)\/arc-anglerfish-arc2-prod-infobae.s3.amazonaws.com\/public\/ZKSVUWCLBJG33F3H2YRHVFPL5Q 420w,https:\/\/www.infobae.com\/new-resizer\/icgO4iC05WuIrqaLJN8mFcvelew=\/768x576\/filters:format(webp):quality(85)\/arc-anglerfish-arc2-prod-infobae.s3.amazonaws.com\/public\/ZKSVUWCLBJG33F3H2YRHVFPL5Q 768w,https:\/\/www.infobae.com\/new-resizer\/RsjHA-vIqf3D95EhdwPmEP_xGfg=\/992x744\/filters:format(webp):quality(85)\/arc-anglerfish-arc2-prod-infobae.s3.amazonaws.com\/public\/ZKSVUWCLBJG33F3H2YRHVFPL5Q 992w,https:\/\/www.infobae.com\/new-resizer\/RsWe_bLzgVuHmtzQwFWihkbUwUM=\/1200x900\/filters:format(webp):quality(85)\/arc-anglerfish-arc2-prod-infobae.s3.amazonaws.com\/public\/ZKSVUWCLBJG33F3H2YRHVFPL5Q 1200w,https:\/\/www.infobae.com\/new-resizer\/enlzkzSEePigYpTchfnOPerknzg=\/1440x1080\/filters:format(webp):quality(85)\/arc-anglerfish-arc2-prod-infobae.s3.amazonaws.com\/public\/ZKSVUWCLBJG33F3H2YRHVFPL5Q 1440w\" class=\"\" src=\"https:\/\/www.infobae.com\/new-resizer\/g5h3zukmLrWZ3HuAgUrq7FMYV48=\/420x315\/filters:format(webp):quality(85)\/arc-anglerfish-arc2-prod-infobae.s3.amazonaws.com\/public\/ZKSVUWCLBJG33F3H2YRHVFPL5Q%20420w\" alt=\"El cambio impacta en las l\u00edneas de jurisdicci\u00f3n nacional, las que est\u00e1n numeradas del 1 al 200\"><\/p>\n\n\n\n<p>\u201cCon la visi\u00f3n de subsidiar la demanda y no la oferta, el subsidio a trav\u00e9s de la Tarifa Social y por medio de la tarjeta&nbsp;<strong>SUBE&nbsp;<\/strong>nominalizada, logra ayudar a los usuarios beneficiarios m\u00e1s vulnerables en relaci\u00f3n a la accesibilidad al transporte p\u00fablico\u201d, precis\u00f3 el vocero presidencial&nbsp;<strong>Manuel Adorni&nbsp;<\/strong>a trav\u00e9s de un comunicado.<\/p>\n\n\n\n<p>Tambi\u00e9n continuar\u00e1 vigente el beneficio de RED SUBE para los Autob\u00fases de jurisdicci\u00f3n nacional en el AMBA, que contempla un descuento en el valor de la tarifa al utilizar m\u00e1s de un transporte p\u00fablico en el lapso de dos horas.<\/p>\n\n\n\n<p><strong><mark style=\"background-color:rgba(0, 0, 0, 0)\" class=\"has-inline-color has-vivid-red-color\">A qu\u00e9 l\u00edneas de colectivo afecta<\/mark><\/strong><\/p>\n\n\n\n<p>La modificaci\u00f3n tarifaria que public\u00f3 el Gobierno rige para las\u00a0<strong>l\u00edneas de jurisdicci\u00f3n nacional<\/strong>, que son 134 en total. La numeraci\u00f3n de las l\u00edneas involucradas va del 1 a al 200. La Naci\u00f3n administra las l\u00edneas de Autob\u00fases que cruzan jurisdicciones y las de la Ciudad Aut\u00f3noma de Buenos Aires.<\/p>\n\n\n\n<p>En lo que respecta a las l\u00edneas de Autob\u00fas municipales y provinciales cada jurisdicci\u00f3n determina su tarifa y recorrido. Naci\u00f3n las asiste con tarifa social: por ejemplo en una localidad adheridas a la red SUBE, si el boleto vale $1.000 Naci\u00f3n cubre 550 pesos. En total son 60 las jurisdicciones con sistema SUBE.<\/p>\n\n\n\n<p>Por eso es que<strong>&nbsp;la intenci\u00f3n oficial es seguir sumando jurisdicciones adheridas al sistema SUBE<\/strong>. Por ejemplo, a C\u00f3rdoba donde se est\u00e1 trabajando para que antes de fin de a\u00f1o est\u00e9 disponible de manera tal que la Naci\u00f3n pueda subsidiar la demanda, al pasajero, por esa v\u00eda.<\/p>\n\n\n\n<p>En esa l\u00ednea, el Gobierno nacional puso fin al monopolio de la SUBE en el transporte p\u00fablico al habilitar el pago de la tarifa con medios de pago sin contacto.<\/p>\n\n\n\n<iframe src=\"https:\/\/drive.google.com\/file\/d\/1kbjkfm2gYhRgZ3FYPzYM1bIK41Iu6b5d\/preview\" width=\"640\" height=\"480\" allow=\"autoplay\"><\/iframe>\n\n\n\n<p class=\"has-text-align-center\"><strong><a href=\"https:\/\/whatsapp.com\/channel\/0029VaAz7PmBKfhwZ5V3Gk2t\">\u00daNETE A NUESTRO CANAL DE WHATSAPP PARA ESTAR INFORMADO<\/a><\/strong><\/p>\n\n\n\n<p class=\"has-text-align-right\"><strong><em>Infobae.-<\/em><\/strong><\/p>\n","protected":false},"excerpt":{"rendered":"<p>Los nuevos valores comenzar\u00e1n a regir el 12 de agosto y, para quienes no tengan la tarjeta SUBE registrada, el m\u00ednimo se acercar\u00e1 a los $600<\/p>\n","protected":false},"author":3,"featured_media":58475,"comment_status":"closed","ping_status":"closed","sticky":false,"template":"","format":"standard","meta":{"jnews-multi-image_gallery":[],"jnews_single_post":{"subtitle":"","format":"standard","video":"","gallery":"","source_name":"","source_url":"","via_name":"","via_url":"","override_template":"0","override":[{"template":"4","single_blog_custom":"","parallax":"1","fullscreen":"1","layout":"right-sidebar","sidebar":"new-widget-area","second_sidebar":"default-sidebar","sticky_sidebar":"1","share_position":"top","share_float_style":"share-monocrhome","show_share_counter":"1","show_view_counter":"1","show_featured":"1","show_post_meta":"1","show_post_author":"1","show_post_author_image":"1","show_post_date":"1","post_date_format":"default","post_date_format_custom":"Y\/m\/d","show_post_category":"1","show_post_reading_time":"1","post_reading_time_wpm":"300","show_zoom_button":"1","zoom_button_out_step":"2","zoom_button_in_step":"3","show_post_tag":"1","show_prev_next_post":"1","show_popup_post":"1","number_popup_post":"1","show_author_box":"1","show_post_related":"1","show_inline_post_related":"0"}],"override_image_size":"0","image_override":[{"single_post_thumbnail_size":"crop-500","single_post_gallery_size":"crop-500"}],"trending_post":"0","trending_post_position":"meta","trending_post_label":"Trending","sponsored_post":"0","sponsored_post_label":"Sponsored by","sponsored_post_name":"","sponsored_post_url":"","sponsored_post_logo_enable":"0","sponsored_post_logo":"","sponsored_post_desc":"","disable_ad":"0"},"jnews_primary_category":{"id":"","hide":""},"jnews_social_meta":{"fb_title":"","fb_description":"","fb_image":"","twitter_title":"","twitter_description":"","twitter_image":""},"jnews_review":[],"enable_review":"0","type":"percentage","name":"","summary":"","brand":"","sku":"","good":[{"good_text":""}],"bad":[{"bad_text":""}],"score_override":"","override_value":"","rating":[{"rating_text":"","rating_number":"10"}],"price":[{"shop":"","price":"","link":"","icon":""}],"jnews_override_counter":{"override_view_counter":"0","view_counter_number":"0","override_share_counter":"0","share_counter_number":"0","override_like_counter":"0","like_counter_number":"0","override_dislike_counter":"0","dislike_counter_number":"0"},"jnews_post_split":{"enable_post_split":"0","post_split":[{"template":"1","tag":"h2","numbering":"asc","mode":"normal","first":"0","enable_toc":"0","toc_type":"normal"}]},"footnotes":""},"categories":[58,61],"tags":[204,44,5991,2143,45,17244],"class_list":["post-58474","post","type-post","status-publish","format-standard","has-post-thumbnail","hentry","category-argentina","category-economia","tag-amba","tag-argentina","tag-boleto","tag-colectivos","tag-noticias","tag-tarjeta-sube-2"],"amp_enabled":true,"_links":{"self":[{"href":"https:\/\/esreviral.com\/index.php?rest_route=\/wp\/v2\/posts\/58474"}],"collection":[{"href":"https:\/\/esreviral.com\/index.php?rest_route=\/wp\/v2\/posts"}],"about":[{"href":"https:\/\/esreviral.com\/index.php?rest_route=\/wp\/v2\/types\/post"}],"author":[{"embeddable":true,"href":"https:\/\/esreviral.com\/index.php?rest_route=\/wp\/v2\/users\/3"}],"replies":[{"embeddable":true,"href":"https:\/\/esreviral.com\/index.php?rest_route=%2Fwp%2Fv2%2Fcomments&post=58474"}],"version-history":[{"count":0,"href":"https:\/\/esreviral.com\/index.php?rest_route=\/wp\/v2\/posts\/58474\/revisions"}],"wp:featuredmedia":[{"embeddable":true,"href":"https:\/\/esreviral.com\/index.php?rest_route=\/wp\/v2\/media\/58475"}],"wp:attachment":[{"href":"https:\/\/esreviral.com\/index.php?rest_route=%2Fwp%2Fv2%2Fmedia&parent=58474"}],"wp:term":[{"taxonomy":"category","embeddable":true,"href":"https:\/\/esreviral.com\/index.php?rest_route=%2Fwp%2Fv2%2Fcategories&post=58474"},{"taxonomy":"post_tag","embeddable":true,"href":"https:\/\/esreviral.com\/index.php?rest_route=%2Fwp%2Fv2%2Ftags&post=58474"}],"curies":[{"name":"wp","href":"https:\/\/api.w.org\/{rel}","templated":true}]}}