{"id":58471,"date":"2024-08-06T09:20:07","date_gmt":"2024-08-06T14:20:07","guid":{"rendered":"https:\/\/esreviral.com\/?p=58471"},"modified":"2024-08-06T09:20:08","modified_gmt":"2024-08-06T14:20:08","slug":"kamala-harris-confirmo-a-su-companero-de-formula-para-enfrentar-a-donald-trump","status":"publish","type":"post","link":"https:\/\/esreviral.com\/?p=58471","title":{"rendered":"Kamala Harris confirm\u00f3 a su compa\u00f1ero de f\u00f3rmula para enfrentar a Donald Trump"},"content":{"rendered":"\n<p>La vicepresidenta<strong>\u00a0Kamala Harris\u00a0<\/strong>fue nominada oficialmente ayer<strong>\u00a0como candidata presidencial del Partido Dem\u00f3crata,<\/strong>\u00a0convirti\u00e9ndose en la primera mujer afroamericana en ser postulada a la presidencia por uno de los dos principales partidos y su compa\u00f1ero de f\u00f3rmula ser\u00e1\u00a0<strong>el actual gobernador de Minnesota,<\/strong>\u00a0<strong>Tim Walz.<\/strong><\/p>\n\n\n\n<p>De 60 a\u00f1os, Walz es gobernador de un estado s\u00f3lidamente dem\u00f3crata, pero ha demostrado&nbsp;<strong>su atractivo entre los votantes rurales blancos<\/strong>, que en los \u00faltimos a\u00f1os han votado mayoritariamente a Donald Trump.<\/p>\n\n\n\n<p>M\u00e1s de cuatro a\u00f1os despu\u00e9s de que fracasara su primer intento de llegar a la presidencia,<strong>\u00a0la coronaci\u00f3n de Harris como abanderada de su partido y\u00a0<\/strong>la elecci\u00f3n de un compa\u00f1ero de f\u00f3rmula s\u00f3lido<strong>, pone fin a un periodo tumultuoso y fren\u00e9tico para los dem\u00f3cratas<\/strong>, provocado por\u00a0la desastrosa actuaci\u00f3n de\u00a0<strong>Joe Biden<\/strong>\u00a0en el debate presidencial de junio, que acab\u00f3 con la confianza de sus propios partidarios en sus posibilidades de reelecci\u00f3n y desat\u00f3 una extraordinaria lucha dentro del partido sobre si deb\u00eda seguir en la contienda.<\/p>\n\n\n<div class=\"wp-block-image\">\n<figure class=\"aligncenter size-large\"><img decoding=\"async\" src=\"https:\/\/resizer.glanacion.com\/resizer\/v2\/tim-walz-fue-elegido-por-kamala-harris-como-su-Q26UXYPBT5AZJBN3DGDOSSIBFQ.jpg?auth=b21815406c52fc2ecdb2be986ecf98d80e5aa628de82c85d715d1cc0f8e9beb3&amp;width=780&amp;height=520&amp;quality=70&amp;smart=true\" alt=\"\"\/><\/figure><\/div>\n\n\n<p>Las reacciones de los republicanos no tardaron en aparecer.<strong>&nbsp;<\/strong>El gobernador de Florida,&nbsp;<strong>Ron DeSantis<\/strong>, calific\u00f3 la elecci\u00f3n como la \u201ccandidatura m\u00e1s izquierdista de la historia de Estados Unidos.\u201d<\/p>\n\n\n\n<p>DeSantis tambi\u00e9n critic\u00f3 la gesti\u00f3n de Walz de las protestas de 2020 en Minnesota,<strong>&nbsp;acus\u00e1ndole de no hacer lo suficiente para proteger el estado durante los disturbios que siguieron al asesinato de George Floyd.&nbsp;<\/strong>Dijo que \u201cWalz se sent\u00f3 y dej\u00f3 que Minneapolis ardiera\u201d.<\/p>\n\n\n\n<p class=\"has-text-align-center\"><strong><a href=\"https:\/\/whatsapp.com\/channel\/0029VaAz7PmBKfhwZ5V3Gk2t\">\u00daNETE A NUESTRO CANAL DE WHATSAPP PARA ESTAR INFORMADO<\/a><\/strong><\/p>\n\n\n\n<blockquote class=\"twitter-tweet\"><p lang=\"en\" dir=\"ltr\">Harris-Walz: most left-wing ticket in American history. <br><br>Minnesota was ground zero for the BLM riots of 2020. Harris egged it on and Walz sat by and let Minneapolis burn.<\/p>&mdash; Ron DeSantis (@RonDeSantis) <a href=\"https:\/\/twitter.com\/RonDeSantis\/status\/1820807860135055669?ref_src=twsrc%5Etfw\">August 6, 2024<\/a><\/blockquote> <script async src=\"https:\/\/platform.twitter.com\/widgets.js\" charset=\"utf-8\"><\/script>\n\n\n\n\n<p>Por su parte, Make America Great Again Inc<strong>, el principal super PAC pro-Trump<\/strong>, ya ha etiquetado a Walz como un<strong>&nbsp;\u201cliberal incompetente\u201d&nbsp;<\/strong>en una explosi\u00f3n de correo electr\u00f3nico, destacando su posici\u00f3n sobre los derechos de los transexuales y su respuesta a las protestas de George Floyd en 2020.<\/p>\n\n\n\n<p>En otra l\u00ednea<strong>, Abu Amara<\/strong>, estratega dem\u00f3crata de Minnesota, dice que&nbsp;<strong>Walz ser\u00e1 un buen sustituto de Harris en el Medio Oeste<\/strong>, porque represent\u00f3 a un distrito rural de la C\u00e1mara de Representantes, pero gan\u00f3 en un estado con grandes \u00e1reas metropolitanas y suburbanas.<\/p>\n\n\n\n<p>\u201cNo intenta hablar en poes\u00eda.&nbsp;<strong>Habla en t\u00e9rminos pr\u00e1cticos<\/strong>\u201d, dijo Amara. \u201c<strong>Ese es un nivel de accesibilidad para muchos votantes<\/strong>. Tiene la capacidad de conectar con los votantes rurales, suburbanos y urbanos\u201d, a\u00f1adi\u00f3.<\/p>\n\n\n\n<p>El nombramiento de Walz sorprende en la medida en que en los \u00faltimos d\u00edas la figura que hab\u00eda cobrado m\u00e1s relevancia era la de el gobernador de Pensilvania,&nbsp;<strong>Josh Shapiro,&nbsp;<\/strong>una estrella emergente en el partido con un alto&nbsp;<strong>\u00edndice de aprobaci\u00f3n en Pensilvania<\/strong>, cuyos 19 votos electorales lo convierten en un estado que Harris y Trump deben ganar.<\/p>\n\n\n<div class=\"wp-block-image\">\n<figure class=\"aligncenter size-large\"><img decoding=\"async\" src=\"https:\/\/resizer.glanacion.com\/resizer\/v2\/jb-pritzker-josh-shapiro-gretchen-whitmer-andy-RKWKQ2JFGNHJ7IONCYQ7Z32CHQ.JPG?auth=9eeffa23c81b18a0b278b4f60819827b5ec9d62ea145ae0c1a9b4976770f2c92&amp;width=780&amp;height=520&amp;quality=70&amp;smart=true\" alt=\"\"\/><\/figure><\/div>\n\n\n<p>Los republicanos no perdieron tiempo en tratar de sacar provecho de la decisi\u00f3n de<strong>&nbsp;Harris de pasar por alto a Josh Shapiro.<\/strong><\/p>\n\n\n\n<p>Shapiro ha abrazado su identidad jud\u00eda y ha sido uno de los defensores<strong>\u00a0m\u00e1s ac\u00e9rrimos de Israel en el Partido Dem\u00f3crata en un momento en el que el partido est\u00e1 dividido por la guerra en Gaza<\/strong>. \u201cEs hora de que la comunidad jud\u00eda reconozca que el poder en el Partido Dem\u00f3crata reside en su base progresista antiisrael\u00ed\u201d, escribi\u00f3\u00a0<strong>Ari Fleischer<\/strong>, ex secretario de prensa de la Casa Blanca del presidente George W. Bush, en\u00a0X.<\/p>\n\n\n\n<blockquote class=\"twitter-tweet\"><p lang=\"en\" dir=\"ltr\">The Left did it to Joe Lieberman. Now, they did it to Josh Shapiro. <br><br>The D party is not home for strong supporters of Israel. It\u2019s time for the Jewish community to recognize the power in the D party rests with its anti-Israel progressive base.<\/p>&mdash; Ari Fleischer (@AriFleischer) <a href=\"https:\/\/twitter.com\/AriFleischer\/status\/1820809667418661227?ref_src=twsrc%5Etfw\">August 6, 2024<\/a><\/blockquote> <script async src=\"https:\/\/platform.twitter.com\/widgets.js\" charset=\"utf-8\"><\/script>\n\n\n\n<p><strong><mark style=\"background-color:rgba(0, 0, 0, 0)\" class=\"has-inline-color has-vivid-red-color\">Un candidato de bajo perfil<\/mark><\/strong><\/p>\n\n\n\n<p>Antes de su mandato como gobernador, Walz sirvi\u00f3 en la C\u00e1mara de Representantes de Estados Unidos, representando al primer distrito congresional de<strong>&nbsp;Minnesota<\/strong>&nbsp;desde 2007 hasta 2019. Durante su tiempo en el Congreso, se destac\u00f3<strong>&nbsp;por su enfoque bipartidista y su capacidad para atraer a votantes rurales y moderados.<\/strong><\/p>\n\n\n\n<p>Adem\u00e1s, sus credenciales como veterano militar y propietario de armas podr\u00edan ayudar a Harris<strong>&nbsp;a atraer a los votantes blancos de clase trabajadora que se han alejado de los dem\u00f3cratas y ayudaron a impulsar el ascenso pol\u00edtico de Trump.<\/strong><\/p>\n\n\n<div class=\"wp-block-image\">\n<figure class=\"aligncenter size-large\"><img decoding=\"async\" src=\"https:\/\/resizer.glanacion.com\/resizer\/v2\/tim-walz-kamala-harris-elecciones-en-estados-4BZIC2KICRHUJGZHGPR2ZN4VYY.JPG?auth=b4d38be3e2a506d5144faf666778a83a7ad473fc8d73dd5aeb5ea8e6ab5199f5&amp;width=780&amp;height=520&amp;quality=70&amp;smart=true\" alt=\"\"\/><\/figure><\/div>\n\n\n<p>La selecci\u00f3n del candidato a vice&nbsp;<strong>culmina un proceso cada vez m\u00e1s intenso en los \u00faltimos d\u00edas, mientras el equipo de Harris reduc\u00eda las posibilidades&nbsp;<\/strong>y varias facciones del Partido Dem\u00f3crata presionaban por sus favoritos. El fin de semana, Harris entrevist\u00f3 a tres finalistas: Walz, el gobernador de Pensilvania&nbsp;<strong>Josh Shapiro<\/strong>&nbsp;y el senador de Arizona,&nbsp;<strong>Mark Kelly<\/strong>.<\/p>\n\n\n\n<p>Los estadounidenses suelen centrarse en la persona que encabeza la lista a la hora de elegir a qui\u00e9n votar, pero los candidatos a la vicepresidencia pueden ayudar o perjudicar a sus compa\u00f1eros de f\u00f3rmula en funci\u00f3n de sus antecedentes, la popularidad de su estado de origen y su capacidad para influir en importantes electorados o votantes independientes.<\/p>\n\n\n\n<p><strong>Walz es veterano de la Guardia Nacional del Ej\u00e9rcito&nbsp;<\/strong>y ha trabajado como maestro de secundaria y entrenador de f\u00fatbol americano, lo que, seg\u00fan analistas,&nbsp;<strong>ha generado una reputaci\u00f3n de \u201chombre del pueblo\u201d.<\/strong><\/p>\n\n\n\n<p>Harris, hija de inmigrantes jamaicanos e indios,&nbsp;<strong>suma as\u00ed a un popular pol\u00edtica del Medio Oeste<\/strong>, cuyo estado vota con fiabilidad a los dem\u00f3cratas en las elecciones presidenciales, pero est\u00e1 cerca de&nbsp;<strong>Wisconsin y Michigan<\/strong>, dos campos de batalla cruciales.<\/p>\n\n\n\n<p>Estos estados&nbsp;<strong>se consideran cruciales<\/strong>&nbsp;para decidir los comicios del 5 de noviembre, y Walz se considera h\u00e1bil para conectar con los votantes blancos y rurales que en los \u00faltimos a\u00f1os han votado de forma mayoritaria por el republicano Donald Trump, rival de Harris por la Casa Blanca.<\/p>\n\n\n\n<p><strong><mark style=\"background-color:rgba(0, 0, 0, 0)\" class=\"has-inline-color has-vivid-red-color\">Una carrera a contrarreloj<\/mark><\/strong><\/p>\n\n\n\n<p>Tras la abrupta retirada de Biden de la contienda, Harris y su equipo trabajaron r\u00e1pidamente para asegurar el apoyo de los 1976 delegados necesarios para la candidatura. Una encuesta realizada por&nbsp;<em>The Associated Press&nbsp;<\/em>mostr\u00f3 que&nbsp;<strong>Harris consigui\u00f3 los compromisos necesarios tan solo 32 horas despu\u00e9s del anuncio de Biden.<\/strong><\/p>\n\n\n\n<p>La nominaci\u00f3n de Harris se hizo oficial despu\u00e9s de cinco d\u00edas de votaciones virtuales por parte de los delegados de la Convenci\u00f3n Nacional Dem\u00f3crata, con un 99% de los delegados emitiendo sus boletas a favor de Harris. El partido certificar\u00e1 formalmente la votaci\u00f3n antes de un pase de lista de celebraci\u00f3n en la convenci\u00f3n en Chicago a finales de este mes.<\/p>\n\n\n\n<figure class=\"wp-block-image size-large\"><img decoding=\"async\" src=\"https:\/\/resizer.glanacion.com\/resizer\/v2\/archivo-la-vicepresidenta-kamala-harris-llega-a-P4LAS4U53RDIFAPKHTJTTCN26E.jpg?auth=404087c102e3815bbaf2883d5db1febc1a8435552cf4d4fcb9cf0eb647c96216&amp;width=780&amp;height=519&amp;quality=70&amp;smart=true\" alt=\"\"\/><\/figure>\n\n\n\n<p>Una encuesta de la AP y el Centro NORC&nbsp;<strong>encontr\u00f3 que el 46% de los estadounidenses tienen una opini\u00f3n favorable de Harris<\/strong>, aunque una porci\u00f3n casi id\u00e9ntica tiene una opini\u00f3n desfavorable. Sin embargo, m\u00e1s dem\u00f3cratas est\u00e1n satisfechos con su candidatura en comparaci\u00f3n con la de Biden, dinamizando al partido que antes estaba resignado a que Biden, de 81 a\u00f1os, fuera su candidato frente al expresidente Donald Trump.<\/p>\n\n\n\n<p>Harris ha dejado claro que no piensa desviarse mucho de los temas que enmarcaron la candidatura de Biden, como la democracia, la prevenci\u00f3n de la violencia armada y el derecho al aborto, aunque su discurso puede ser m\u00e1s firme al invocar su experiencia como fiscal.<\/p>\n\n\n\n<p class=\"has-text-align-center\"><strong><a href=\"https:\/\/t.me\/esreviral\">\u00daNETE A NUESTRO CANAL DE TELEGRAM PARA ESTAR INFORMADO<\/a><\/strong><\/p>\n\n\n\n<p class=\"has-text-align-right\"><strong><em>LN.-<\/em><\/strong><\/p>\n","protected":false},"excerpt":{"rendered":"<p>La elecci\u00f3n de un candidato de bajo perfil subraya la apuesta por un gobernador con experiencia y la capacidad de atraer a votantes rurales y moderados, en un esfuerzo por consolidar el apoyo dem\u00f3crata en estados clave<\/p>\n","protected":false},"author":3,"featured_media":58472,"comment_status":"closed","ping_status":"closed","sticky":false,"template":"","format":"standard","meta":{"jnews-multi-image_gallery":[],"jnews_single_post":{"subtitle":"","format":"standard","video":"","gallery":"","source_name":"","source_url":"","via_name":"","via_url":"","override_template":"0","override":[{"template":"4","single_blog_custom":"","parallax":"1","fullscreen":"1","layout":"right-sidebar","sidebar":"new-widget-area","second_sidebar":"default-sidebar","sticky_sidebar":"1","share_position":"top","share_float_style":"share-monocrhome","show_share_counter":"1","show_view_counter":"1","show_featured":"1","show_post_meta":"1","show_post_author":"1","show_post_author_image":"1","show_post_date":"1","post_date_format":"default","post_date_format_custom":"Y\/m\/d","show_post_category":"1","show_post_reading_time":"1","post_reading_time_wpm":"300","show_zoom_button":"1","zoom_button_out_step":"2","zoom_button_in_step":"3","show_post_tag":"1","show_prev_next_post":"1","show_popup_post":"1","number_popup_post":"1","show_author_box":"1","show_post_related":"1","show_inline_post_related":"0"}],"override_image_size":"0","image_override":[{"single_post_thumbnail_size":"crop-500","single_post_gallery_size":"crop-500"}],"trending_post":"0","trending_post_position":"meta","trending_post_label":"Trending","sponsored_post":"0","sponsored_post_label":"Sponsored by","sponsored_post_name":"","sponsored_post_url":"","sponsored_post_logo_enable":"0","sponsored_post_logo":"","sponsored_post_desc":"","disable_ad":"0"},"jnews_primary_category":{"id":"","hide":""},"jnews_social_meta":{"fb_title":"","fb_description":"","fb_image":"","twitter_title":"","twitter_description":"","twitter_image":""},"jnews_review":[],"enable_review":"0","type":"percentage","name":"","summary":"","brand":"","sku":"","good":[{"good_text":""}],"bad":[{"bad_text":""}],"score_override":"","override_value":"","rating":[{"rating_text":"","rating_number":"10"}],"price":[{"shop":"","price":"","link":"","icon":""}],"jnews_override_counter":{"override_view_counter":"0","view_counter_number":"0","override_share_counter":"0","share_counter_number":"0","override_like_counter":"0","like_counter_number":"0","override_dislike_counter":"0","dislike_counter_number":"0"},"jnews_post_split":{"enable_post_split":"0","post_split":[{"template":"1","tag":"h2","numbering":"asc","mode":"normal","first":"0","enable_toc":"0","toc_type":"normal"}]},"footnotes":""},"categories":[88],"tags":[2088,136,505,221,45,17242,17243],"class_list":["post-58471","post","type-post","status-publish","format-standard","has-post-thumbnail","hentry","category-internacionales","tag-donald-trump","tag-estados-unidos","tag-joe-biden","tag-kamala-harris","tag-noticias","tag-partido-democrata","tag-tim-walz"],"amp_enabled":true,"_links":{"self":[{"href":"https:\/\/esreviral.com\/index.php?rest_route=\/wp\/v2\/posts\/58471"}],"collection":[{"href":"https:\/\/esreviral.com\/index.php?rest_route=\/wp\/v2\/posts"}],"about":[{"href":"https:\/\/esreviral.com\/index.php?rest_route=\/wp\/v2\/types\/post"}],"author":[{"embeddable":true,"href":"https:\/\/esreviral.com\/index.php?rest_route=\/wp\/v2\/users\/3"}],"replies":[{"embeddable":true,"href":"https:\/\/esreviral.com\/index.php?rest_route=%2Fwp%2Fv2%2Fcomments&post=58471"}],"version-history":[{"count":0,"href":"https:\/\/esreviral.com\/index.php?rest_route=\/wp\/v2\/posts\/58471\/revisions"}],"wp:featuredmedia":[{"embeddable":true,"href":"https:\/\/esreviral.com\/index.php?rest_route=\/wp\/v2\/media\/58472"}],"wp:attachment":[{"href":"https:\/\/esreviral.com\/index.php?rest_route=%2Fwp%2Fv2%2Fmedia&parent=58471"}],"wp:term":[{"taxonomy":"category","embeddable":true,"href":"https:\/\/esreviral.com\/index.php?rest_route=%2Fwp%2Fv2%2Fcategories&post=58471"},{"taxonomy":"post_tag","embeddable":true,"href":"https:\/\/esreviral.com\/index.php?rest_route=%2Fwp%2Fv2%2Ftags&post=58471"}],"curies":[{"name":"wp","href":"https:\/\/api.w.org\/{rel}","templated":true}]}}