{"id":58368,"date":"2024-08-05T06:55:12","date_gmt":"2024-08-05T11:55:12","guid":{"rendered":"https:\/\/esreviral.com\/?p=58368"},"modified":"2024-08-05T07:04:48","modified_gmt":"2024-08-05T12:04:48","slug":"la-situacion-politica-de-venezuela-no-paso-desapercibida-en-la-gala-starlite","status":"publish","type":"post","link":"https:\/\/esreviral.com\/?p=58368","title":{"rendered":"La situaci\u00f3n pol\u00edtica de Venezuela no pas\u00f3 desapercibida en la gala Starlite"},"content":{"rendered":"\n<p>La alfombra roja de la decimoquinta gala ben\u00e9fica de Starlite se ha convertido este domingo en un canto a la libertad y aunque la velada estaba dedicada a M\u00e9xico,&nbsp;<strong>Venezuela se ha convertido en protagonista inesperada<\/strong>&nbsp;desde el momento en el que la modelo venezolana&nbsp;<strong>Ninoska V\u00e1squez<\/strong>&nbsp;ha desplegado la bandera de su pa\u00eds.<\/p>\n\n\n\n<p>La ganadora del certamen Miss Earth Venezuela 2017 ha llegado a Starlite del brazo del dise\u00f1ador norteamericano Michael Costello; y enfundada en un traje rojo de encaje corte sirena del modisto, que esta noche tambi\u00e9n ha vestido a la actriz espa\u00f1ola Paula Echevarr\u00eda, que ha acudido acompa\u00f1ada de su actual pareja, el exfutbolista Miguel Torres.<\/p>\n\n\n\n<figure class=\"wp-block-image\" id=\"attachment_1225967\"><img decoding=\"async\" src=\"https:\/\/cdn.bitlysdowssl-aws.com\/wp-content\/uploads\/2024\/08\/57540e0c3404478d1751bd3fa709ca9a5615ba08w.jpg\" alt=\"XV GALA STARLITE OCCIDENT\" class=\"wp-image-1225967\"\/><figcaption class=\"wp-element-caption\">La influencer y modelo Ninoska V\u00e1zquez en la alfombra roja en la XV Gala Starlite Occident<\/figcaption><\/figure>\n\n\n\n<p><strong><mark style=\"background-color:rgba(0, 0, 0, 0)\" class=\"has-inline-color has-vivid-red-color\">Venezuela tuvo protagonismo en la gala Starlite<\/mark><\/strong><\/p>\n\n\n\n<p>La peculiaridad del&nbsp;vestido de V\u00e1squez&nbsp;estaba en la cola, una enorme bandera de Venezuela con un gran SOS manuscrito en color negro.<strong>&nbsp;\u201cSoy modelo, vivo de la moda y esta es mi forma de protestar\u201d<\/strong>&nbsp;ante la compleja situaci\u00f3n del pa\u00eds, en el que siguen viviendo su familia y amigos, y al que le gustar\u00eda volver, ha dicho.<\/p>\n\n\n\n<p><strong>\u201cQuer\u00eda representar a mi pa\u00eds y ser una voz para todos los venezolanos\u201d<\/strong>, ha comentado ante las c\u00e1maras. Adem\u00e1s ha insistido en que no se trata de un tema pol\u00edtico; sino de derechos humanos, ha subrayado a la vez que ha hecho un llamamiento a la comunidad internacional.<\/p>\n\n\n\n<figure class=\"wp-block-image\" id=\"attachment_1225949\"><img decoding=\"async\" src=\"https:\/\/cdn.bitlysdowssl-aws.com\/wp-content\/uploads\/2024\/08\/454307837_18449165896059949_7940902960544324360_n.jpg\" alt=\"vestido Ninoska Vasqu\u00e9z\" class=\"wp-image-1225949\"\/><\/figure>\n\n\n\n<p><strong><mark style=\"background-color:rgba(0, 0, 0, 0)\" class=\"has-inline-color has-vivid-red-color\">\u00bfQu\u00e9 artistas se han pronunciado sobre Venezuela?<\/mark><\/strong><\/p>\n\n\n\n<p>Tambi\u00e9n se ha pronunciado al respecto&nbsp;<strong>Antonio Banderas<\/strong>, para quien \u201ces muy dif\u00edcil luchar contra esto\u201d. El actor se ha mostrado preocupado porque todo lo que se pueda \u201cdecir o hacer en un momento determinado<strong>&nbsp;puede conducir al pa\u00eds a una guerra civil\u201d<\/strong>.<\/p>\n\n\n\n<p>Muy preocupado se ha mostrado tambi\u00e9n el popular cantante&nbsp;<strong>Carlos Vives<\/strong>, uno de los galardonados en esta velada solidaria. \u201cLo que le duele a Venezuela es lo que me duele a m\u00ed como colombiano\u201d, ha se\u00f1alado,&nbsp;<strong>\u201cy toda mi energ\u00eda est\u00e1 con ellos\u201d<\/strong>.<\/p>\n\n\n\n<p>En t\u00e9rminos similares se han pronunciado otros invitados como Paula Echevarr\u00eda o Javier Castillo \u201cPoty\u201d. Este ha insistido en que, si bien de pol\u00edtica \u201csabe lo justo, cuando todo el planeta tiene dudas sobre una cosa, es que algo hay\u201d.<\/p>\n\n\n\n<p>Lo que est\u00e1 ocurriendo en Venezuela es&nbsp;<strong>\u201cuna situaci\u00f3n absolutamente inaceptable\u201d<\/strong>, ha se\u00f1alado el consejero de Turismo de la Junta de Andaluc\u00eda, Arturo Bernal. Y la alcaldesa de Marbella, ciudad anfitriona de la gala, Angeles Mu\u00f1oz, ha a\u00f1adido: \u201centiendo perfectamente el sentimiento que tienen que tener los venezolanos, que ve\u00edan estas elecciones como una oportunidad\u201d.<\/p>\n\n\n\n<p>Ante la sorpresa de los presentes, este a\u00f1o Banderas no ha acudido a la tradicional firma del nuevo veh\u00edculo que un conocido fabricante de autom\u00f3viles, patrocinador oficial de Starlite, suele presentar momentos antes de la gala, aunque lo ha hecho despu\u00e9s.<\/p>\n\n\n\n<p><strong><mark style=\"background-color:rgba(0, 0, 0, 0)\" class=\"has-inline-color has-vivid-red-color\">Will Smith, muchas sonrisas, ninguna palabra<\/mark><\/strong><\/p>\n\n\n\n<p>El popular actor norteamericano&nbsp;<strong>Will Smith<\/strong>&nbsp;era este domingo el invitado m\u00e1s esperado en la alfombra roja de la cena ben\u00e9fica de la Fundaci\u00f3n Starlite, que en esta ocasi\u00f3n celebraba su decimoquinta edici\u00f3n.<\/p>\n\n\n\n<p>Smith, muy sonriente, ha llegado acompa\u00f1ado de Banderas, anfitri\u00f3n del evento, y su actual pareja, la alemana Nicol Kimpel; y&nbsp;<strong>juntos han posado ante un nutrido grupo de fot\u00f3grafos<\/strong>, alguno menos que en a\u00f1os anteriores.<\/p>\n\n\n\n<p>La organizaci\u00f3n ha querido poner en valor la \u00abdedicaci\u00f3n y compromiso con causas que han generado un impacto positivo en comunidades alrededor del mundo\u201d del actor; que salt\u00f3 a la fama con la popular serie de televisi\u00f3n \u201cEl pr\u00edncipe de Bel Air\u201d (1990-1996).<\/p>\n\n\n\n<p>Entre las medi\u00e1ticas figuras que han caminado por la alfombra roja este domingo se ha echado de menos a&nbsp;<strong>Paloma Cuevas<\/strong>; que ha estado estos d\u00edas en Marbella con su actual pareja, el reconocido artista mexicano Luis Miguel, quien ha cerrado su gira en Espa\u00f1a con tres conciertos en el festival.<\/p>\n\n\n\n<p><strong><mark style=\"background-color:rgba(0, 0, 0, 0)\" class=\"has-inline-color has-vivid-red-color\">Ausencia de Paloma Cuevas y Luis Miguel<\/mark><\/strong><\/p>\n\n\n\n<p>Hab\u00eda muchas expectativas respecto a que \u201cel Sol de M\u00e9xico\u201d y su novia -amiga de la fundadora del Grupo Starlite, Sandra Garc\u00eda, y cuya faceta solidaria premi\u00f3 la fundaci\u00f3n hom\u00f3nima hace unos a\u00f1os- pasearan juntos por la alfombra roja. No ha sido as\u00ed.<\/p>\n\n\n\n<p>Uno tras otro han ido llegando, premiados e invitados. Y entre se\u00f1oras ataviadas con diademas de flores tipo Frida Kahlo y caballeros con guayaberas blancas, ha comenzado un evento que naci\u00f3 hace m\u00e1s de tres lustros de la mano de los actores Antonio Banderas, Eva Longoria y Mar\u00eda Bravo, y la empresaria Sandra Garc\u00eda Sanju\u00e1n.<\/p>\n\n\n\n<p>Aquella primera cena, en la que Banderas pos\u00f3 de la mano de su entonces consorte Melanie Griffith y de una jovenc\u00edsima Stella Banderas, ha derivado hoy en dos estupendos eventos solidarios \u2013<strong>Global Gift y Starlite Gala<\/strong>\u2013 que cada verano re\u00fanen rostros populares a beneficio de los m\u00e1s desfavorecidos.<\/p>\n\n\n\n<p class=\"has-text-align-center\"><strong><a href=\"https:\/\/t.me\/esreviral\">\u00daNETE A NUESTRO CANAL DE TELEGRAM PARA ESTAR INFORMADO<\/a><\/strong><\/p>\n\n\n\n<p class=\"has-text-align-center\"><strong><a href=\"https:\/\/whatsapp.com\/channel\/0029VaAz7PmBKfhwZ5V3Gk2t\">\u00daNETES A NUESTRO CANAL DE WHATSAPP PARA ESTAR INFORMADO<\/a><\/strong><\/p>\n\n\n\n<p class=\"has-text-align-right\"><strong><em>ElNacional.-<\/em><\/strong><\/p>\n","protected":false},"excerpt":{"rendered":"<p>Durante la alfombra roja de esta gala ben\u00e9fica, personalidades como la modelo venezolana Ninoska V\u00e1squez, el actor Antonio Banderas y el popular cantante Carlos Vives, expresaron su preocupaci\u00f3n por la situaci\u00f3n que viven millones de venezolanos<\/p>\n","protected":false},"author":3,"featured_media":58369,"comment_status":"closed","ping_status":"closed","sticky":false,"template":"","format":"standard","meta":{"jnews-multi-image_gallery":[],"jnews_single_post":{"subtitle":"","format":"standard","video":"","gallery":"","source_name":"","source_url":"","via_name":"","via_url":"","override_template":"0","override":[{"template":"4","single_blog_custom":"","parallax":"1","fullscreen":"1","layout":"right-sidebar","sidebar":"new-widget-area","second_sidebar":"default-sidebar","sticky_sidebar":"1","share_position":"top","share_float_style":"share-monocrhome","show_share_counter":"1","show_view_counter":"1","show_featured":"1","show_post_meta":"1","show_post_author":"1","show_post_author_image":"1","show_post_date":"1","post_date_format":"default","post_date_format_custom":"Y\/m\/d","show_post_category":"1","show_post_reading_time":"1","post_reading_time_wpm":"300","show_zoom_button":"1","zoom_button_out_step":"2","zoom_button_in_step":"3","show_post_tag":"1","show_prev_next_post":"1","show_popup_post":"1","number_popup_post":"1","show_author_box":"1","show_post_related":"1","show_inline_post_related":"0"}],"override_image_size":"0","image_override":[{"single_post_thumbnail_size":"crop-500","single_post_gallery_size":"crop-500"}],"trending_post":"0","trending_post_position":"meta","trending_post_label":"Trending","sponsored_post":"0","sponsored_post_label":"Sponsored by","sponsored_post_name":"","sponsored_post_url":"","sponsored_post_logo_enable":"0","sponsored_post_logo":"","sponsored_post_desc":"","disable_ad":"0"},"jnews_primary_category":{"id":"","hide":""},"jnews_social_meta":{"fb_title":"","fb_description":"","fb_image":"","twitter_title":"","twitter_description":"","twitter_image":""},"jnews_review":[],"enable_review":"0","type":"percentage","name":"","summary":"","brand":"","sku":"","good":[{"good_text":""}],"bad":[{"bad_text":""}],"score_override":"","override_value":"","rating":[{"rating_text":"","rating_number":"10"}],"price":[{"shop":"","price":"","link":"","icon":""}],"jnews_override_counter":{"override_view_counter":"0","view_counter_number":"0","override_share_counter":"0","share_counter_number":"0","override_like_counter":"0","like_counter_number":"0","override_dislike_counter":"0","dislike_counter_number":"0"},"jnews_post_split":{"enable_post_split":"0","post_split":[{"template":"1","tag":"h2","numbering":"asc","mode":"normal","first":"0","enable_toc":"0","toc_type":"normal"}]},"footnotes":""},"categories":[50],"tags":[5545,17200,3276,17203,17202,8295,7494,45,17201,56,276],"class_list":["post-58368","post","type-post","status-publish","format-standard","has-post-thumbnail","hentry","category-entretenimiento","tag-alfombra-roja","tag-gala-starlite","tag-influencer","tag-malaga","tag-marbella","tag-modelo","tag-ninoska-vazquez","tag-noticias","tag-starlite","tag-venezuela","tag-will-smith"],"amp_enabled":true,"_links":{"self":[{"href":"https:\/\/esreviral.com\/index.php?rest_route=\/wp\/v2\/posts\/58368"}],"collection":[{"href":"https:\/\/esreviral.com\/index.php?rest_route=\/wp\/v2\/posts"}],"about":[{"href":"https:\/\/esreviral.com\/index.php?rest_route=\/wp\/v2\/types\/post"}],"author":[{"embeddable":true,"href":"https:\/\/esreviral.com\/index.php?rest_route=\/wp\/v2\/users\/3"}],"replies":[{"embeddable":true,"href":"https:\/\/esreviral.com\/index.php?rest_route=%2Fwp%2Fv2%2Fcomments&post=58368"}],"version-history":[{"count":0,"href":"https:\/\/esreviral.com\/index.php?rest_route=\/wp\/v2\/posts\/58368\/revisions"}],"wp:featuredmedia":[{"embeddable":true,"href":"https:\/\/esreviral.com\/index.php?rest_route=\/wp\/v2\/media\/58369"}],"wp:attachment":[{"href":"https:\/\/esreviral.com\/index.php?rest_route=%2Fwp%2Fv2%2Fmedia&parent=58368"}],"wp:term":[{"taxonomy":"category","embeddable":true,"href":"https:\/\/esreviral.com\/index.php?rest_route=%2Fwp%2Fv2%2Fcategories&post=58368"},{"taxonomy":"post_tag","embeddable":true,"href":"https:\/\/esreviral.com\/index.php?rest_route=%2Fwp%2Fv2%2Ftags&post=58368"}],"curies":[{"name":"wp","href":"https:\/\/api.w.org\/{rel}","templated":true}]}}