{"id":57890,"date":"2024-07-27T13:54:10","date_gmt":"2024-07-27T18:54:10","guid":{"rendered":"https:\/\/esreviral.com\/?p=57890"},"modified":"2024-07-27T13:58:03","modified_gmt":"2024-07-27T18:58:03","slug":"la-respuesta-del-ministro-de-comunicacion-sobre-la-denuncia-de-panama-del-espacio-aereo","status":"publish","type":"post","link":"https:\/\/esreviral.com\/?p=57890","title":{"rendered":"La respuesta del Ministro de Comunicaci\u00f3n de Venezuela sobre la denuncia de Panam\u00e1 del espacio a\u00e9reo"},"content":{"rendered":"\n<p>Freddy \u00d1\u00e1\u00f1ez, ministro de Comunicaci\u00f3n e Informaci\u00f3n, desminti\u00f3 este viernes las acusaciones del presidente de Panam\u00e1, Jos\u00e9 Ra\u00fal Mulino, sobre\u00a0<strong>el cierre del espacio a\u00e9reo venezolano.<\/strong>\u00a0Asegur\u00f3 que dicha situaci\u00f3n no implica una exposici\u00f3n a la injerencia extranjera.<\/p>\n\n\n\n<p>\u201cEs falso lo que dice este mequetrefe, Jos\u00e9 Ra\u00fal Mulino.&nbsp;<strong>El espacio a\u00e9reo venezolano no est\u00e1 cerrado<\/strong>, lo cual no significa que el pa\u00eds est\u00e9 expuesto a la injerencia extranjera. \u00a1Venezuela se respeta!\u201d, expres\u00f3 el funcionario a trav\u00e9s de su cuenta en X.<\/p>\n\n\n\n<p>Por su parte, el Instituto Nacional de Aeron\u00e1utica Civil (INAC) tambi\u00e9n emiti\u00f3 un comunicado afirmando que las operaciones a\u00e9reas en Venezuela contin\u00faan con normalidad y que los&nbsp;<strong>vuelos de Copa Airlines no han experimentado incidentes<\/strong>.<\/p>\n\n\n\n<figure class=\"wp-block-image\"><img decoding=\"async\" src=\"https:\/\/cdn.bitlysdowssl-aws.com\/wp-content\/uploads\/2024\/07\/imagen_2024-07-27_134848560.png\" alt=\"tweet de Freddy \u00d1\u00e1\u00f1ez\" class=\"wp-image-1222028\"\/><\/figure>\n\n\n\n<p><strong><mark style=\"background-color:rgba(0, 0, 0, 0)\" class=\"has-inline-color has-vivid-red-color\">La respuesta de \u00d1\u00e1\u00f1ez sobre la denuncia de Panam\u00e1 del espacio a\u00e9reo<\/mark><\/strong><\/p>\n\n\n\n<p>Esta aclaraci\u00f3n se produjo en respuesta a la denuncia de Mulino con respecto a un altercado en un vuelo procedente de Panam\u00e1, de la aerol\u00ednea antes mencionada. Esta&nbsp;<strong>transportaba a cinco enviados del Grupo Idea: cuatro expresidentes y la exvicepresidenta colombiana Marta Luc\u00eda Ram\u00edrez<\/strong>; quienes ven\u00edan a Venezuela para actuar como observadores en el proceso electoral presidencial del domingo, invitados por la Plataforma Unitaria.<\/p>\n\n\n\n<p>\u201cNo ha sido permitido despegar desde Tocumen mientras ellos se mantengan abordo, por el bloqueo del espacio a\u00e9reo venezolano. Igual otro vuelo de Copa hacia Panam\u00e1 desde Caracas no ha sido permitido despegar\u201d, escribi\u00f3 el mandatario paname\u00f1o en sus redes sociales.<\/p>\n\n\n\n<figure class=\"wp-block-image\"><img decoding=\"async\" src=\"https:\/\/cdn.bitlysdowssl-aws.com\/wp-content\/uploads\/2024\/07\/imagen_2024-07-27_135024409.png\" alt=\"Tweet presidente de Panam\u00e1\" class=\"wp-image-1222030\"\/><\/figure>\n\n\n\n<p>Tras esto, el canciller paname\u00f1o Javier Mart\u00ednez-Acha Villegas se reuni\u00f3 con la encargada de Negocios de Venezuela en Panam\u00e1, Jhannet Madriz. Durante la reuni\u00f3n, el funcionario expres\u00f3 el rechazo de su gobierno a lo ocurrido, calific\u00e1ndolo como una&nbsp;<strong>violaci\u00f3n del derecho y los acuerdos de aviaci\u00f3n civil<\/strong>&nbsp;entre ambos pa\u00edses.<\/p>\n\n\n\n<p>Mientras que el vicecanciller Carlos Ruiz-Hern\u00e1ndez exigi\u00f3 respeto al Derecho Internacional y enfatiz\u00f3 que dicho incidente carec\u00eda de raz\u00f3n y sustento jur\u00eddico. Por lo que solicit\u00f3 una explicaci\u00f3n formal de las autoridades venezolanas.<\/p>\n\n\n\n<p class=\"has-text-align-center\"><strong><a href=\"https:\/\/chat.whatsapp.com\/KWkTmakY3I05kNdd2oZl6d\">\u00daNETE A NUESTRO GRUPO DE WHATSAPP PARA ESTAR INFORMADO<\/a><\/strong><\/p>\n\n\n\n<p class=\"has-text-align-right\"><strong><em>ElNacional.-<\/em><\/strong><\/p>\n\n\n\n<p><\/p>\n","protected":false},"excerpt":{"rendered":"<p>El Instituto Nacional de Aeron\u00e1utica Civil (INAC) tambi\u00e9n emiti\u00f3 un comunicado afirmando que las operaciones a\u00e9reas en Venezuela contin\u00faan con normalidad y que los vuelos de Copa Airlines no han experimentado incidentes<\/p>\n","protected":false},"author":3,"featured_media":57891,"comment_status":"closed","ping_status":"closed","sticky":false,"template":"","format":"standard","meta":{"jnews-multi-image_gallery":[],"jnews_single_post":{"subtitle":"","format":"standard","video":"","gallery":"","source_name":"","source_url":"","via_name":"","via_url":"","override_template":"0","override":[{"template":"4","single_blog_custom":"","parallax":"1","fullscreen":"1","layout":"right-sidebar","sidebar":"new-widget-area","second_sidebar":"default-sidebar","sticky_sidebar":"1","share_position":"top","share_float_style":"share-monocrhome","show_share_counter":"1","show_view_counter":"1","show_featured":"1","show_post_meta":"1","show_post_author":"1","show_post_author_image":"1","show_post_date":"1","post_date_format":"default","post_date_format_custom":"Y\/m\/d","show_post_category":"1","show_post_reading_time":"1","post_reading_time_wpm":"300","show_zoom_button":"1","zoom_button_out_step":"2","zoom_button_in_step":"3","show_post_tag":"1","show_prev_next_post":"1","show_popup_post":"1","number_popup_post":"1","show_author_box":"1","show_post_related":"1","show_inline_post_related":"0"}],"override_image_size":"0","image_override":[{"single_post_thumbnail_size":"crop-500","single_post_gallery_size":"crop-500"}],"trending_post":"0","trending_post_position":"meta","trending_post_label":"Trending","sponsored_post":"0","sponsored_post_label":"Sponsored by","sponsored_post_name":"","sponsored_post_url":"","sponsored_post_logo_enable":"0","sponsored_post_logo":"","sponsored_post_desc":"","disable_ad":"0"},"jnews_primary_category":{"id":"","hide":""},"jnews_social_meta":{"fb_title":"","fb_description":"","fb_image":"","twitter_title":"","twitter_description":"","twitter_image":""},"jnews_review":[],"enable_review":"0","type":"percentage","name":"","summary":"","brand":"","sku":"","good":[{"good_text":""}],"bad":[{"bad_text":""}],"score_override":"","override_value":"","rating":[{"rating_text":"","rating_number":"10"}],"price":[{"shop":"","price":"","link":"","icon":""}],"jnews_override_counter":{"override_view_counter":"0","view_counter_number":"0","override_share_counter":"0","share_counter_number":"0","override_like_counter":"0","like_counter_number":"0","override_dislike_counter":"0","dislike_counter_number":"0"},"jnews_post_split":{"enable_post_split":"0","post_split":[{"template":"1","tag":"h2","numbering":"asc","mode":"normal","first":"0","enable_toc":"0","toc_type":"normal"}]},"footnotes":""},"categories":[59,66],"tags":[17110,15873,261,16416,45,1002,56],"class_list":["post-57890","post","type-post","status-publish","format-standard","has-post-thumbnail","hentry","category-politica","category-venezuela","tag-espacio-aereo-venezolano-2","tag-freddy-nanez","tag-inac","tag-instituto-nacional-de-aeronautica-civil","tag-noticias","tag-panama","tag-venezuela"],"amp_enabled":true,"_links":{"self":[{"href":"https:\/\/esreviral.com\/index.php?rest_route=\/wp\/v2\/posts\/57890"}],"collection":[{"href":"https:\/\/esreviral.com\/index.php?rest_route=\/wp\/v2\/posts"}],"about":[{"href":"https:\/\/esreviral.com\/index.php?rest_route=\/wp\/v2\/types\/post"}],"author":[{"embeddable":true,"href":"https:\/\/esreviral.com\/index.php?rest_route=\/wp\/v2\/users\/3"}],"replies":[{"embeddable":true,"href":"https:\/\/esreviral.com\/index.php?rest_route=%2Fwp%2Fv2%2Fcomments&post=57890"}],"version-history":[{"count":0,"href":"https:\/\/esreviral.com\/index.php?rest_route=\/wp\/v2\/posts\/57890\/revisions"}],"wp:featuredmedia":[{"embeddable":true,"href":"https:\/\/esreviral.com\/index.php?rest_route=\/wp\/v2\/media\/57891"}],"wp:attachment":[{"href":"https:\/\/esreviral.com\/index.php?rest_route=%2Fwp%2Fv2%2Fmedia&parent=57890"}],"wp:term":[{"taxonomy":"category","embeddable":true,"href":"https:\/\/esreviral.com\/index.php?rest_route=%2Fwp%2Fv2%2Fcategories&post=57890"},{"taxonomy":"post_tag","embeddable":true,"href":"https:\/\/esreviral.com\/index.php?rest_route=%2Fwp%2Fv2%2Ftags&post=57890"}],"curies":[{"name":"wp","href":"https:\/\/api.w.org\/{rel}","templated":true}]}}