{"id":57877,"date":"2024-07-27T12:47:50","date_gmt":"2024-07-27T17:47:50","guid":{"rendered":"https:\/\/esreviral.com\/?p=57877"},"modified":"2024-07-27T12:47:51","modified_gmt":"2024-07-27T17:47:51","slug":"a-pocas-horas-de-las-elecciones-fue-suspendida-la-cuenta-en-instagram-de-el-impulso","status":"publish","type":"post","link":"https:\/\/esreviral.com\/?p=57877","title":{"rendered":"A pocas horas de las Elecciones, fue suspendida la cuenta en Instagram de El Impulso"},"content":{"rendered":"\n<p>En horas de la ma\u00f1ana de este s\u00e1bado 27 de julio, <strong><em>la cuenta oficial de El Impulso en Instagram fue suspendida<\/em><\/strong>.<\/p>\n\n\n\n<p><strong>Publicaciones<\/strong> regulares como los Buenos D\u00edas, la oraci\u00f3n de la Divina Pastora y las efem\u00e9rides fueron <strong><em>denunciadas masivamente como spam<\/em><\/strong>, lo que llev\u00f3 a<strong> Meta a suspender temporalmente la cuenta.<\/strong><\/p>\n\n\n\n<p><strong><em>El equipo t\u00e9cnico de El Impulso<\/em><\/strong> est\u00e1 trabajando arduamente para restablecer la cuenta y continuar proporcionando informaci\u00f3n a sus seguidores.<\/p>\n\n\n\n<figure class=\"wp-block-image size-full\"><img fetchpriority=\"high\" decoding=\"async\" width=\"696\" height=\"392\" src=\"https:\/\/esreviral.com\/wp-content\/uploads\/2024\/07\/Perfil-de-instagram-de-El-Impulso-fue-suspendido-696x392-1.jpg\" alt=\"\" class=\"wp-image-57878\" srcset=\"https:\/\/esreviral.com\/wp-content\/uploads\/2024\/07\/Perfil-de-instagram-de-El-Impulso-fue-suspendido-696x392-1.jpg 696w, https:\/\/esreviral.com\/wp-content\/uploads\/2024\/07\/Perfil-de-instagram-de-El-Impulso-fue-suspendido-696x392-1-300x169.jpg 300w\" sizes=\"(max-width: 696px) 100vw, 696px\" \/><\/figure>\n\n\n\n<p><strong><mark style=\"background-color:rgba(0, 0, 0, 0)\" class=\"has-inline-color has-vivid-red-color\">Bloqueos a medios digitales<\/mark><\/strong><\/p>\n\n\n\n<p>El lunes 22 de julio, Conatel bloque\u00f3 el acceso a los portales web de cinco medios digitales. Los medios perjudicados fueron\u00a0<strong>El Est\u00edmulo, Median\u00e1lisis, Runrunes<\/strong>\u00a0y\u00a0<strong>Anal\u00edtica<\/strong>, previamente hab\u00eda sido bloqueado <strong>Tal Cual.<\/strong><\/p>\n\n\n\n<p>De acuerdo con VE sin Filtro, con estos suman&nbsp;<strong>12 p\u00e1ginas bloqueadas<\/strong>&nbsp;desde que se inici\u00f3 la campa\u00f1a electoral el pasado 4 de julio.<\/p>\n\n\n\n<p>Los otros portales que tienen restricciones de ingreso desde principios de julio con diversas operadoras de internet son&nbsp;<strong>Cazadores de Fake News, EsPaja, Observatorio Venezolano de Fake News, Instituto Prensa y Sociedad de Venezuela (IPYS Venezuela), Espacio P\u00fablico y Proton VPN.<\/strong><\/p>\n\n\n\n<p><strong><mark style=\"background-color:rgba(0, 0, 0, 0)\" class=\"has-inline-color has-vivid-red-color\">Ataques a medios de comunicaci\u00f3n en redes sociales<\/mark><\/strong><\/p>\n\n\n\n<p>Los ataques a las plataformas web y redes sociales de los medios de comunicaci\u00f3n en Venezuela forman parte de una pr\u00e1ctica de censura y desinformaci\u00f3n.<\/p>\n\n\n\n<p>Anteriormente, el Diario Tal Cual ha sido v\u00edctima de ataques. El pasado 16 de abril,\u00a0su perfil en X, fue vulnerado. De igual manera, en febrero del a\u00f1o pasado,\u00a0<strong>Tal Cual<\/strong>\u00a0denunci\u00f3 que su portal digital fue objeto de un intento de\u00a0<strong>ataque cibern\u00e9tico<\/strong>\u00a0que buscaba dejarlo fuera de servicio.<\/p>\n\n\n\n<p class=\"has-text-align-center\"><strong><a href=\"https:\/\/chat.whatsapp.com\/KWkTmakY3I05kNdd2oZl6d\">\u00daNETE A NUESTRO GRUPO DE WHATSAPP PARA ESTAR INFORMADO<\/a><\/strong><\/p>\n\n\n\n<p class=\"has-text-align-right\"><strong><em>elimpulso.com.-<\/em><\/strong><\/p>\n","protected":false},"excerpt":{"rendered":"<p>En horas de la ma\u00f1ana de este s\u00e1bado 27 de julio, la cuenta oficial de El Impulso en Instagram fue suspendida. Publicaciones regulares como los Buenos D\u00edas, la oraci\u00f3n de la Divina Pastora y las efem\u00e9rides fueron denunciadas masivamente como spam, lo que llev\u00f3 a Meta a suspender temporalmente la cuenta. El equipo t\u00e9cnico de [&hellip;]<\/p>\n","protected":false},"author":3,"featured_media":57879,"comment_status":"closed","ping_status":"closed","sticky":false,"template":"","format":"standard","meta":{"jnews-multi-image_gallery":[],"jnews_single_post":{"subtitle":"","format":"standard","video":"","gallery":"","source_name":"","source_url":"","via_name":"","via_url":"","override_template":"0","override":[{"template":"4","single_blog_custom":"","parallax":"1","fullscreen":"1","layout":"right-sidebar","sidebar":"new-widget-area","second_sidebar":"default-sidebar","sticky_sidebar":"1","share_position":"top","share_float_style":"share-monocrhome","show_share_counter":"1","show_view_counter":"1","show_featured":"1","show_post_meta":"1","show_post_author":"1","show_post_author_image":"1","show_post_date":"1","post_date_format":"default","post_date_format_custom":"Y\/m\/d","show_post_category":"1","show_post_reading_time":"1","post_reading_time_wpm":"300","show_zoom_button":"1","zoom_button_out_step":"2","zoom_button_in_step":"3","show_post_tag":"1","show_prev_next_post":"1","show_popup_post":"1","number_popup_post":"1","show_author_box":"1","show_post_related":"1","show_inline_post_related":"0"}],"override_image_size":"0","image_override":[{"single_post_thumbnail_size":"crop-500","single_post_gallery_size":"crop-500"}],"trending_post":"0","trending_post_position":"meta","trending_post_label":"Trending","sponsored_post":"0","sponsored_post_label":"Sponsored by","sponsored_post_name":"","sponsored_post_url":"","sponsored_post_logo_enable":"0","sponsored_post_logo":"","sponsored_post_desc":"","disable_ad":"0"},"jnews_primary_category":{"id":"","hide":""},"jnews_social_meta":{"fb_title":"","fb_description":"","fb_image":"","twitter_title":"","twitter_description":"","twitter_image":""},"jnews_review":[],"enable_review":"0","type":"percentage","name":"","summary":"","brand":"","sku":"","good":[{"good_text":""}],"bad":[{"bad_text":""}],"score_override":"","override_value":"","rating":[{"rating_text":"","rating_number":"10"}],"price":[{"shop":"","price":"","link":"","icon":""}],"jnews_override_counter":{"override_view_counter":"0","view_counter_number":"0","override_share_counter":"0","share_counter_number":"0","override_like_counter":"0","like_counter_number":"0","override_dislike_counter":"0","dislike_counter_number":"0"},"jnews_post_split":{"enable_post_split":"0","post_split":[{"template":"1","tag":"h2","numbering":"asc","mode":"normal","first":"0","enable_toc":"0","toc_type":"normal"}]},"footnotes":""},"categories":[59,66],"tags":[17109,17108,17107,110,16300,5775,635,45,1714,56],"class_list":["post-57877","post","type-post","status-publish","format-standard","has-post-thumbnail","hentry","category-politica","category-venezuela","tag-bloqueos-a-medios-de-comunicacion","tag-cuenta-en-instagram","tag-el-impulso","tag-elecciones","tag-elecciones-2024","tag-elecciones-en-venezuela","tag-instagram","tag-noticias","tag-redes-sociales","tag-venezuela"],"amp_enabled":true,"_links":{"self":[{"href":"https:\/\/esreviral.com\/index.php?rest_route=\/wp\/v2\/posts\/57877"}],"collection":[{"href":"https:\/\/esreviral.com\/index.php?rest_route=\/wp\/v2\/posts"}],"about":[{"href":"https:\/\/esreviral.com\/index.php?rest_route=\/wp\/v2\/types\/post"}],"author":[{"embeddable":true,"href":"https:\/\/esreviral.com\/index.php?rest_route=\/wp\/v2\/users\/3"}],"replies":[{"embeddable":true,"href":"https:\/\/esreviral.com\/index.php?rest_route=%2Fwp%2Fv2%2Fcomments&post=57877"}],"version-history":[{"count":0,"href":"https:\/\/esreviral.com\/index.php?rest_route=\/wp\/v2\/posts\/57877\/revisions"}],"wp:featuredmedia":[{"embeddable":true,"href":"https:\/\/esreviral.com\/index.php?rest_route=\/wp\/v2\/media\/57879"}],"wp:attachment":[{"href":"https:\/\/esreviral.com\/index.php?rest_route=%2Fwp%2Fv2%2Fmedia&parent=57877"}],"wp:term":[{"taxonomy":"category","embeddable":true,"href":"https:\/\/esreviral.com\/index.php?rest_route=%2Fwp%2Fv2%2Fcategories&post=57877"},{"taxonomy":"post_tag","embeddable":true,"href":"https:\/\/esreviral.com\/index.php?rest_route=%2Fwp%2Fv2%2Ftags&post=57877"}],"curies":[{"name":"wp","href":"https:\/\/api.w.org\/{rel}","templated":true}]}}