{"id":57762,"date":"2024-07-26T08:14:23","date_gmt":"2024-07-26T13:14:23","guid":{"rendered":"https:\/\/esreviral.com\/?p=57762"},"modified":"2024-07-26T08:14:24","modified_gmt":"2024-07-26T13:14:24","slug":"elecciones-en-venezuela-2024-quienes-ejerceran-como-observadores-internacionales-de-las-presidenciales","status":"publish","type":"post","link":"https:\/\/esreviral.com\/?p=57762","title":{"rendered":"Elecciones en Venezuela 2024: \u00bfqui\u00e9nes ejercer\u00e1n como observadores internacionales de las presidenciales?"},"content":{"rendered":"\n<p>El\u00a0Tribunal Superior Electoral (TSE) de Brasil desisti\u00f3 este mi\u00e9rcoles de enviar observadores\u00a0a las elecciones presidenciales de Venezuela luego de que Nicol\u00e1s Maduro cuestion\u00f3 la confiabilidad del sistema electoral brasile\u00f1o.<\/p>\n\n\n\n<p>\u00abAnte las declaraciones falsas contra las urnas de votaci\u00f3n electr\u00f3nica brasile\u00f1as, que, contrariamente a lo que afirman las autoridades venezolanas, son auditables y seguras,<strong>&nbsp;el Tribunal Superior Electoral no enviar\u00e1 t\u00e9cnicos<\/strong>\u00ab, afirm\u00f3 el tribunal en un comunicado.<\/p>\n\n\n\n<p>Se\u00f1al\u00f3, adem\u00e1s, que es \u00abinadmisible\u00bb que se descalifique con mentiras \u00abla seriedad e integridad\u00bb de las elecciones y de las urnas electr\u00f3nicas de votaci\u00f3n en el pa\u00eds.<\/p>\n\n\n\n<p>La decisi\u00f3n se dio un d\u00eda despu\u00e9s de que&nbsp;Maduro afirm\u00f3 que los sistemas electorales de votaci\u00f3n de Brasil, as\u00ed como los de Estados Unidos y Colombia,&nbsp;<strong>no eran auditables, mientras que el de Venezuela era \u00abel mejor del mundo\u00bb.<\/strong><\/p>\n\n\n\n<p>\u00abEn Brasil ni una sola c\u00e9dula es verificada\u00bb, dijo el mandatario ante una multitud que lo acompa\u00f1aba para despu\u00e9s exaltar el sistema electoral venezolano que, asegur\u00f3, \u00abrealiza verificaci\u00f3n en tiempo real del 54% de las urnas\u00bb.<\/p>\n\n\n\n<p>\u00ab\u00bfEn qu\u00e9 otra parte del mundo hacen eso? \u00bfEn Estados Unidos? Es inauditable el sistema electoral. \u00bfEn Brasil? No auditan ni un acta. \u00bfEn Colombia? No auditan ni un acta\u00bb, asever\u00f3.<\/p>\n\n\n<div class=\"wp-block-image\">\n<figure class=\"aligncenter\"><img decoding=\"async\" src=\"https:\/\/imagenes.eltiempo.com\/files\/image_652_366\/files\/fp\/uploads\/2024\/06\/22\/66773fd17ab91.r_d.1375-947.jpeg\" alt=\"\"\/><\/figure><\/div>\n\n\n<p>Estas declaraciones, por su parte, surgieron d\u00edas despu\u00e9s de que el presidente de Brasil,&nbsp;Luiz In\u00e1cio Lula da Silva, confes\u00f3 que lo hab\u00edan asustado las advertencias del venezolano sobre un \u00abba\u00f1o de sangre\u00bb si es derrotado en las elecciones.<\/p>\n\n\n\n<p>Palabras que tambi\u00e9n alertaron al&nbsp;expresidente de Argentina Alberto Fern\u00e1ndez, quien pidi\u00f3, en medio de una entrevista con una emisora local,&nbsp;\u00abrespetar el proceso democr\u00e1tico\u00bb en Venezuela y se\u00f1al\u00f3 que si Maduro perd\u00eda las elecciones, en las que busca su tercer sexenio consecutivo, \u00ablo que tiene que hacer es aceptar\u00bb.<\/p>\n\n\n\n<p>Al igual que las afirmaciones de Lula, las palabras de Fern\u00e1ndez no cayeron bien a la administraci\u00f3n chavista, por lo que este mi\u00e9rcoles&nbsp;su invitaci\u00f3n para participar como observador internacional de los comicios fue revocada.<\/p>\n\n\n\n<p>\u00abEl d\u00eda de ayer, el gobierno nacional venezolano me transmiti\u00f3 su voluntad de que no viajara y desistiera de cumplir con la tarea que me hab\u00eda sido encomendada por el Consejo Nacional Electoral\u00bb,\u00a0public\u00f3 el exmandatario peronista en su cuenta oficial de la red social X, en la que mostr\u00f3 la carta de invitaci\u00f3n del CNE.<\/p>\n\n\n\n<p>Seg\u00fan la explicaci\u00f3n de Fern\u00e1ndez, el Ejecutivo venezolano<strong>&nbsp;consider\u00f3 que las declaraciones efectuadas por \u00e9l \u00abcausaban molestias y generaban dudas\u00bb<\/strong>&nbsp;sobre su \u00abimparcialidad\u00bb y que&nbsp;su coincidencia con las afirmaciones del presidente brasile\u00f1o, \u00abgeneraba una suerte de desestabilizaci\u00f3n del proceso electoral\u00bb.<\/p>\n\n\n\n<p>Como puede verse en la nota que se muestra, el Consejo Nacional Electoral de la Rep\u00fablica Bolivariana de Venezuela me convoc\u00f3 a participar como veedor de la elecci\u00f3n que se celebrar\u00e1 en ese pa\u00eds el pr\u00f3ximo domingo.<\/p>\n\n\n\n<blockquote class=\"twitter-tweet\"><p lang=\"es\" dir=\"ltr\">Como puede verse en la nota que se muestra, el Consejo Nacional Electoral de la Rep\u00fablica Bolivariana de Venezuela me convoc\u00f3 a participar como veedor de la elecci\u00f3n que se celebrar\u00e1 en ese pa\u00eds el pr\u00f3ximo domingo.<br><br>En el d\u00eda de ayer, el gobierno nacional venezolano me transmiti\u00f3\u2026 <a href=\"https:\/\/t.co\/MAVkjCwJIS\">pic.twitter.com\/MAVkjCwJIS<\/a><\/p>&mdash; Alberto Fern\u00e1ndez (@alferdez) <a href=\"https:\/\/twitter.com\/alferdez\/status\/1816150312991760699?ref_src=twsrc%5Etfw\">July 24, 2024<\/a><\/blockquote> <script async src=\"https:\/\/platform.twitter.com\/widgets.js\" charset=\"utf-8\"><\/script>\n\n\n\n<p><strong><mark style=\"background-color:rgba(0, 0, 0, 0)\" class=\"has-inline-color has-vivid-red-color\">\u00bfCu\u00e1les son los organismos avalados por Venezuela para supervisar las elecciones?<\/mark><\/strong><\/p>\n\n\n\n<p>As\u00ed, a tan solo tres d\u00edas de las votaciones presidenciales, el CNE mantiene la invitaci\u00f3n como veedores electorales a siete delegaciones internacionales:&nbsp;la Comunidad de Estados Latinoamericanos y Caribe\u00f1os (Celac), Comunidad del Caribe (Caricom), Uni\u00f3n Interamericana de Organismos Electorales (UNIORE), Uni\u00f3n Africana, Consejo de Expertos Electorales de Latinoam\u00e9rica (CEELA) y el Observatorio del Pensamiento Estrat\u00e9gico para la Integraci\u00f3n Regional (OPEIR).<\/p>\n\n\n\n<p>De estos,&nbsp;la Celac es la \u00fanica organizaci\u00f3n hasta la fecha tiene previsto enviar expertos a los comicios.<\/p>\n\n\n\n<p>Por su parte, la Organizaci\u00f3n de las Naciones Unidas (ONU) y el Centro Carter -organismo creado por el expresidente de Estados Unidos, Jimmy Carter- confirmaron su presencia en el proceso de observaci\u00f3n electoral, pero a trav\u00e9s de un alcance y tama\u00f1o limitado.<\/p>\n\n\n\n<p>Asimismo, el&nbsp;expresidente dominicano Leonel Fern\u00e1ndez&nbsp;inform\u00f3 este mi\u00e9rcoles que participar\u00e1, junto con otros exjefes de estado, como observador de las presidenciales el pr\u00f3ximo domingo.<\/p>\n\n\n\n<blockquote class=\"twitter-tweet\"><p lang=\"es\" dir=\"ltr\">He aceptado una invitaci\u00f3n del Consejo Nacional Electoral de la Rep\u00fablica Bolivariana de Venezuela para, junto a los expresidentes Ernesto Samper de Colombia; Jos\u00e9 Rodr\u00edguez Zapatero de Espa\u00f1a y Mart\u00edn Torrijos de Panam\u00e1, participar como observadores internacionales en el proceso\u2026<\/p>&mdash; Leonel Fern\u00e1ndez (@LeonelFernandez) <a href=\"https:\/\/twitter.com\/LeonelFernandez\/status\/1816325282950795601?ref_src=twsrc%5Etfw\">July 25, 2024<\/a><\/blockquote> <script async src=\"https:\/\/platform.twitter.com\/widgets.js\" charset=\"utf-8\"><\/script>\n\n\n\n<p>A trav\u00e9s de su cuenta de la red social X, el tres veces presidente dominicano indic\u00f3 que acept\u00f3 una invitaci\u00f3n del CNE para, junto a los exmandatarios&nbsp;Ernesto Samper (Colombia) y Mart\u00edn Torrijos (Panam\u00e1) y el ex jefe de Gobierno Jos\u00e9 Luis Rodr\u00edguez Zapatero (Espa\u00f1a), \u00abparticipar como observadores internacionales en el proceso electoral\u00bb del 28 de julio.<\/p>\n\n\n\n<p>\u00abEstaremos junto a estos exmandatarios fortaleciendo dicha labor. Agradecidos por esta invitaci\u00f3n\u00bb, concluy\u00f3.<\/p>\n\n\n\n<p class=\"has-text-align-center\"><strong><a href=\"https:\/\/chat.whatsapp.com\/KWkTmakY3I05kNdd2oZl6d\">\u00daNETE A NUESTRO GRUPO DE WHATSAPP PARA ESTAR INFORMADO<\/a><\/strong><\/p>\n\n\n\n<p class=\"has-text-align-right\"><strong><em>ElNacional.-<\/em><\/strong><\/p>\n","protected":false},"excerpt":{"rendered":"<p>Brasil desisti\u00f3 de enviar observadores, mientras que el expresidente de Argentina Alberto Fern\u00e1ndez anunci\u00f3 que no viajar\u00e1 para ser veedor como estaba planteado inicialmente<\/p>\n","protected":false},"author":3,"featured_media":57763,"comment_status":"closed","ping_status":"closed","sticky":false,"template":"","format":"standard","meta":{"jnews-multi-image_gallery":[],"jnews_single_post":{"subtitle":"","format":"standard","video":"","gallery":"","source_name":"","source_url":"","via_name":"","via_url":"","override_template":"0","override":[{"template":"4","single_blog_custom":"","parallax":"1","fullscreen":"1","layout":"right-sidebar","sidebar":"new-widget-area","second_sidebar":"default-sidebar","sticky_sidebar":"1","share_position":"top","share_float_style":"share-monocrhome","show_share_counter":"1","show_view_counter":"1","show_featured":"1","show_post_meta":"1","show_post_author":"1","show_post_author_image":"1","show_post_date":"1","post_date_format":"default","post_date_format_custom":"Y\/m\/d","show_post_category":"1","show_post_reading_time":"1","post_reading_time_wpm":"300","show_zoom_button":"1","zoom_button_out_step":"2","zoom_button_in_step":"3","show_post_tag":"1","show_prev_next_post":"1","show_popup_post":"1","number_popup_post":"1","show_author_box":"1","show_post_related":"1","show_inline_post_related":"0"}],"override_image_size":"0","image_override":[{"single_post_thumbnail_size":"crop-500","single_post_gallery_size":"crop-500"}],"trending_post":"0","trending_post_position":"meta","trending_post_label":"Trending","sponsored_post":"0","sponsored_post_label":"Sponsored by","sponsored_post_name":"","sponsored_post_url":"","sponsored_post_logo_enable":"0","sponsored_post_logo":"","sponsored_post_desc":"","disable_ad":"0"},"jnews_primary_category":{"id":"","hide":""},"jnews_social_meta":{"fb_title":"","fb_description":"","fb_image":"","twitter_title":"","twitter_description":"","twitter_image":""},"jnews_review":[],"enable_review":"0","type":"percentage","name":"","summary":"","brand":"","sku":"","good":[{"good_text":""}],"bad":[{"bad_text":""}],"score_override":"","override_value":"","rating":[{"rating_text":"","rating_number":"10"}],"price":[{"shop":"","price":"","link":"","icon":""}],"jnews_override_counter":{"override_view_counter":"0","view_counter_number":"0","override_share_counter":"0","share_counter_number":"0","override_like_counter":"0","like_counter_number":"0","override_dislike_counter":"0","dislike_counter_number":"0"},"jnews_post_split":{"enable_post_split":"0","post_split":[{"template":"1","tag":"h2","numbering":"asc","mode":"normal","first":"0","enable_toc":"0","toc_type":"normal"}]},"footnotes":""},"categories":[59,66],"tags":[770,2333,17017,1068,45,17073,56],"class_list":["post-57762","post","type-post","status-publish","format-standard","has-post-thumbnail","hentry","category-politica","category-venezuela","tag-cne","tag-elecciones-presidenciales","tag-elecciones-presidenciales-de-venezuela","tag-nicolas-maduro","tag-noticias","tag-veedores-electorales","tag-venezuela"],"amp_enabled":true,"_links":{"self":[{"href":"https:\/\/esreviral.com\/index.php?rest_route=\/wp\/v2\/posts\/57762"}],"collection":[{"href":"https:\/\/esreviral.com\/index.php?rest_route=\/wp\/v2\/posts"}],"about":[{"href":"https:\/\/esreviral.com\/index.php?rest_route=\/wp\/v2\/types\/post"}],"author":[{"embeddable":true,"href":"https:\/\/esreviral.com\/index.php?rest_route=\/wp\/v2\/users\/3"}],"replies":[{"embeddable":true,"href":"https:\/\/esreviral.com\/index.php?rest_route=%2Fwp%2Fv2%2Fcomments&post=57762"}],"version-history":[{"count":0,"href":"https:\/\/esreviral.com\/index.php?rest_route=\/wp\/v2\/posts\/57762\/revisions"}],"wp:featuredmedia":[{"embeddable":true,"href":"https:\/\/esreviral.com\/index.php?rest_route=\/wp\/v2\/media\/57763"}],"wp:attachment":[{"href":"https:\/\/esreviral.com\/index.php?rest_route=%2Fwp%2Fv2%2Fmedia&parent=57762"}],"wp:term":[{"taxonomy":"category","embeddable":true,"href":"https:\/\/esreviral.com\/index.php?rest_route=%2Fwp%2Fv2%2Fcategories&post=57762"},{"taxonomy":"post_tag","embeddable":true,"href":"https:\/\/esreviral.com\/index.php?rest_route=%2Fwp%2Fv2%2Ftags&post=57762"}],"curies":[{"name":"wp","href":"https:\/\/api.w.org\/{rel}","templated":true}]}}