{"id":57754,"date":"2024-07-26T08:00:09","date_gmt":"2024-07-26T13:00:09","guid":{"rendered":"https:\/\/esreviral.com\/?p=57754"},"modified":"2024-07-26T08:00:59","modified_gmt":"2024-07-26T13:00:59","slug":"emotivo-danny-ocean-desata-lagrimas-con-un-video-espectacular-que-inspira-a-sonar-no-te-pierdas-el-final","status":"publish","type":"post","link":"https:\/\/esreviral.com\/?p=57754","title":{"rendered":"\u00a1Emotivo! Danny Ocean desata l\u00e1grimas con un video espectacular que inspira a so\u00f1ar: \u00a1No Te Pierdas el Final!"},"content":{"rendered":"\n<p>A d\u00edas de las elecciones presidenciales en Venezuela en las que se medir\u00e1n en las urnas el r\u00e9gimen de Nicol\u00e1s Maduro contra el opositor Edmundo Gonz\u00e1lez, quien tiene el respaldo de Mar\u00eda Corina Machado,&nbsp;<strong>el cantante Danny Ocean se refiri\u00f3 a ellas en su nueva canci\u00f3n.<\/strong><\/p>\n\n\n\n<p><strong>El artista venezolano estren\u00f3 su tema \u2018escala en Panam\u00e1\u2019 que habla, palabras m\u00e1s palabras menos, del deseo de reencontrarse y est\u00e1 dedicada a sus coterr\u00e1neos que viven en el exterior<\/strong>&nbsp;y que ven una esperanza de volver al pa\u00eds en estas elecciones para volver a ver a los suyos.<\/p>\n\n\n\n<p>\u201cIlusionarme? TOOOOODAS LAS VECES QUE SEAN NECESARIAS. Se que muchos estamos con el coraz\u00f3n roto, se que muchos estamos desilusionados, se que tenemos miedo de repetir heridas\u2026pero as\u00ed como el aire es para los pulmones, la ilusi\u00f3n y la esperanza son para el alma y ning\u00fan sue\u00f1o empieza sin aire y sin esperanza.&nbsp;<strong>POR LOS QUE YA NO EST\u00c1N, POR LOS QUE ESTAMOS, POR LOS QUE VIENEN Y POR LOS QUE ESTAMOS LEJOS<\/strong>\u201d, escribi\u00f3 Danny Ocean en su video de YouTube, que en tan solo unas horas, acumula miles de reproducciones.<\/p>\n\n\n\n<p>La canci\u00f3n le lleg\u00f3 al coraz\u00f3n a muchos venezolanos, quienes le respondieron:&nbsp;<strong>\u201cte amo flaco, sue\u00f1o con verte de concierto en Venezuela\u201d<\/strong>, \u201cGracias Danny porque nos recuerdas y nos devuelves la Ilusi\u00f3n\u201d, \u201cs\u00e9 que pronto volveremos, Dios nos lo permitir\u00e1\u201d, \u201cme erizaste la piel con este tema\u201d, \u201cYo quiero que alguien me ame como Danny ama a Venezuela\u201d, entre otros.<\/p>\n\n\n\n<p>Adem\u00e1s, los fan\u00e1ticos de Danny Ocean tambi\u00e9n se refirieron a las elecciones: \u201c<strong>Un like para que todos este 28 de julio recibamos esa gran noticia\u201d<\/strong>, \u201cme hace llorar el pensar en el momento en que me reencuentre con mi familia\u201d, \u201cVenezuela libre\u201d, \u201ctodos los d\u00edas lo sue\u00f1o escuchar esa frase bienvenidos a Venezuela, bienvenidos a casa\u201d, \u201c<strong>el final de tu canci\u00f3n me hace poner la piel de gallina<\/strong>\u201d y m\u00e1s comentarios.<\/p>\n\n\n\n<p>El final de la canci\u00f3n que ha generado tanta emoci\u00f3n en quienes han escuchado la canci\u00f3n dice \u201c<strong>bienvenidos a Venezuela, bienvenidos a casa\u201d en la voz de Mar\u00eda Corina Machado<\/strong>, la mujer que le devolvi\u00f3 la esperanza a muchos venezolanos.<\/p>\n\n\n\n<figure class=\"wp-block-embed is-type-video is-provider-youtube wp-block-embed-youtube wp-embed-aspect-4-3 wp-has-aspect-ratio\"><div class=\"wp-block-embed__wrapper\">\n<div class=\"jeg_video_container jeg_video_content\"><iframe title=\"Danny Ocean - escala en Panam\u00e1 (OFFICIAL VIDEO)\" width=\"500\" height=\"375\" src=\"https:\/\/www.youtube.com\/embed\/6sL0uzJkthk?feature=oembed\" frameborder=\"0\" allow=\"accelerometer; autoplay; clipboard-write; encrypted-media; gyroscope; picture-in-picture; web-share\" referrerpolicy=\"strict-origin-when-cross-origin\" allowfullscreen><\/iframe><\/div>\n<\/div><\/figure>\n\n\n\n<p class=\"has-text-align-center\"><strong><a href=\"https:\/\/chat.whatsapp.com\/KWkTmakY3I05kNdd2oZl6d\">\u00daNETE A NUESTRO GRUPO DE WHATSAPP PARA ESTAR INFORMADO<\/a><\/strong><\/p>\n\n\n\n<p class=\"has-text-align-right\"><strong><em>ntn24.com.-<\/em><\/strong><\/p>\n\n\n\n<p><\/p>\n","protected":false},"excerpt":{"rendered":"<p>El artista venezolano public\u00f3 su canci\u00f3n \u2018escala en Panam\u00e1\u2019 d\u00edas antes de las elecciones presidenciales que se realizar\u00e1n en su pa\u00eds.<\/p>\n","protected":false},"author":3,"featured_media":57755,"comment_status":"closed","ping_status":"closed","sticky":false,"template":"","format":"standard","meta":{"jnews-multi-image_gallery":[],"jnews_single_post":{"subtitle":"","format":"standard","video":"","gallery":"","source_name":"","source_url":"","via_name":"","via_url":"","override_template":"0","override":[{"template":"4","single_blog_custom":"","parallax":"1","fullscreen":"1","layout":"right-sidebar","sidebar":"new-widget-area","second_sidebar":"default-sidebar","sticky_sidebar":"1","share_position":"top","share_float_style":"share-monocrhome","show_share_counter":"1","show_view_counter":"1","show_featured":"1","show_post_meta":"1","show_post_author":"1","show_post_author_image":"1","show_post_date":"1","post_date_format":"default","post_date_format_custom":"Y\/m\/d","show_post_category":"1","show_post_reading_time":"1","post_reading_time_wpm":"300","show_zoom_button":"1","zoom_button_out_step":"2","zoom_button_in_step":"3","show_post_tag":"1","show_prev_next_post":"1","show_popup_post":"1","number_popup_post":"1","show_author_box":"1","show_post_related":"1","show_inline_post_related":"0"}],"override_image_size":"0","image_override":[{"single_post_thumbnail_size":"crop-500","single_post_gallery_size":"crop-500"}],"trending_post":"0","trending_post_position":"meta","trending_post_label":"Trending","sponsored_post":"0","sponsored_post_label":"Sponsored by","sponsored_post_name":"","sponsored_post_url":"","sponsored_post_logo_enable":"0","sponsored_post_logo":"","sponsored_post_desc":"","disable_ad":"0"},"jnews_primary_category":{"id":"","hide":""},"jnews_social_meta":{"fb_title":"","fb_description":"","fb_image":"","twitter_title":"","twitter_description":"","twitter_image":""},"jnews_review":[],"enable_review":"0","type":"percentage","name":"","summary":"","brand":"","sku":"","good":[{"good_text":""}],"bad":[{"bad_text":""}],"score_override":"","override_value":"","rating":[{"rating_text":"","rating_number":"10"}],"price":[{"shop":"","price":"","link":"","icon":""}],"jnews_override_counter":{"override_view_counter":"0","view_counter_number":"0","override_share_counter":"0","share_counter_number":"0","override_like_counter":"0","like_counter_number":"0","override_dislike_counter":"0","dislike_counter_number":"0"},"jnews_post_split":{"enable_post_split":"0","post_split":[{"template":"1","tag":"h2","numbering":"asc","mode":"normal","first":"0","enable_toc":"0","toc_type":"normal"}]},"footnotes":""},"categories":[50,1142],"tags":[17066,7426,7880,14863,17043,3265,7441,56],"class_list":["post-57754","post","type-post","status-publish","format-standard","has-post-thumbnail","hentry","category-entretenimiento","category-musica","tag-venezuela-libre","tag-artista-venezolano","tag-danny-ocean","tag-eleccion-presidencial","tag-escala-en-panama","tag-maria-corina-machado-2","tag-venezolanos-en-el-exterior","tag-venezuela"],"amp_enabled":true,"_links":{"self":[{"href":"https:\/\/esreviral.com\/index.php?rest_route=\/wp\/v2\/posts\/57754"}],"collection":[{"href":"https:\/\/esreviral.com\/index.php?rest_route=\/wp\/v2\/posts"}],"about":[{"href":"https:\/\/esreviral.com\/index.php?rest_route=\/wp\/v2\/types\/post"}],"author":[{"embeddable":true,"href":"https:\/\/esreviral.com\/index.php?rest_route=\/wp\/v2\/users\/3"}],"replies":[{"embeddable":true,"href":"https:\/\/esreviral.com\/index.php?rest_route=%2Fwp%2Fv2%2Fcomments&post=57754"}],"version-history":[{"count":0,"href":"https:\/\/esreviral.com\/index.php?rest_route=\/wp\/v2\/posts\/57754\/revisions"}],"wp:featuredmedia":[{"embeddable":true,"href":"https:\/\/esreviral.com\/index.php?rest_route=\/wp\/v2\/media\/57755"}],"wp:attachment":[{"href":"https:\/\/esreviral.com\/index.php?rest_route=%2Fwp%2Fv2%2Fmedia&parent=57754"}],"wp:term":[{"taxonomy":"category","embeddable":true,"href":"https:\/\/esreviral.com\/index.php?rest_route=%2Fwp%2Fv2%2Fcategories&post=57754"},{"taxonomy":"post_tag","embeddable":true,"href":"https:\/\/esreviral.com\/index.php?rest_route=%2Fwp%2Fv2%2Ftags&post=57754"}],"curies":[{"name":"wp","href":"https:\/\/api.w.org\/{rel}","templated":true}]}}