{"id":5763,"date":"2021-04-16T11:00:12","date_gmt":"2021-04-16T14:00:12","guid":{"rendered":"http:\/\/esreviral.com\/?p=5763"},"modified":"2021-04-16T11:00:12","modified_gmt":"2021-04-16T14:00:12","slug":"jose-luis-el-puma-rodriguez-fue-homenajeado-y-honro-a-caracas-en-su-presentacion","status":"publish","type":"post","link":"https:\/\/esreviral.com\/?p=5763","title":{"rendered":"Jos\u00e9 Luis \u00abEl Puma\u00bb Rodr\u00edguez, fue homenajeado y honr\u00f3 a Caracas en su presentaci\u00f3n"},"content":{"rendered":"\n<p>Este jueves se llev\u00f3 a cabo la edici\u00f3n 2021 de los <a href=\"https:\/\/twitter.com\/LatinAMAs\"><strong>Latin American Music Awards<\/strong><\/a> que transmite Telemundo y el homenaje principal con el premio Leyenya fue al venezolano Jos\u00e9 Luis \u00abEl Puma\u00bb Rodr\u00edguez, de 78 a\u00f1os de edad, por su amplia trayectoria en la m\u00fasica y la televisi\u00f3n.<\/p>\n\n\n\n<p>En su presentaci\u00f3n del espect\u00e1culo, Rodr\u00edguez interpret\u00f3 una canci\u00f3n en honor a Caracas pero adem\u00e1s, el escenario se ilumin\u00f3 en el piso con una simulaci\u00f3n de la obra de arte de Carlos Cruz Diez que se encuentra en el aeropuerto de Maiquet\u00eda. <\/p>\n\n\n\n<figure class=\"wp-block-embed-twitter wp-block-embed is-type-rich is-provider-twitter\"><div class=\"wp-block-embed__wrapper\">\n<blockquote class=\"twitter-tweet\" data-width=\"500\" data-dnt=\"true\"><p lang=\"es\" dir=\"ltr\">En los premios <a href=\"https:\/\/twitter.com\/LatinAMAs?ref_src=twsrc%5Etfw\">@LatinAMAs<\/a> Jos\u00e9 Luis Rodr\u00edguez acaba de cantar esto que es un emotivo y directo mensaje al pa\u00eds. (Observen luego en el dise\u00f1o escenogr\u00e1fico el hermoso gui\u00f1o al maestro Cruz Diez) <a href=\"https:\/\/t.co\/s4WR4t3jd0\">pic.twitter.com\/s4WR4t3jd0<\/a><\/p>&mdash; Leonardo Padr\u00f3n (@Leonardo_Padron) <a href=\"https:\/\/twitter.com\/Leonardo_Padron\/status\/1382875200652521472?ref_src=twsrc%5Etfw\">April 16, 2021<\/a><\/blockquote><script async src=\"https:\/\/platform.twitter.com\/widgets.js\" charset=\"utf-8\"><\/script>\n<\/div><\/figure>\n\n\n\n<p>Otro de los gui\u00f1os a Venezuela fue que Chayanne, quien est\u00e1 casado con la venezolana Marilisa Maronesse, fue el encargado de entregarle el premio a El Puma.<\/p>\n\n\n\n<p><em>\u201cQuiero dar gracias a Dios, a Cristo, al Esp\u00edritu Santo, a mi familia y en especial a mi querida esposa que se encuentra aqu\u00ed (en la premiaci\u00f3n)\u201d,<\/em>\u00a0dijo.<\/p>\n\n\n\n<p><em>\u201cA Sony Music y a Telemundo que hicieron posible esto (su reconocimiento) para m\u00ed. A toda la prensa y a todos los medios de comunicaci\u00f3n. Infinitas gracias. Quiero decir que tengo un profundo respeto a la prensa\u201d,&nbsp;<\/em>a\u00f1adi\u00f3.<\/p>\n\n\n\n<p>Finalmente, Jos\u00e9 Luis Rodr\u00edguez \u2018El Puma\u2019 se dirigi\u00f3 a su p\u00fablico.&nbsp;<em>\u201cUstedes hicieron que yo llegara hasta aqu\u00ed&#8230; Dios me los bendiga\u201d,&nbsp;<\/em>expres\u00f3.<\/p>\n\n\n\n<p>Jos\u00e9 Luis Rodr\u00edguez \u2018El Puma\u2019 cant\u00f3 sus mejores \u00e9xitos junto a Carlos Vives, Carlos Rivera, Sof\u00eda Reyes y el espa\u00f1ol David Bisbal.<\/p>\n\n\n\n<figure class=\"wp-block-embed-twitter wp-block-embed is-type-rich is-provider-twitter\"><div class=\"wp-block-embed__wrapper\">\nhttps:\/\/twitter.com\/LatinAMAs\/status\/1382872281681166346?ref_src=twsrc%5Etfw%7Ctwcamp%5Etweetembed%7Ctwterm%5E1382872281681166346%7Ctwgr%5E%7Ctwcon%5Es1_&#038;ref_url=https%3A%2F%2Fperu21.pe%2Fespectaculos%2Finternacional%2Flatin-american-music-awards-jose-luis-rodriguez-el-puma-recibio-reconocimiento-por-su-trayectoria-musical-nndc-noticia%2F\n<\/div><\/figure>\n\n\n\n<figure class=\"wp-block-image size-large\"><img decoding=\"async\" src=\"http:\/\/esreviral.com\/wp-content\/uploads\/2021\/04\/Captura-de-Pantalla-2021-04-16-a-las-10.58.30-1024x636.png\" alt=\"\" class=\"wp-image-5765\"\/><figcaption>Jos\u00e9 Luis Rodr\u00edguez \u2018El Puma\u2019 cant\u00f3 sus mejores \u00e9xitos junto a Carlos Vives, Carlos Rivera, Sof\u00eda Reyes y el espa\u00f1ol David Bisbal<\/figcaption><\/figure>\n","protected":false},"excerpt":{"rendered":"<p>Cantante de 78 a\u00f1os obtuvo el Premio Leyenda en la reciente edici\u00f3n de los Latin AMAs. El puertorrique\u00f1o Chayanne fue el encargado de entregarle el galard\u00f3n al venezolano<\/p>\n","protected":false},"author":2,"featured_media":5764,"comment_status":"open","ping_status":"open","sticky":false,"template":"","format":"standard","meta":{"jnews-multi-image_gallery":[],"jnews_single_post":[],"jnews_primary_category":[],"jnews_social_meta":[],"jnews_review":[],"enable_review":"","type":"","name":"","summary":"","brand":"","sku":"","good":[],"bad":[],"score_override":"","override_value":"","rating":[],"price":[],"jnews_override_counter":[],"jnews_post_split":[],"footnotes":""},"categories":[50],"tags":[165,721,722,45],"class_list":["post-5763","post","type-post","status-publish","format-standard","has-post-thumbnail","hentry","category-entretenimiento","tag-espectaculos","tag-jose-luis-rodriguez","tag-latin-american-music-awards","tag-noticias"],"_links":{"self":[{"href":"https:\/\/esreviral.com\/index.php?rest_route=\/wp\/v2\/posts\/5763","targetHints":{"allow":["GET"]}}],"collection":[{"href":"https:\/\/esreviral.com\/index.php?rest_route=\/wp\/v2\/posts"}],"about":[{"href":"https:\/\/esreviral.com\/index.php?rest_route=\/wp\/v2\/types\/post"}],"author":[{"embeddable":true,"href":"https:\/\/esreviral.com\/index.php?rest_route=\/wp\/v2\/users\/2"}],"replies":[{"embeddable":true,"href":"https:\/\/esreviral.com\/index.php?rest_route=%2Fwp%2Fv2%2Fcomments&post=5763"}],"version-history":[{"count":0,"href":"https:\/\/esreviral.com\/index.php?rest_route=\/wp\/v2\/posts\/5763\/revisions"}],"wp:featuredmedia":[{"embeddable":true,"href":"https:\/\/esreviral.com\/index.php?rest_route=\/"}],"wp:attachment":[{"href":"https:\/\/esreviral.com\/index.php?rest_route=%2Fwp%2Fv2%2Fmedia&parent=5763"}],"wp:term":[{"taxonomy":"category","embeddable":true,"href":"https:\/\/esreviral.com\/index.php?rest_route=%2Fwp%2Fv2%2Fcategories&post=5763"},{"taxonomy":"post_tag","embeddable":true,"href":"https:\/\/esreviral.com\/index.php?rest_route=%2Fwp%2Fv2%2Ftags&post=5763"}],"curies":[{"name":"wp","href":"https:\/\/api.w.org\/{rel}","templated":true}]}}