{"id":57402,"date":"2024-07-22T08:06:29","date_gmt":"2024-07-22T13:06:29","guid":{"rendered":"https:\/\/esreviral.com\/?p=57402"},"modified":"2024-07-22T08:09:57","modified_gmt":"2024-07-22T13:09:57","slug":"caos-total-la-ciudad-amanece-bajo-toneladas-de-basura-tras-un-conflicto-desastroso","status":"publish","type":"post","link":"https:\/\/esreviral.com\/?p=57402","title":{"rendered":"Caos total: \u00a1La impactante raz\u00f3n por la cual la ciudad amaneci\u00f3 bajo toneladas de basura!"},"content":{"rendered":"\n<p>La <strong>Ciudad de Buenos Aires<\/strong> amaneci\u00f3 con <strong>contenedores de basura<\/strong> <strong>desbordados de desperdicios <\/strong>en varios barrios debido a que los barrenderos, encuadrados gremialmente en el<strong> sindicato de Camioneros que conducen Hugo y Pablo Moyano<\/strong>, se encuentran trabajando a reglamento por un conflicto que estar\u00eda relacionado con la licitaci\u00f3n del sistema de gr\u00faas de acarreo de veh\u00edculos en infracci\u00f3n.<\/p>\n\n\n\n<p>Desde el sindicato informaron la situaci\u00f3n a trav\u00e9s de un comunicado. \u201c<strong><em>El Sindicato de Camioneros se encuentra en estado de alerta, movilizaci\u00f3n y trabajo a reglamento en la Rama de Recolecci\u00f3n y Barrido, se analizan tambi\u00e9n otras medidas en defensa de la dignidad y los derechos de las y los trabajadores<\/em><\/strong>\u201d,se\u00f1alaron en ese escrito.<\/p>\n\n\n\n<p>El origen del conflicto se encuentra en un intento del Gobierno que encabeza <strong>Jorge Macri <\/strong>de querer incorporar a unos 300 choferes de gr\u00faas -que hoy se encuadran gremialmente en Camioneros- a la planta de trabajadores de la Ciudad.<\/p>\n\n\n\n<p class=\"has-text-align-center\"><img fetchpriority=\"high\" decoding=\"async\" width=\"720\" height=\"480\" src=\"https:\/\/www.clarin.com\/img\/2024\/07\/22\/5DClAKoVr_720x0__1.jpg\" alt=\"Los barrenderos porte\u00f1os trabajan a reglamento en la Ciudad. Foto: Luciano Thieberger.\"><\/p>\n\n\n\n<p>\u00abEs raro, porque en recolecci\u00f3n no tenemos ning\u00fan problema con el gremio. Con lo cual, todo lo que se recolecte mal, estamos multando a las empresas. Pero si tenemos una discusi\u00f3n en una preadjudicaci\u00f3n en una licitaci\u00f3n de acarreo. Que no tiene nada que ver con esto\u00bb, declar\u00f3 esta ma\u00f1ana Jorge Macri en una entrevista con radio&nbsp;<em>La Red<\/em>.<\/p>\n\n\n\n<p>\u00abEntonces parece que Camioneros tiene esta l\u00f3gica que es \u2018te aprieto donde crees que m\u00e1s duele\u2019. A mi, si me van a querer llevar de prepo, va a ser dif\u00edcil. Yo tengo experiencia, tengo firmeza\u00bb, agreg\u00f3 el jefe de Gobierno porte\u00f1o, denunciando de alguna manera un \u00abapriete\u00bb por parte de los Moyano para que no se caiga una licitaci\u00f3n multimillonaria por el sistema de acarreo que ya est\u00e1 preadjudicada.<\/p>\n\n\n\n<p>Macri estaba haciendo referencia al proceso de licitaci\u00f3n del sistema de acarreo de veh\u00edculos en infracci\u00f3n de la ciudad, que comenz\u00f3 hace un a\u00f1o y ocho meses. Aunque la preadjudicaci\u00f3n ya tiene dictamen, e involucra un negocio de 57 mil millones de pesos por diez a\u00f1os, el proceso no exhibe avances desde diciembre y por ahora todo parece indicar que habr\u00e1 m\u00e1s demoras.<\/p>\n\n\n\n<p class=\"has-text-align-center\"><img decoding=\"async\" width=\"720\" height=\"480\" src=\"https:\/\/www.clarin.com\/img\/2024\/07\/22\/rjFiswrvr_720x0__1.jpg\" alt=\"La ciudad amaneci\u00f3 con m\u00e1s basura que lo habitual. Foto: Luciano Thieberger. \"><\/p>\n\n\n\n<p>\u00abMe llama la atenci\u00f3n porque al gremio le dijimos que si bien esa preadjudicaci\u00f3n, licitaci\u00f3n, de gruas de acarreo que hubo hay que revisarla porque es medio escandalosa, les dijimos que les garantiz\u00e1bamos el trabajo a los 350 camioneros. Porque si manten\u00edamos las gruas, las \u00edbamos a operar nosotros. Entonces no entiendo qu\u00e9 defienden. \u00bfDefienden a las empresas?\u00bb, dijo con tono ir\u00f3nico Macri esta ma\u00f1ana.<\/p>\n\n\n\n<p>\u00abNosotros le dimos garant\u00eda de estabilidad a los trabajadores. Entonces \u00bfqu\u00e9 hay atr\u00e1s? Es para pregunt\u00e1rselo\u00bb, concluy\u00f3.<\/p>\n\n\n\n<p class=\"has-text-align-center\"><strong><a href=\"https:\/\/chat.whatsapp.com\/KWkTmakY3I05kNdd2oZl6d\">\u00daNETE A NUESTRO GRUPO DE WHATSAPP PARA ESTAR INFORMADO<\/a><\/strong><\/p>\n\n\n\n<p class=\"has-text-align-right\"><strong><em>Clarin.-<\/em><\/strong><\/p>\n","protected":false},"excerpt":{"rendered":"<p>a rama Recolecci\u00f3n y Barrido del Sindicato de Camioneros trabaja a reglamento a partir de un conflicto que involucra tambi\u00e9n al sistema de gr\u00faas de acarreo.<\/p>\n","protected":false},"author":3,"featured_media":57403,"comment_status":"open","ping_status":"open","sticky":false,"template":"","format":"standard","meta":{"jnews-multi-image_gallery":[],"jnews_single_post":{"subtitle":"","format":"standard","video":"","gallery":"","source_name":"","source_url":"","via_name":"","via_url":"","override_template":"0","override":[{"template":"4","single_blog_custom":"","parallax":"1","fullscreen":"1","layout":"right-sidebar","sidebar":"new-widget-area","second_sidebar":"default-sidebar","sticky_sidebar":"1","share_position":"top","share_float_style":"share-monocrhome","show_share_counter":"1","show_view_counter":"1","show_featured":"1","show_post_meta":"1","show_post_author":"1","show_post_author_image":"1","show_post_date":"1","post_date_format":"default","post_date_format_custom":"Y\/m\/d","show_post_category":"1","show_post_reading_time":"1","post_reading_time_wpm":"300","show_zoom_button":"1","zoom_button_out_step":"2","zoom_button_in_step":"3","show_post_tag":"1","show_prev_next_post":"1","show_popup_post":"1","number_popup_post":"1","show_author_box":"1","show_post_related":"1","show_inline_post_related":"0"}],"override_image_size":"0","image_override":[{"single_post_thumbnail_size":"crop-500","single_post_gallery_size":"crop-500"}],"trending_post":"0","trending_post_position":"meta","trending_post_label":"Trending","sponsored_post":"0","sponsored_post_label":"Sponsored by","sponsored_post_name":"","sponsored_post_url":"","sponsored_post_logo_enable":"0","sponsored_post_logo":"","sponsored_post_desc":"","disable_ad":"0"},"jnews_primary_category":{"id":"","hide":""},"jnews_social_meta":{"fb_title":"","fb_description":"","fb_image":"","twitter_title":"","twitter_description":"","twitter_image":""},"jnews_review":[],"enable_review":"0","type":"percentage","name":"","summary":"","brand":"","sku":"","good":[{"good_text":""}],"bad":[{"bad_text":""}],"score_override":"","override_value":"","rating":[{"rating_text":"","rating_number":"10"}],"price":[{"shop":"","price":"","link":"","icon":""}],"jnews_override_counter":{"override_view_counter":"0","view_counter_number":"0","override_share_counter":"0","share_counter_number":"0","override_like_counter":"0","like_counter_number":"0","override_dislike_counter":"0","dislike_counter_number":"0"},"jnews_post_split":{"enable_post_split":"0","post_split":[{"template":"1","tag":"h2","numbering":"asc","mode":"normal","first":"0","enable_toc":"0","toc_type":"normal"}]},"footnotes":""},"categories":[58],"tags":[44,7453,894,16950,16951,16948,1327,45,16949],"class_list":["post-57402","post","type-post","status-publish","format-standard","has-post-thumbnail","hentry","category-argentina","tag-argentina","tag-basura","tag-ciudad-de-buenos-aires","tag-contenedores-de-basura","tag-desperdicios","tag-gremio-de-camioneros","tag-jorge-macri","tag-noticias","tag-s-ultimas-noticias"],"amp_enabled":true,"_links":{"self":[{"href":"https:\/\/esreviral.com\/index.php?rest_route=\/wp\/v2\/posts\/57402"}],"collection":[{"href":"https:\/\/esreviral.com\/index.php?rest_route=\/wp\/v2\/posts"}],"about":[{"href":"https:\/\/esreviral.com\/index.php?rest_route=\/wp\/v2\/types\/post"}],"author":[{"embeddable":true,"href":"https:\/\/esreviral.com\/index.php?rest_route=\/wp\/v2\/users\/3"}],"replies":[{"embeddable":true,"href":"https:\/\/esreviral.com\/index.php?rest_route=%2Fwp%2Fv2%2Fcomments&post=57402"}],"version-history":[{"count":0,"href":"https:\/\/esreviral.com\/index.php?rest_route=\/wp\/v2\/posts\/57402\/revisions"}],"wp:featuredmedia":[{"embeddable":true,"href":"https:\/\/esreviral.com\/index.php?rest_route=\/wp\/v2\/media\/57403"}],"wp:attachment":[{"href":"https:\/\/esreviral.com\/index.php?rest_route=%2Fwp%2Fv2%2Fmedia&parent=57402"}],"wp:term":[{"taxonomy":"category","embeddable":true,"href":"https:\/\/esreviral.com\/index.php?rest_route=%2Fwp%2Fv2%2Fcategories&post=57402"},{"taxonomy":"post_tag","embeddable":true,"href":"https:\/\/esreviral.com\/index.php?rest_route=%2Fwp%2Fv2%2Ftags&post=57402"}],"curies":[{"name":"wp","href":"https:\/\/api.w.org\/{rel}","templated":true}]}}