{"id":5736,"date":"2021-04-15T18:28:33","date_gmt":"2021-04-15T21:28:33","guid":{"rendered":"http:\/\/esreviral.com\/?p=5736"},"modified":"2021-04-15T18:28:33","modified_gmt":"2021-04-15T21:28:33","slug":"ninos-protestan-frente-a-la-residencia-presidencial-para-rechazar-la-suspension-de-clases","status":"publish","type":"post","link":"https:\/\/esreviral.com\/?p=5736","title":{"rendered":"Ni\u00f1os protestan frente a la residencia presidencial para rechazar la suspensi\u00f3n de clases"},"content":{"rendered":"\n<p>Un grupo de padres y representantes junto a sus hijos protestaron este jueves en la tarde en frente de la Quinta de Olivos, residencia oficial de los presidentes argentinos, para rechazar el decreto que proh\u00edbe por 15 d\u00edas las clases presenciales. <\/p>\n\n\n\n<p>\u00abNo queremos zoom\u00bb, son algunos de los gritos que hacen junto a cacerolas para protestar. <br><\/p>\n\n\n\n<figure class=\"wp-block-gallery columns-1 is-cropped wp-block-gallery-1 is-layout-flex wp-block-gallery-is-layout-flex\"><ul class=\"blocks-gallery-grid\"><li class=\"blocks-gallery-item\"><figure><img decoding=\"async\" src=\"http:\/\/esreviral.com\/wp-content\/uploads\/2021\/04\/354A4856-B62A-4A3E-9DDD-176F23932E84-1024x576.jpeg\" alt=\"\" data-id=\"5739\" data-full-url=\"http:\/\/esreviral.com\/wp-content\/uploads\/2021\/04\/354A4856-B62A-4A3E-9DDD-176F23932E84.jpeg\" data-link=\"http:\/\/esreviral.com\/2021\/04\/15\/ninos-protestan-frente-a-la-residencia-presidencial-para-rechazar-la-suspension-de-clases\/354a4856-b62a-4a3e-9ddd-176f23932e84\/\" class=\"wp-image-5739\"\/><\/figure><\/li><\/ul><\/figure>\n\n\n\n<p>Fuertes im\u00e1genes se observaron en el lugar. \u00abFue una decisi\u00f3n que no fue consultada, porque cuatro horas antes, los ministros de la provincia junto al de la Naci\u00f3n, acordamos mantener la postura que las escuelas era lo \u00faltimo que se cerrar\u00eda y lo primero que se abrir\u00eda\u00bb, explic\u00f3 la ministra de educaci\u00f3n de CABA, Soledad Acu\u00f1a. <\/p>\n\n\n\n<figure class=\"wp-block-embed-twitter wp-block-embed is-type-rich is-provider-twitter\"><div class=\"wp-block-embed__wrapper\">\nhttps:\/\/twitter.com\/esreviral\/status\/1382807365716738059?s=08\n<\/div><\/figure>\n\n\n\n<figure class=\"wp-block-gallery columns-1 is-cropped wp-block-gallery-2 is-layout-flex wp-block-gallery-is-layout-flex\"><ul class=\"blocks-gallery-grid\"><li class=\"blocks-gallery-item\"><figure><img decoding=\"async\" src=\"http:\/\/esreviral.com\/wp-content\/uploads\/2021\/04\/E2A95EA5-9A5B-423A-8407-ADAB13BCD120-1024x576.jpeg\" alt=\"\" data-id=\"5740\" data-full-url=\"http:\/\/esreviral.com\/wp-content\/uploads\/2021\/04\/E2A95EA5-9A5B-423A-8407-ADAB13BCD120.jpeg\" data-link=\"http:\/\/esreviral.com\/2021\/04\/15\/ninos-protestan-frente-a-la-residencia-presidencial-para-rechazar-la-suspension-de-clases\/e2a95ea5-9a5b-423a-8407-adab13bcd120\/\" class=\"wp-image-5740\"\/><\/figure><\/li><\/ul><\/figure>\n","protected":false},"excerpt":{"rendered":"<p>Exigen que deroguen el decreto que proh\u00edbe las clases presenciales por 15 d\u00edas<\/p>\n","protected":false},"author":2,"featured_media":5737,"comment_status":"open","ping_status":"open","sticky":false,"template":"","format":"standard","meta":{"jnews-multi-image_gallery":[],"jnews_single_post":[],"jnews_primary_category":[],"jnews_social_meta":[],"jnews_review":[],"enable_review":"","type":"","name":"","summary":"","brand":"","sku":"","good":[],"bad":[],"score_override":"","override_value":"","rating":[],"price":[],"jnews_override_counter":[],"jnews_post_split":[],"footnotes":""},"categories":[58],"tags":[45,126],"class_list":["post-5736","post","type-post","status-publish","format-standard","has-post-thumbnail","hentry","category-argentina","tag-noticias","tag-protesta"],"_links":{"self":[{"href":"https:\/\/esreviral.com\/index.php?rest_route=\/wp\/v2\/posts\/5736","targetHints":{"allow":["GET"]}}],"collection":[{"href":"https:\/\/esreviral.com\/index.php?rest_route=\/wp\/v2\/posts"}],"about":[{"href":"https:\/\/esreviral.com\/index.php?rest_route=\/wp\/v2\/types\/post"}],"author":[{"embeddable":true,"href":"https:\/\/esreviral.com\/index.php?rest_route=\/wp\/v2\/users\/2"}],"replies":[{"embeddable":true,"href":"https:\/\/esreviral.com\/index.php?rest_route=%2Fwp%2Fv2%2Fcomments&post=5736"}],"version-history":[{"count":0,"href":"https:\/\/esreviral.com\/index.php?rest_route=\/wp\/v2\/posts\/5736\/revisions"}],"wp:featuredmedia":[{"embeddable":true,"href":"https:\/\/esreviral.com\/index.php?rest_route=\/"}],"wp:attachment":[{"href":"https:\/\/esreviral.com\/index.php?rest_route=%2Fwp%2Fv2%2Fmedia&parent=5736"}],"wp:term":[{"taxonomy":"category","embeddable":true,"href":"https:\/\/esreviral.com\/index.php?rest_route=%2Fwp%2Fv2%2Fcategories&post=5736"},{"taxonomy":"post_tag","embeddable":true,"href":"https:\/\/esreviral.com\/index.php?rest_route=%2Fwp%2Fv2%2Ftags&post=5736"}],"curies":[{"name":"wp","href":"https:\/\/api.w.org\/{rel}","templated":true}]}}