{"id":56698,"date":"2024-07-08T10:26:47","date_gmt":"2024-07-08T15:26:47","guid":{"rendered":"https:\/\/esreviral.com\/?p=56698"},"modified":"2024-07-08T10:26:48","modified_gmt":"2024-07-08T15:26:48","slug":"ola-polar-que-zonas-de-argentina-se-encuentran-en-alerta-roja-por-el-frio-extremo","status":"publish","type":"post","link":"https:\/\/esreviral.com\/?p=56698","title":{"rendered":"Ola polar: Qu\u00e9 zonas de Argentina se encuentran en alerta roja por el fr\u00edo extremo"},"content":{"rendered":"\n<p>El\u00a0<strong>Servicio Meteorol\u00f3gico Nacional<\/strong>\u00a0emiti\u00f3 una\u00a0<strong>alerta por fr\u00edo extremo<\/strong>\u00a0en diferentes zonas de la Argentina para hoy, lunes 8 de julio.<\/p>\n\n\n\n<p>El aviso del SMN abarca el \u00c1rea Metropolitana de Buenos Aires (AMBA), la provincia de Buenos Aires, Entre R\u00edos, Corrientes, Misiones, Formosa, Santiago del Estero, Santa Fe, Jujuy, Salta, Tucum\u00e1n, Catamarca, La Rioja, San Juan Mendoza, San Luis, C\u00f3rdoba, Mendoza, La Pampa, Neuqu\u00e9n, R\u00edo Negro y Chubut.<\/p>\n\n\n\n<p>En zonas centrales de la\u00a0<strong>provincia de<\/strong>\u00a0<strong>Buenos Aires<\/strong>,\u00a0<strong>San Luis<\/strong>\u00a0y\u00a0<strong>La Pampa<\/strong>\u00a0est\u00e1 vigente una\u00a0<strong>alerta roja<\/strong>\u00a0por fr\u00edo extremo, donde se deben tomar a\u00fan m\u00e1s recaudos para la poblaci\u00f3n, con temperaturas que pueden estar debajo de los 0\u00b0 C.<\/p>\n\n\n\n<figure class=\"wp-block-image size-large\"><img decoding=\"async\" src=\"https:\/\/tn.com.ar\/resizer\/v2\/alerta-roja-por-frio-extremo-en-buenos-aires-y-varias-provincias-son-las-zonas-afectadas-foto-servicio-meteorologico-nacional-smn-T65H762U25BWJCNOFDW33M2HYA.png?auth=f69db43abe1454c82fab9b3940d9401cde8dfcb4209b88fb8f07b3098c188c4a&amp;width=1440\" alt=\"\"\/><\/figure>\n\n\n\n<p><\/p>\n\n\n\n<p><strong><mark style=\"background-color:rgba(0, 0, 0, 0)\" class=\"has-inline-color has-vivid-red-color\">Cu\u00e1les son las recomendaciones en una alerta por fr\u00edo extremo<\/mark><\/strong><\/p>\n\n\n\n<ul class=\"wp-block-list\">\n<li><strong>Evitar exponerse por tiempo prolongado al fr\u00edo en exteriores.&nbsp;<\/strong>De salir, abrigarse con muchas capas de ropa liviana.<\/li>\n\n\n\n<li><strong>Generar m\u00e1s calor corporal mediante el movimiento&nbsp;<\/strong>(caminar, levantarse y sentarse, mover las extremidades, etc.).<\/li>\n\n\n\n<li><strong>Mantener la casa calefaccionada&nbsp;<\/strong>de forma segura.<\/li>\n\n\n\n<li><strong>Evitar los cambios bruscos de temperatura<\/strong>, ya que pueden provocar enfermedades del sistema respiratorio.<\/li>\n\n\n\n<li>Tomar mucho<strong>&nbsp;l\u00edquido&nbsp;<\/strong>y&nbsp;<strong>evitar el consumo de bebidas alcoh\u00f3licas<\/strong>.<\/li>\n\n\n\n<li><strong>En caso de verse afectado por el fr\u00edo, no automedicarse<\/strong>, consultar con un m\u00e9dico o dirigirse al centro de salud m\u00e1s cercano.<\/li>\n\n\n\n<li><strong>No fumar en ambientes cerrados.<\/strong><\/li>\n\n\n\n<li><strong>Prestar especial atenci\u00f3n a los ni\u00f1os y ni\u00f1as, a las personas mayores y aquellas con enfermedades cr\u00f3nicas.<\/strong><\/li>\n<\/ul>\n\n\n\n<p><strong><mark style=\"background-color:rgba(0, 0, 0, 0)\" class=\"has-inline-color has-vivid-red-color\">Qu\u00e9 es una alerta por temperaturas extremas<\/mark><\/strong><\/p>\n\n\n\n<p>Un evento de temperaturas extremas es un per\u00edodo en el que se espera que se registren\u00a0<strong>valores de temperatura m\u00e1xima y m\u00ednima que pueden poner en peligro la salud de las personas.<\/strong>\u00a0Luego de realizar una serie de estudios interdisciplinarios en la Argentina, se encontr\u00f3 que hab\u00eda ciertos valores umbrales de temperaturas a partir de los cuales aumentaba la morbilidad y la mortalidad de las personas, seg\u00fan explica el Servicio Meteorol\u00f3gico Nacional.<\/p>\n\n\n\n<p class=\"has-text-align-center\"><strong><a href=\"https:\/\/chat.whatsapp.com\/KWkTmakY3I05kNdd2oZl6d\">\u00daNETE A NUESTRO GRUPO DE WHATSAPP PARA ESTAR INFORMADO<\/a><\/strong><\/p>\n\n\n\n<p class=\"has-text-align-right\"><strong><em>TN.-<\/em><\/strong><\/p>\n","protected":false},"excerpt":{"rendered":"<p>Conoc\u00e9 las previsiones de los meteor\u00f3logos del Servicio Meteorol\u00f3gico Nacional para este 8 de julio.<\/p>\n","protected":false},"author":3,"featured_media":56699,"comment_status":"open","ping_status":"open","sticky":false,"template":"","format":"standard","meta":{"jnews-multi-image_gallery":[],"jnews_single_post":{"subtitle":"","format":"standard","video":"","gallery":"","source_name":"","source_url":"","via_name":"","via_url":"","override_template":"0","override":[{"template":"4","single_blog_custom":"","parallax":"1","fullscreen":"1","layout":"right-sidebar","sidebar":"default-sidebar","second_sidebar":"default-sidebar","sticky_sidebar":"1","share_position":"top","share_float_style":"share-monocrhome","show_share_counter":"1","show_view_counter":"1","show_featured":"1","show_post_meta":"1","show_post_author":"1","show_post_author_image":"1","show_post_date":"1","post_date_format":"default","post_date_format_custom":"Y\/m\/d","show_post_category":"1","show_post_reading_time":"1","post_reading_time_wpm":"300","show_zoom_button":"1","zoom_button_out_step":"2","zoom_button_in_step":"3","show_post_tag":"1","show_prev_next_post":"1","show_popup_post":"1","number_popup_post":"1","show_author_box":"1","show_post_related":"1","show_inline_post_related":"0"}],"override_image_size":"0","image_override":[{"single_post_thumbnail_size":"crop-500","single_post_gallery_size":"crop-500"}],"trending_post":"0","trending_post_position":"meta","trending_post_label":"Trending","sponsored_post":"0","sponsored_post_label":"Sponsored by","sponsored_post_name":"","sponsored_post_url":"","sponsored_post_logo_enable":"0","sponsored_post_logo":"","sponsored_post_desc":"","disable_ad":"0"},"jnews_primary_category":{"id":"","hide":""},"jnews_social_meta":{"fb_title":"","fb_description":"","fb_image":"","twitter_title":"","twitter_description":"","twitter_image":""},"jnews_review":[],"enable_review":"0","type":"percentage","name":"","summary":"","brand":"","sku":"","good":[{"good_text":""}],"bad":[{"bad_text":""}],"score_override":"","override_value":"","rating":[{"rating_text":"","rating_number":"10"}],"price":[{"shop":"","price":"","link":"","icon":""}],"jnews_override_counter":{"override_view_counter":"0","view_counter_number":"0","override_share_counter":"0","share_counter_number":"0","override_like_counter":"0","like_counter_number":"0","override_dislike_counter":"0","dislike_counter_number":"0"},"jnews_post_split":{"enable_post_split":"0","post_split":[{"template":"1","tag":"h2","numbering":"asc","mode":"normal","first":"0","enable_toc":"0","toc_type":"normal"}]},"footnotes":""},"categories":[43,58],"tags":[3311,44,1016,5925,45,15587,5555,2514],"class_list":["post-56698","post","type-post","status-publish","format-standard","has-post-thumbnail","hentry","category-actualidad","category-argentina","tag-alerta-roja","tag-argentina","tag-clima","tag-frio-extremo","tag-noticias","tag-ola-polar","tag-servicio-meteorologico-nacional-2","tag-smn"],"amp_enabled":true,"_links":{"self":[{"href":"https:\/\/esreviral.com\/index.php?rest_route=\/wp\/v2\/posts\/56698"}],"collection":[{"href":"https:\/\/esreviral.com\/index.php?rest_route=\/wp\/v2\/posts"}],"about":[{"href":"https:\/\/esreviral.com\/index.php?rest_route=\/wp\/v2\/types\/post"}],"author":[{"embeddable":true,"href":"https:\/\/esreviral.com\/index.php?rest_route=\/wp\/v2\/users\/3"}],"replies":[{"embeddable":true,"href":"https:\/\/esreviral.com\/index.php?rest_route=%2Fwp%2Fv2%2Fcomments&post=56698"}],"version-history":[{"count":0,"href":"https:\/\/esreviral.com\/index.php?rest_route=\/wp\/v2\/posts\/56698\/revisions"}],"wp:featuredmedia":[{"embeddable":true,"href":"https:\/\/esreviral.com\/index.php?rest_route=\/wp\/v2\/media\/56699"}],"wp:attachment":[{"href":"https:\/\/esreviral.com\/index.php?rest_route=%2Fwp%2Fv2%2Fmedia&parent=56698"}],"wp:term":[{"taxonomy":"category","embeddable":true,"href":"https:\/\/esreviral.com\/index.php?rest_route=%2Fwp%2Fv2%2Fcategories&post=56698"},{"taxonomy":"post_tag","embeddable":true,"href":"https:\/\/esreviral.com\/index.php?rest_route=%2Fwp%2Fv2%2Ftags&post=56698"}],"curies":[{"name":"wp","href":"https:\/\/api.w.org\/{rel}","templated":true}]}}