{"id":56688,"date":"2024-07-08T11:10:38","date_gmt":"2024-07-08T16:10:38","guid":{"rendered":"https:\/\/esreviral.com\/?p=56688"},"modified":"2024-07-08T11:10:38","modified_gmt":"2024-07-08T16:10:38","slug":"desfile-militar-asi-se-vera-afectado-el-transito-por-cortes-de-calles","status":"publish","type":"post","link":"https:\/\/esreviral.com\/?p=56688","title":{"rendered":"Desfile militar. As\u00ed se ver\u00e1 afectado el tr\u00e1nsito por cortes de calles"},"content":{"rendered":"\n<p>Ma\u00f1ana se realizar\u00e1 el desfile militar para festejar la Independencia argentina. Se desplazar\u00e1 por avenida Del Libertador hasta llegar a Olleros. As\u00ed estar\u00e1 afectado el tr\u00e1nsito:<\/p>\n\n\n\n<p class=\"has-text-align-center\"><strong><em><a href=\"https:\/\/esreviral.com\/feriado-del-9-de-julio-enterate-de-como-funcionaran-los-servicios\/\" data-type=\"link\" data-id=\"https:\/\/esreviral.com\/feriado-del-9-de-julio-enterate-de-como-funcionaran-los-servicios\/\">Lea Tami\u00e9n: Feriado del 9 de julio. Ent\u00e9rate de c\u00f3mo funcionar\u00e1n los servicios&nbsp;<\/a><\/em><\/strong><\/p>\n\n\n\n<figure class=\"wp-block-image size-large\"><img decoding=\"async\" src=\"https:\/\/buenosaires.gob.ar\/sites\/default\/files\/inline-images\/WhatsApp%20Image%202024-07-08%20at%2008.42.51.jpeg\" alt=\"\"\/><\/figure>\n\n\n\n<p>De&nbsp;<strong>5 a 15<\/strong>&nbsp;habr\u00e1 circulaci\u00f3n restringida en el per\u00edmetro comprendido entre:<\/p>\n\n\n\n<p>&nbsp;\u25cf Austria.<br>&nbsp;\u25cf Av. Pres. Figueroa Alcorta.<br>&nbsp;\u25cf San Mart\u00edn.<br>&nbsp;\u25cf Av. Del Libertador.<br>&nbsp;\u25cf Juncal.<br>&nbsp;\u25cf Av. Gral. Las Heras.<\/p>\n\n\n\n<p>De&nbsp;<strong>7 a 15<\/strong>&nbsp;circulaci\u00f3n restringida en el per\u00edmetro comprendido entre:<\/p>\n\n\n\n<p>&nbsp;\u25cf Austria.<br>&nbsp;\u25cf Av. Pres. Figueroa Alcorta.<br>&nbsp;\u25cf Av. Dorrego.<br>&nbsp;\u25cf Av. Del Libertador.<br>&nbsp;\u25cf Av. Olleros.<br>&nbsp;\u25cf Migueletes.<br>&nbsp;\u25cf Ortega y Gasset.<br>&nbsp;\u25cf Arce.<br>&nbsp;\u25cf Andr\u00e9s Arguibel.<br>&nbsp;\u25cf B\u00e1ez.<br>&nbsp;\u25cf Clay.<br>&nbsp;\u25cf Av. Luis Mar\u00eda Campos.<br>&nbsp;\u25cf Av. Santa Fe.<br>&nbsp;\u25cf Av. Las Heras.<\/p>\n\n\n\n<p>De&nbsp;<strong>7 a 10<\/strong>, circulaci\u00f3n restringida en el per\u00edmetro comprendido entre:<\/p>\n\n\n\n<p>&nbsp;\u25cf San Mart\u00edn.<br>&nbsp;\u25cf Av. Eduardo Madero\/av. Ing. Huergo.<br>&nbsp;\u25cf Av. Belgrano.<br>&nbsp;\u25cf Piedras.<br>&nbsp;\u25cf Tte. Gral. Juan Domingo Per\u00f3n.<br>&nbsp;\u25cf 25 de Mayo.<br>&nbsp;\u25cf Av. C\u00f3rdoba.<br>&nbsp;\u25cf Reconquista.<\/p>\n\n\n\n<p>Cierres en la autopista Illia:<\/p>\n\n\n\n<p>&nbsp;\u25cf Bajada AU. Illia hacia Av. Del Libertador. De 5 a 15 horas. Se desv\u00eda el tr\u00e1nsito hacia la Av. 9 de julio<br>&nbsp;\u25cf Bajada AU. Illia a Sarmiento. De 5 a 14:30.<br>&nbsp;\u25cf Bajada AU. Illia hacia Dorrego. De 5 a 14:30.<br>&nbsp;\u25cf Bajada AU. Illia hacia Sarmiento (retome hacia el Planetario). De 5 a 14:30.<br>&nbsp;\u25cf Por Salguero: subida obligatoria a AU. Illia. O retome por Costanera\/Aeroparque<br>&nbsp;\u25cf Por bajada Sarmiento: solo salida a Aeroparque.<\/p>\n\n\n\n<p>El Metrobus 9 de Julio estar\u00e1 habilitado en todo momento.<\/p>\n\n\n\n<p class=\"has-text-align-center\"><strong><a href=\"https:\/\/chat.whatsapp.com\/KWkTmakY3I05kNdd2oZl6d\">\u00daNETE A NUESTRO GRUPO DE WHATSAPP PARA ESTAR INFORMADO<\/a><\/strong><\/p>\n\n\n\n<p class=\"has-text-align-right\"><strong><em>Prensa GCBA.-<\/em><\/strong><\/p>\n","protected":false},"excerpt":{"rendered":"<p>Ma\u00f1ana se realizar\u00e1 el desfile militar para festejar la Independencia argentina. Se desplazar\u00e1 por avenida Del Libertador hasta llegar a Olleros.<\/p>\n","protected":false},"author":3,"featured_media":56691,"comment_status":"open","ping_status":"open","sticky":false,"template":"","format":"standard","meta":{"jnews-multi-image_gallery":[],"jnews_single_post":{"subtitle":"","format":"standard","video":"","gallery":"","source_name":"","source_url":"","via_name":"","via_url":"","override_template":"0","override":[{"template":"4","single_blog_custom":"","parallax":"1","fullscreen":"1","layout":"right-sidebar","sidebar":"default-sidebar","second_sidebar":"default-sidebar","sticky_sidebar":"1","share_position":"top","share_float_style":"share-monocrhome","show_share_counter":"1","show_view_counter":"1","show_featured":"1","show_post_meta":"1","show_post_author":"1","show_post_author_image":"1","show_post_date":"1","post_date_format":"default","post_date_format_custom":"Y\/m\/d","show_post_category":"1","show_post_reading_time":"1","post_reading_time_wpm":"300","show_zoom_button":"1","zoom_button_out_step":"2","zoom_button_in_step":"3","show_post_tag":"1","show_prev_next_post":"1","show_popup_post":"1","number_popup_post":"1","show_author_box":"1","show_post_related":"1","show_inline_post_related":"0"}],"override_image_size":"0","image_override":[{"single_post_thumbnail_size":"crop-500","single_post_gallery_size":"crop-500"}],"trending_post":"0","trending_post_position":"meta","trending_post_label":"Trending","sponsored_post":"0","sponsored_post_label":"Sponsored by","sponsored_post_name":"","sponsored_post_url":"","sponsored_post_logo_enable":"0","sponsored_post_logo":"","sponsored_post_desc":"","disable_ad":"0"},"jnews_primary_category":{"id":"","hide":""},"jnews_social_meta":{"fb_title":"","fb_description":"","fb_image":"","twitter_title":"","twitter_description":"","twitter_image":""},"jnews_review":[],"enable_review":"0","type":"percentage","name":"","summary":"","brand":"","sku":"","good":[{"good_text":""}],"bad":[{"bad_text":""}],"score_override":"","override_value":"","rating":[{"rating_text":"","rating_number":"10"}],"price":[{"shop":"","price":"","link":"","icon":""}],"jnews_override_counter":{"override_view_counter":"0","view_counter_number":"0","override_share_counter":"0","share_counter_number":"0","override_like_counter":"0","like_counter_number":"0","override_dislike_counter":"0","dislike_counter_number":"0"},"jnews_post_split":{"enable_post_split":"0","post_split":[{"template":"1","tag":"h2","numbering":"asc","mode":"normal","first":"0","enable_toc":"0","toc_type":"normal"}]},"footnotes":""},"categories":[58],"tags":[44,16502,16501,16503,16504,45,1746],"class_list":["post-56688","post","type-post","status-publish","format-standard","has-post-thumbnail","hentry","category-argentina","tag-argentina","tag-cortes-de-transito-2","tag-desfile-militar","tag-dia-de-la-independencia-3","tag-movilidad","tag-noticias","tag-transito-2"],"amp_enabled":true,"_links":{"self":[{"href":"https:\/\/esreviral.com\/index.php?rest_route=\/wp\/v2\/posts\/56688"}],"collection":[{"href":"https:\/\/esreviral.com\/index.php?rest_route=\/wp\/v2\/posts"}],"about":[{"href":"https:\/\/esreviral.com\/index.php?rest_route=\/wp\/v2\/types\/post"}],"author":[{"embeddable":true,"href":"https:\/\/esreviral.com\/index.php?rest_route=\/wp\/v2\/users\/3"}],"replies":[{"embeddable":true,"href":"https:\/\/esreviral.com\/index.php?rest_route=%2Fwp%2Fv2%2Fcomments&post=56688"}],"version-history":[{"count":0,"href":"https:\/\/esreviral.com\/index.php?rest_route=\/wp\/v2\/posts\/56688\/revisions"}],"wp:featuredmedia":[{"embeddable":true,"href":"https:\/\/esreviral.com\/index.php?rest_route=\/wp\/v2\/media\/56691"}],"wp:attachment":[{"href":"https:\/\/esreviral.com\/index.php?rest_route=%2Fwp%2Fv2%2Fmedia&parent=56688"}],"wp:term":[{"taxonomy":"category","embeddable":true,"href":"https:\/\/esreviral.com\/index.php?rest_route=%2Fwp%2Fv2%2Fcategories&post=56688"},{"taxonomy":"post_tag","embeddable":true,"href":"https:\/\/esreviral.com\/index.php?rest_route=%2Fwp%2Fv2%2Ftags&post=56688"}],"curies":[{"name":"wp","href":"https:\/\/api.w.org\/{rel}","templated":true}]}}